{"id":140512,"date":"2025-05-31T01:08:14","date_gmt":"2025-05-31T01:08:14","guid":{"rendered":"https:\/\/www.europesays.com\/fr\/140512\/"},"modified":"2025-05-31T01:08:14","modified_gmt":"2025-05-31T01:08:14","slug":"la-bourse-de-paris-termine-en-recul-actualites","status":"publish","type":"post","link":"https:\/\/www.europesays.com\/fr\/140512\/","title":{"rendered":"La Bourse de Paris termine en recul : Actualit\u00e9s"},"content":{"rendered":"<p class=\"lead \">La Bourse de Paris a fini en baisse vendredi, le regard toujours riv\u00e9 sur la politique commerciale de Donald Trump, apr\u00e8s de nouveaux commentaires de ce dernier contre la Chine.<\/p>\n<p class=\"lead \">Le CAC 40 a perdu 0,36% \u00e0 7.7751,89 points, en recul de 27,83 points. Jeudi, il avait termin\u00e9 en l\u00e9ger recul de 0,11%.<\/p>\n<p class=\"lead \">Sur le mois de mai, l&rsquo;indice vedette parisien prend en revanche 2,08%, port\u00e9, comme l&rsquo;ensemble des places europ\u00e9ennes, par la suspension de la plupart des droits de douane impos\u00e9s d\u00e9but avril par le pr\u00e9sident am\u00e9ricain, en attendant des n\u00e9gociations avec ses partenaires.<\/p>\n<p class=\"lead \">Mais les interrogations restent enti\u00e8res sur l&rsquo;issue de ces discussions.<\/p>\n<p class=\"lead \">Vendredi, le pr\u00e9sident am\u00e9ricain Donald Trump s&rsquo;en est de nouveau pris \u00e0 la Chine sur son r\u00e9seau social Truth, accusant P\u00e9kin de ne pas avoir respect\u00e9 les conditions de l&rsquo;accord de d\u00e9tente n\u00e9goci\u00e9 il y a deux semaines entre les deux pays \u00e0 Gen\u00e8ve pour abaisser leurs droits de douane r\u00e9ciproques.<\/p>\n<p class=\"lead \">\u00ab\u00a0Sans grande surprise, la Chine a totalement viol\u00e9 son accord avec nous\u00a0\u00bb, a d\u00e9nonc\u00e9 M. Trump dans son message, sans pr\u00e9ciser quelles actions men\u00e9es par P\u00e9kin seraient vis\u00e9es. <\/p>\n<p class=\"lead \">Son secr\u00e9taire au Tr\u00e9sor Scott Bessent a estim\u00e9 de son c\u00f4t\u00e9 que les discussions commerciales avec la Chine \u00e9taient \u00ab\u00a0un peu au point mort\u00a0\u00bb.<\/p>\n<p class=\"lead \">Dans ce contexte, \u00ab\u00a0on ne peut pas nier une certaine lassitude des indices boursiers\u00a0\u00bb, explique Andreas Lipkow, analyste ind\u00e9pendant.<\/p>\n<p class=\"lead \">Mais si l&rsquo;incertitude est grande, \u00ab\u00a0les march\u00e9s commencent \u00e0 s&rsquo;habituer \u00e0 ces soubresauts\u00a0\u00bb et \u00ab\u00a0restent positifs quant aux discussions entre l&rsquo;Union Europ\u00e9enne et les \u00c9tats-Unis\u00a0\u00bb, temp\u00e8re Eymane Cherfa, analyste de Myria AM, interrog\u00e9 par l&rsquo;AFP.<\/p>\n<p class=\"lead \">Pour l&rsquo;UE, trouver une solution \u00ab\u00a0reste une priorit\u00e9 absolue\u00a0\u00bb, a soulign\u00e9 vendredi sur X le commissaire europ\u00e9en au Commerce Maros Sefcovic. \u00ab\u00a0Nous restons en contact permanent\u00a0\u00bb avec les \u00c9tats-Unis, a-t-il ajout\u00e9.<\/p>\n<p class=\"lead \">C\u00f4t\u00e9 valeurs, Sanofi a chut\u00e9 de 4,84% \u00e0 87,52 euros, apr\u00e8s avoir annonc\u00e9 l&rsquo;\u00e9chec d&rsquo;une \u00e9tude clinique dans la derni\u00e8re \u00e9tape avant la commercialisation d&rsquo;un traitement contre la bronchite du fumeur.<\/p>\n<p class=\"lead \"><a href=\"https:\/\/www.euronext.com\/fr\/products\/indices\/FR0003500008-XPAR\" target=\"_blank\" rel=\"noopener\">Euronext CAC40<\/a><\/p>\n<p class=\"small font-weight-bold text-gray3 \"> publi\u00e9 le 30 mai \u00e0 18h22, AFP<\/p>\n<p>                             Partager<\/p>\n","protected":false},"excerpt":{"rendered":"La Bourse de Paris a fini en baisse vendredi, le regard toujours riv\u00e9 sur la politique commerciale de&hellip;\n","protected":false},"author":2,"featured_media":140513,"comment_status":"","ping_status":"","sticky":false,"template":"","format":"standard","meta":{"footnotes":""},"categories":[1888],"tags":[1111,1928,11,1927,340,1777,674,1011,27,6205,12,1926,626,1925,25],"class_list":{"0":"post-140512","1":"post","2":"type-post","3":"status-publish","4":"format-standard","5":"has-post-thumbnail","7":"category-paris","8":"tag-actu","9":"tag-actu-paris","10":"tag-actualites","11":"tag-actualites-paris","12":"tag-bourse","13":"tag-eu","14":"tag-europe","15":"tag-fr","16":"tag-france","17":"tag-marchs","18":"tag-news","19":"tag-news-paris","20":"tag-paris","21":"tag-paris-news","22":"tag-republique-francaise"},"share_on_mastodon":{"url":"https:\/\/pubeurope.com\/@fr\/114599775629516981","error":""},"_links":{"self":[{"href":"https:\/\/www.europesays.com\/fr\/wp-json\/wp\/v2\/posts\/140512","targetHints":{"allow":["GET"]}}],"collection":[{"href":"https:\/\/www.europesays.com\/fr\/wp-json\/wp\/v2\/posts"}],"about":[{"href":"https:\/\/www.europesays.com\/fr\/wp-json\/wp\/v2\/types\/post"}],"author":[{"embeddable":true,"href":"https:\/\/www.europesays.com\/fr\/wp-json\/wp\/v2\/users\/2"}],"replies":[{"embeddable":true,"href":"https:\/\/www.europesays.com\/fr\/wp-json\/wp\/v2\/comments?post=140512"}],"version-history":[{"count":0,"href":"https:\/\/www.europesays.com\/fr\/wp-json\/wp\/v2\/posts\/140512\/revisions"}],"wp:featuredmedia":[{"embeddable":true,"href":"https:\/\/www.europesays.com\/fr\/wp-json\/wp\/v2\/media\/140513"}],"wp:attachment":[{"href":"https:\/\/www.europesays.com\/fr\/wp-json\/wp\/v2\/media?parent=140512"}],"wp:term":[{"taxonomy":"category","embeddable":true,"href":"https:\/\/www.europesays.com\/fr\/wp-json\/wp\/v2\/categories?post=140512"},{"taxonomy":"post_tag","embeddable":true,"href":"https:\/\/www.europesays.com\/fr\/wp-json\/wp\/v2\/tags?post=140512"}],"curies":[{"name":"wp","href":"https:\/\/api.w.org\/{rel}","templated":true}]}}