{"id":140514,"date":"2025-05-31T01:09:17","date_gmt":"2025-05-31T01:09:17","guid":{"rendered":"https:\/\/www.europesays.com\/fr\/140514\/"},"modified":"2025-05-31T01:09:17","modified_gmt":"2025-05-31T01:09:17","slug":"le-stade-francais-avec-barre-titulaire-mais-gabrillagues-sur-le-banc","status":"publish","type":"post","link":"https:\/\/www.europesays.com\/fr\/140514\/","title":{"rendered":"le Stade Fran\u00e7ais avec Barr\u00e9 titulaire mais Gabrillagues sur le banc"},"content":{"rendered":"<p>Le Stade Fran\u00e7ais se d\u00e9place \u00e0 Clermont ce samedi (16h30). D\u00e9couvrez la composition des Parisiens.<\/p>\n<p class=\"fig-paragraph\">Le\u00a0<a href=\"http:\/\/www.lefigaro.fr\/sports\/rugby\/top-14\/top-14-le-stade-francais-heroique-toulon-n-y-arrive-plus-les-resutats-du-multiplex-20250517\" data-fig-type=\"NewsFlash\" data-gtm-custom-categorie=\"navigation\" data-gtm-custom-action=\"crossclick\" data-gtm-custom-label=\"Contextuel\" data-gtm-event=\"customEventSPE\" data-fig-domain=\"LEFIGARO\" target=\"_blank\" rel=\"noopener\">Stade Fran\u00e7ais<\/a>\u00a0n\u2019est pas encore sauv\u00e9. Avec seulement un point d\u2019avance sur Perpignan, 13e et virtuellement barragiste, et cinq points d\u2019avance sur Vannes, dernier, les Parisiens savent que tous les points vont compter sur les deux derni\u00e8res journ\u00e9es.<\/p>\n<p class=\"fig-paragraph\">Pour ce d\u00e9placement \u00e0 Clermont samedi (16h30), Paul Gustard a align\u00e9 la plupart de ses cadres, notamment l\u2019arri\u00e8re Barr\u00e9, le troisi\u00e8me-ligne Macalou, le deuxi\u00e8me-ligne Gabrillagues ou les deux\u00a0<a href=\"http:\/\/www.lefigaro.fr\/sports\/rugby\/top-14\/les-freres-alo-emile-piliers-fusionnels-du-stade-francais-20240421\" data-fig-type=\"Article\" data-gtm-custom-categorie=\"navigation\" data-gtm-custom-action=\"crossclick\" data-gtm-custom-label=\"Contextuel\" data-gtm-event=\"customEventSPE\" data-fig-domain=\"LEFIGARO\" target=\"_blank\" rel=\"noopener\">fr\u00e8res Alo-Emile<\/a>. L\u2019ailier fidjien Dakuwaqa n\u2019est pas sur la feuille de match.<\/p>\n<p class=\"fig-paragraph\"><strong>La composition du Stade Fran\u00e7ais\u00a0: <\/strong>Barr\u00e9 &#8211; Laloi, Marchant, Ward, Ezeala &#8211; Henry, Foursans-Bourdette &#8211; Macalou, Briatte, Halaifonua &#8211; Pesenti, Azagoh &#8211; P. Alo-Emile, Peyresblanques, M. Alo-Emile<\/p>\n<p class=\"fig-paragraph\"><strong>Rempla\u00e7ants<\/strong>\u00a0: Nicotera, Castets, Gabrillagues, Van der Mescht, Hirigoyen, Motassi, Etien, Melikidze.<\/p>\n","protected":false},"excerpt":{"rendered":"Le Stade Fran\u00e7ais se d\u00e9place \u00e0 Clermont ce samedi (16h30). D\u00e9couvrez la composition des Parisiens. Le\u00a0Stade Fran\u00e7ais\u00a0n\u2019est pas&hellip;\n","protected":false},"author":2,"featured_media":140515,"comment_status":"","ping_status":"","sticky":false,"template":"","format":"standard","meta":{"footnotes":""},"categories":[1888],"tags":[1111,1928,11,1927,10980,525,4590,1981,2313,814,1777,674,1011,27,955,12,1926,626,1925,4589,2311,25,1980,479,2259,19814,2558,478,2310,2312],"class_list":{"0":"post-140514","1":"post","2":"type-post","3":"status-publish","4":"format-standard","5":"has-post-thumbnail","7":"category-paris","8":"tag-actu","9":"tag-actu-paris","10":"tag-actualites","11":"tag-actualites-paris","12":"tag-asm-clermont-auvergne","13":"tag-calendrier","14":"tag-championnat-france","15":"tag-classement","16":"tag-clermont","17":"tag-direct","18":"tag-eu","19":"tag-europe","20":"tag-fr","21":"tag-france","22":"tag-match","23":"tag-news","24":"tag-news-paris","25":"tag-paris","26":"tag-paris-news","27":"tag-phase-finale","28":"tag-racing","29":"tag-republique-francaise","30":"tag-resultats","31":"tag-rugby","32":"tag-score","33":"tag-sekou-macalou","34":"tag-stade-francais","35":"tag-top-14","36":"tag-toulon","37":"tag-toulouse"},"share_on_mastodon":{"url":"https:\/\/pubeurope.com\/@fr\/114599779582353263","error":""},"_links":{"self":[{"href":"https:\/\/www.europesays.com\/fr\/wp-json\/wp\/v2\/posts\/140514","targetHints":{"allow":["GET"]}}],"collection":[{"href":"https:\/\/www.europesays.com\/fr\/wp-json\/wp\/v2\/posts"}],"about":[{"href":"https:\/\/www.europesays.com\/fr\/wp-json\/wp\/v2\/types\/post"}],"author":[{"embeddable":true,"href":"https:\/\/www.europesays.com\/fr\/wp-json\/wp\/v2\/users\/2"}],"replies":[{"embeddable":true,"href":"https:\/\/www.europesays.com\/fr\/wp-json\/wp\/v2\/comments?post=140514"}],"version-history":[{"count":0,"href":"https:\/\/www.europesays.com\/fr\/wp-json\/wp\/v2\/posts\/140514\/revisions"}],"wp:featuredmedia":[{"embeddable":true,"href":"https:\/\/www.europesays.com\/fr\/wp-json\/wp\/v2\/media\/140515"}],"wp:attachment":[{"href":"https:\/\/www.europesays.com\/fr\/wp-json\/wp\/v2\/media?parent=140514"}],"wp:term":[{"taxonomy":"category","embeddable":true,"href":"https:\/\/www.europesays.com\/fr\/wp-json\/wp\/v2\/categories?post=140514"},{"taxonomy":"post_tag","embeddable":true,"href":"https:\/\/www.europesays.com\/fr\/wp-json\/wp\/v2\/tags?post=140514"}],"curies":[{"name":"wp","href":"https:\/\/api.w.org\/{rel}","templated":true}]}}