{"id":140516,"date":"2025-05-31T01:10:10","date_gmt":"2025-05-31T01:10:10","guid":{"rendered":"https:\/\/www.europesays.com\/fr\/140516\/"},"modified":"2025-05-31T01:10:10","modified_gmt":"2025-05-31T01:10:10","slug":"ado-brulee-au-fer-a-repasser-sur-fond-de-revenge-porn-un-an-de-prison-ferme-pour-une-mere-de-famille-du-bourget","status":"publish","type":"post","link":"https:\/\/www.europesays.com\/fr\/140516\/","title":{"rendered":"Ado br\u00fbl\u00e9e au fer \u00e0 repasser sur fond de revenge porn\u00a0: un an de prison ferme pour une m\u00e8re de famille du\u00a0Bourget"},"content":{"rendered":"<p class=\"paragraph text_align_left\">Trois ans de prison dont 24 mois avec sursis, un retrait d\u00e9finitif de l\u2019autorit\u00e9 parentale, un stage de citoyennet\u00e9 et une obligation de soins. C\u2019est la peine prononc\u00e9e \u00e0 l\u2019encontre la m\u00e8re qui avait corrig\u00e9 sa fille de 15 ans, Ism\u00e8ne (le pr\u00e9nom a \u00e9t\u00e9 chang\u00e9) <a href=\"https:\/\/www.leparisien.fr\/faits-divers\/une-ado-victime-de-revenge-porn-sa-mere-decouvre-la-video-et-brule-sa-fille-au-fer-a-repasser-22-04-2025-LBA4U3FOZZDL3AIOUPIT5ZNJEA.php?ts=1748630682838\" target=\"_self\" rel=\"nofollow noopener\">en la br\u00fblant avec un fer \u00e0 repasser<\/a>. Elle avait d\u00e9couvert une vid\u00e9o \u00e0 caract\u00e8re sexuel diffus\u00e9e \u00e0 l\u2019insu de sa fille sur les r\u00e9seaux.<\/p>\n<p class=\"paragraph text_align_left\">\u00ab Ce sont des faits d\u2019une particuli\u00e8re gravit\u00e9. Des proportions ont \u00e9t\u00e9 d\u00e9pass\u00e9es \u00bb, a justifi\u00e9 la pr\u00e9sidente.<\/p>\n","protected":false},"excerpt":{"rendered":"Trois ans de prison dont 24 mois avec sursis, un retrait d\u00e9finitif de l\u2019autorit\u00e9 parentale, un stage de&hellip;\n","protected":false},"author":2,"featured_media":50908,"comment_status":"","ping_status":"","sticky":false,"template":"","format":"standard","meta":{"footnotes":""},"categories":[1888],"tags":[11,1777,674,118,1011,27,1944,12,626,25,1945],"class_list":{"0":"post-140516","1":"post","2":"type-post","3":"status-publish","4":"format-standard","5":"has-post-thumbnail","7":"category-paris","8":"tag-actualites","9":"tag-eu","10":"tag-europe","11":"tag-faits-divers","12":"tag-fr","13":"tag-france","14":"tag-ma-ville","15":"tag-news","16":"tag-paris","17":"tag-republique-francaise","18":"tag-seine-saint-denis"},"share_on_mastodon":{"url":"https:\/\/pubeurope.com\/@fr\/114599783517654028","error":""},"_links":{"self":[{"href":"https:\/\/www.europesays.com\/fr\/wp-json\/wp\/v2\/posts\/140516","targetHints":{"allow":["GET"]}}],"collection":[{"href":"https:\/\/www.europesays.com\/fr\/wp-json\/wp\/v2\/posts"}],"about":[{"href":"https:\/\/www.europesays.com\/fr\/wp-json\/wp\/v2\/types\/post"}],"author":[{"embeddable":true,"href":"https:\/\/www.europesays.com\/fr\/wp-json\/wp\/v2\/users\/2"}],"replies":[{"embeddable":true,"href":"https:\/\/www.europesays.com\/fr\/wp-json\/wp\/v2\/comments?post=140516"}],"version-history":[{"count":0,"href":"https:\/\/www.europesays.com\/fr\/wp-json\/wp\/v2\/posts\/140516\/revisions"}],"wp:featuredmedia":[{"embeddable":true,"href":"https:\/\/www.europesays.com\/fr\/wp-json\/wp\/v2\/media\/50908"}],"wp:attachment":[{"href":"https:\/\/www.europesays.com\/fr\/wp-json\/wp\/v2\/media?parent=140516"}],"wp:term":[{"taxonomy":"category","embeddable":true,"href":"https:\/\/www.europesays.com\/fr\/wp-json\/wp\/v2\/categories?post=140516"},{"taxonomy":"post_tag","embeddable":true,"href":"https:\/\/www.europesays.com\/fr\/wp-json\/wp\/v2\/tags?post=140516"}],"curies":[{"name":"wp","href":"https:\/\/api.w.org\/{rel}","templated":true}]}}