{"id":140527,"date":"2025-05-31T01:16:15","date_gmt":"2025-05-31T01:16:15","guid":{"rendered":"https:\/\/www.europesays.com\/fr\/140527\/"},"modified":"2025-05-31T01:16:15","modified_gmt":"2025-05-31T01:16:15","slug":"ligue-des-nations-lallemagne-humilie-les-pays-bas-langleterre-et-lespagne-en-balade-ligue-des-nations-f-j5","status":"publish","type":"post","link":"https:\/\/www.europesays.com\/fr\/140527\/","title":{"rendered":"Ligue des nations : l\u2019Allemagne humilie les Pays-Bas, l\u2019Angleterre et l\u2019Espagne en balade &#8211; Ligue des nations (F) &#8211; J5"},"content":{"rendered":"<p>Il n\u2019y a pas que l\u2019\u00e9quipe de France qui a cartonn\u00e9 ce vendredi.<\/p>\n<p>Dans le groupe A de la Ligue A de Ligue des nations f\u00e9minines, <strong>l\u2019Allemagne a remport\u00e9 le choc face aux Pays-Bas avec la mani\u00e8re en plantant quatre buts<\/strong> (4-0). Les joueuses de Christian W\u00fcck, qui avaient fait match nul face aux N\u00e9erlandaises en f\u00e9vrier dernier, valident leur premi\u00e8re place du groupe avant la derni\u00e8re journ\u00e9e gr\u00e2ce \u00e0 la confrontation directe et rejoignent les Bleues dans le Final 4.<\/p>\n<p>Un Espagne-Angleterre all\u00e9chant<\/p>\n<p><strong>L\u2019Angleterre a de son c\u00f4t\u00e9 livr\u00e9 une d\u00e9monstration face au Portugal<\/strong> (6-0) \u00e0 Wembley dans le groupe C, port\u00e9e notamment par le premier tripl\u00e9 d\u2019Aggie Beever-Jones sous le maillot des Lionesses. Un succ\u00e8s qui annonce du lourd avant le remake de la derni\u00e8re finale de Coupe du monde face \u00e0 <strong>l\u2019Espagne, qui a march\u00e9 sur la Belgique \u00e0 Louvain<\/strong> (1-5), et qui pourra se contenter d\u2019un match nul \u00e0 Barcelone face aux Anglaises pour terminer en t\u00eate du groupe.<\/p>\n<p>Dans le groupe D, l\u2019Italie et la Su\u00e8de ont partag\u00e9 les points sans trouver les filets \u00e0 Parme (0-0), tandis que le Danemark l\u2019a emport\u00e9 d\u2019une courte t\u00eate face au pays de Galles (1-0). Lors de la derni\u00e8re journ\u00e9e, Su\u00e9doises et Danoises se battront pour la premi\u00e8re place, alors que les Italiennes sont d\u2019ores et d\u00e9j\u00e0 hors course.<\/p>\n<p><strong>Groupe A<\/strong><\/p>\n<ol>\n<li><strong>\u00a0<img decoding=\"async\" loading=\"lazy\" class=\"blason blason-petit\" src=\"https:\/\/www.europesays.com\/fr\/wp-content\/uploads\/2025\/05\/1748654169_748_grande.jpg\"\/> Allemagne 13 pts<\/strong><\/li>\n<li><strong>\u00a0<img decoding=\"async\" loading=\"lazy\" class=\"blason blason-petit\" src=\"https:\/\/www.europesays.com\/fr\/wp-content\/uploads\/2025\/05\/1748654169_798_grande.jpg\"\/> Pays-Bas 10 pts<\/strong><\/li>\n<li><strong>\u00a0<img decoding=\"async\" loading=\"lazy\" class=\"blason blason-petit\" src=\"https:\/\/www.europesays.com\/fr\/wp-content\/uploads\/2025\/05\/1748654170_226_grande.jpg\"\/> Autriche 6 pts<\/strong><\/li>\n<li><strong>\u00a0<img decoding=\"async\" loading=\"lazy\" class=\"blason blason-petit\" src=\"https:\/\/www.europesays.com\/fr\/wp-content\/uploads\/2025\/05\/1748654170_696_grande.jpg\"\/> \u00c9cosse 0 pts<\/strong><\/li>\n<\/ol>\n<p><strong><img decoding=\"async\" loading=\"lazy\" class=\"blason blason-petit\" src=\"https:\/\/www.europesays.com\/fr\/wp-content\/uploads\/2025\/05\/1748654169_748_grande.jpg\"\/> Allemagne 4-0 Pays-Bas <img decoding=\"async\" loading=\"lazy\" class=\"blason blason-petit\" src=\"https:\/\/www.europesays.com\/fr\/wp-content\/uploads\/2025\/05\/1748654169_798_grande.jpg\"\/><\/strong><\/p>\n<p><strong><img decoding=\"async\" loading=\"lazy\" class=\"blason blason-petit\" src=\"https:\/\/www.europesays.com\/fr\/wp-content\/uploads\/2025\/05\/1748654170_696_grande.jpg\"\/> \u00c9cosse 0-1 Autriche <img decoding=\"async\" loading=\"lazy\" class=\"blason blason-petit\" src=\"https:\/\/www.europesays.com\/fr\/wp-content\/uploads\/2025\/05\/1748654170_226_grande.jpg\"\/><\/strong><\/p>\n<p><strong>Groupe B<\/strong><\/p>\n<ol>\n<li><strong>\u00a0<img decoding=\"async\" loading=\"lazy\" class=\"blason blason-petit\" src=\"https:\/\/www.europesays.com\/fr\/wp-content\/uploads\/2025\/05\/1748654171_749_grande.jpg\"\/> France 12 pts<\/strong><\/li>\n<li><strong>\u00a0<img decoding=\"async\" loading=\"lazy\" class=\"blason blason-petit\" src=\"https:\/\/www.europesays.com\/fr\/wp-content\/uploads\/2025\/05\/1748654171_886_grande.jpg\"\/> Norv\u00e8ge 5 pts<\/strong><\/li>\n<li><strong>\u00a0<img decoding=\"async\" loading=\"lazy\" class=\"blason blason-petit\" src=\"https:\/\/www.europesays.com\/fr\/wp-content\/uploads\/2025\/05\/1748654172_488_grande.jpg\"\/> Islande 4 pts<\/strong><\/li>\n<li><strong>\u00a0<img decoding=\"async\" loading=\"lazy\" class=\"blason blason-petit\" src=\"https:\/\/www.europesays.com\/fr\/wp-content\/uploads\/2025\/05\/1748654172_567_grande.jpg\"\/> Suisse 2 pts<\/strong><\/li>\n<\/ol>\n<p><strong><img decoding=\"async\" loading=\"lazy\" class=\"blason blason-petit\" src=\"https:\/\/www.europesays.com\/fr\/wp-content\/uploads\/2025\/05\/1748654171_749_grande.jpg\"\/> France 4-0 Suisse <img decoding=\"async\" loading=\"lazy\" class=\"blason blason-petit\" src=\"https:\/\/www.europesays.com\/fr\/wp-content\/uploads\/2025\/05\/1748654172_567_grande.jpg\"\/><\/strong><\/p>\n<p><strong><img decoding=\"async\" loading=\"lazy\" class=\"blason blason-petit\" src=\"https:\/\/www.europesays.com\/fr\/wp-content\/uploads\/2025\/05\/1748654171_886_grande.jpg\"\/> Norv\u00e8ge 1-1 Islande <img decoding=\"async\" loading=\"lazy\" class=\"blason blason-petit\" src=\"https:\/\/www.europesays.com\/fr\/wp-content\/uploads\/2025\/05\/1748654172_488_grande.jpg\"\/><\/strong><\/p>\n<p><strong>Groupe C<\/strong><\/p>\n<ol>\n<li><strong>\u00a0<img decoding=\"async\" loading=\"lazy\" class=\"blason blason-petit\" src=\"https:\/\/www.europesays.com\/fr\/wp-content\/uploads\/2025\/05\/1748654173_969_grande.jpg\"\/> Espagne 12 pts<\/strong><\/li>\n<li><strong>\u00a0<img decoding=\"async\" loading=\"lazy\" class=\"blason blason-petit\" src=\"https:\/\/www.europesays.com\/fr\/wp-content\/uploads\/2025\/05\/1748654173_612_grande.jpg\"\/> Angleterre 10 pts<\/strong><\/li>\n<li><strong>\u00a0<img decoding=\"async\" loading=\"lazy\" class=\"blason blason-petit\" src=\"https:\/\/www.europesays.com\/fr\/wp-content\/uploads\/2025\/05\/1748654173_201_grande.jpg\"\/> Portugal 4 pts<\/strong><\/li>\n<li><strong>\u00a0<img decoding=\"async\" loading=\"lazy\" class=\"blason blason-petit\" src=\"https:\/\/www.europesays.com\/fr\/wp-content\/uploads\/2025\/05\/1748654173_99_grande.jpg\"\/> Belgique 3 pts<\/strong><\/li>\n<\/ol>\n<p><strong><img decoding=\"async\" loading=\"lazy\" class=\"blason blason-petit\" src=\"https:\/\/www.europesays.com\/fr\/wp-content\/uploads\/2025\/05\/1748654173_612_grande.jpg\"\/> Angleterre 6-0 Portugal <img decoding=\"async\" loading=\"lazy\" class=\"blason blason-petit\" src=\"https:\/\/www.europesays.com\/fr\/wp-content\/uploads\/2025\/05\/1748654173_201_grande.jpg\"\/><\/strong><\/p>\n<p><strong><img decoding=\"async\" loading=\"lazy\" class=\"blason blason-petit\" src=\"https:\/\/www.europesays.com\/fr\/wp-content\/uploads\/2025\/05\/1748654173_99_grande.jpg\"\/> Belgique 1-5 Espagne <img decoding=\"async\" loading=\"lazy\" class=\"blason blason-petit\" src=\"https:\/\/www.europesays.com\/fr\/wp-content\/uploads\/2025\/05\/1748654173_969_grande.jpg\"\/><\/strong><\/p>\n<p><strong>Groupe D<\/strong><\/p>\n<ol>\n<li><strong>\u00a0<img decoding=\"async\" loading=\"lazy\" class=\"blason blason-petit\" src=\"https:\/\/www.europesays.com\/fr\/wp-content\/uploads\/2025\/05\/1748654174_998_grande.jpg\"\/> Su\u00e8de 9 pts<\/strong><\/li>\n<li><strong>\u00a0<img decoding=\"async\" loading=\"lazy\" class=\"blason blason-petit\" src=\"https:\/\/www.europesays.com\/fr\/wp-content\/uploads\/2025\/05\/1748654174_160_grande.jpg\"\/> Danemark 9 pts<\/strong><\/li>\n<li><strong>\u00a0<img decoding=\"async\" loading=\"lazy\" class=\"blason blason-petit\" src=\"https:\/\/www.europesays.com\/fr\/wp-content\/uploads\/2025\/05\/1748654174_702_grande.jpg\"\/> Italie 7 pts<\/strong><\/li>\n<li><strong>\u00a0<img decoding=\"async\" loading=\"lazy\" class=\"blason blason-petit\" src=\"https:\/\/www.europesays.com\/fr\/wp-content\/uploads\/2025\/05\/1748654175_974_grande.jpg\"\/> Pays de Galles 2 pts<\/strong><\/li>\n<\/ol>\n<p><strong><img decoding=\"async\" loading=\"lazy\" class=\"blason blason-petit\" src=\"https:\/\/www.europesays.com\/fr\/wp-content\/uploads\/2025\/05\/1748654174_702_grande.jpg\"\/> Italie 0-0 Su\u00e8de<\/strong> <strong><img decoding=\"async\" loading=\"lazy\" class=\"blason blason-petit\" src=\"https:\/\/www.europesays.com\/fr\/wp-content\/uploads\/2025\/05\/1748654174_998_grande.jpg\"\/><\/strong><\/p>\n<p><strong><img decoding=\"async\" loading=\"lazy\" class=\"blason blason-petit\" src=\"https:\/\/www.europesays.com\/fr\/wp-content\/uploads\/2025\/05\/1748654174_160_grande.jpg\"\/> Danemark 1-0 Pays de Galles <img decoding=\"async\" loading=\"lazy\" class=\"blason blason-petit\" src=\"https:\/\/www.europesays.com\/fr\/wp-content\/uploads\/2025\/05\/1748654175_974_grande.jpg\"\/><\/strong><\/p>\n<p>\u00a0<\/p>\n<p>\t\t\t\t\t\t\t\t\t\t<a class=\"lien-connexe\" href=\"https:\/\/www.sofoot.com\/breves\/les-bleues-affronteront-lallemagne-en-demi-finale-de-ligue-des-nations\" rel=\"nofollow noopener\" target=\"_blank\">Il y aura un France-Allemagne en demi-finales\u202f!<\/a>\t\t\t\t\t<\/p>\n","protected":false},"excerpt":{"rendered":"Il n\u2019y a pas que l\u2019\u00e9quipe de France qui a cartonn\u00e9 ce vendredi. Dans le groupe A de&hellip;\n","protected":false},"author":2,"featured_media":140528,"comment_status":"","ping_status":"","sticky":false,"template":"","format":"standard","meta":{"footnotes":""},"categories":[1587],"tags":[47,11,61,672,69,1804,65,1805,1803,64,1777,674,63,1801,68,66,12,62,70,1802,67],"class_list":{"0":"post-140527","1":"post","2":"type-post","3":"status-publish","4":"format-standard","5":"has-post-thumbnail","7":"category-allemagne","8":"tag-actualite","9":"tag-actualites","10":"tag-actus-football","11":"tag-allemagne","12":"tag-bundesliga","13":"tag-bundesrepublik-deutschland","14":"tag-championnats-europeens","15":"tag-de","16":"tag-deutschland","17":"tag-equipe-de-france","18":"tag-eu","19":"tag-europe","20":"tag-football","21":"tag-germany","22":"tag-ligua","23":"tag-ligue-1","24":"tag-news","25":"tag-news-foot","26":"tag-premier-league","27":"tag-republique-federale-dallemagne","28":"tag-serie-a"},"share_on_mastodon":{"url":"https:\/\/pubeurope.com\/@fr\/114599807733165499","error":""},"_links":{"self":[{"href":"https:\/\/www.europesays.com\/fr\/wp-json\/wp\/v2\/posts\/140527","targetHints":{"allow":["GET"]}}],"collection":[{"href":"https:\/\/www.europesays.com\/fr\/wp-json\/wp\/v2\/posts"}],"about":[{"href":"https:\/\/www.europesays.com\/fr\/wp-json\/wp\/v2\/types\/post"}],"author":[{"embeddable":true,"href":"https:\/\/www.europesays.com\/fr\/wp-json\/wp\/v2\/users\/2"}],"replies":[{"embeddable":true,"href":"https:\/\/www.europesays.com\/fr\/wp-json\/wp\/v2\/comments?post=140527"}],"version-history":[{"count":0,"href":"https:\/\/www.europesays.com\/fr\/wp-json\/wp\/v2\/posts\/140527\/revisions"}],"wp:featuredmedia":[{"embeddable":true,"href":"https:\/\/www.europesays.com\/fr\/wp-json\/wp\/v2\/media\/140528"}],"wp:attachment":[{"href":"https:\/\/www.europesays.com\/fr\/wp-json\/wp\/v2\/media?parent=140527"}],"wp:term":[{"taxonomy":"category","embeddable":true,"href":"https:\/\/www.europesays.com\/fr\/wp-json\/wp\/v2\/categories?post=140527"},{"taxonomy":"post_tag","embeddable":true,"href":"https:\/\/www.europesays.com\/fr\/wp-json\/wp\/v2\/tags?post=140527"}],"curies":[{"name":"wp","href":"https:\/\/api.w.org\/{rel}","templated":true}]}}