{"id":140530,"date":"2025-05-31T01:18:16","date_gmt":"2025-05-31T01:18:16","guid":{"rendered":"https:\/\/www.europesays.com\/fr\/140530\/"},"modified":"2025-05-31T01:18:16","modified_gmt":"2025-05-31T01:18:16","slug":"a-kinshasa-la-delegation-de-parlementaires-de-lue-pointe-la-responsabilite-du-rwanda-dans-la-crise","status":"publish","type":"post","link":"https:\/\/www.europesays.com\/fr\/140530\/","title":{"rendered":"\u00e0 Kinshasa, la d\u00e9l\u00e9gation de parlementaires de l&rsquo;UE pointe la responsabilit\u00e9 du Rwanda dans la crise"},"content":{"rendered":"<p>La d\u00e9l\u00e9gation de parlementaires europ\u00e9ens \u00e0 Kinshasa a termin\u00e9 sa visite ce vendredi 30 mai. Les 11 d\u00e9put\u00e9s \u00e9taient arriv\u00e9s mardi soir dans la capitale, Kinshasa, o\u00f9 ils ont \u00e9t\u00e9 accueillis par des s\u00e9nateurs et d\u00e9put\u00e9s congolais. Le but premier de cette mission \u00e9tait de montrer le soutien du Parlement europ\u00e9en au peuple congolais. Mais la d\u00e9l\u00e9gation s\u2019est surtout entretenue avec plusieurs acteurs majeurs de la crise s\u00e9curitaire qui secoue le pays, en particulier \u00e0 l\u2019Est, o\u00f9 des territoires sont aux mains du groupe arm\u00e9 AFC\/M23.<\/p>\n<p>Avec notre correspondante \u00e0 Kinshasa, <strong>Paulina Zidi<\/strong><\/p>\n<p>La d\u00e9l\u00e9gation a rencontr\u00e9 le pr\u00e9sident Tshisekedi, des parlementaires congolais, des repr\u00e9sentants des \u00c9glises, mais aussi des membres de l\u2019opposition. Avec un message : il faut travailler ensemble pour la paix.<\/p>\n<p>Les parlementaires se sont dit inquiets de la catastrophe humanitaire : ils demandent un couloir s\u00e9curis\u00e9, un pont a\u00e9rien vers Goma pour r\u00e9pondre aux \u00e9normes besoins des populations. Tout en pointant la responsabilit\u00e9 du voisin rwandais dans la crise.<\/p>\n<p>\u00ab Nous condamnons fortement et sans r\u00e9serve les actes violents du M23 soutenus par le Rwanda et nous d\u00e9non\u00e7ons leurs tentatives persistantes de d\u00e9stabilisation de la RDC. Le Rwanda doit se positionner d&rsquo;urgence dans ce conflit et r\u00e9pondre \u00e0 l&rsquo;appel \u00e0 cesser tout soutien aux acteurs d\u00e9stabilisateur dans la r\u00e9gion. Nous r\u00e9it\u00e9rons notre appel \u00e0 la suspension du protocole de l&rsquo;accord de l&rsquo;Union europ\u00e9enne avec le Rwanda et nous ferons tout dans notre mandat pour les garantir \u00bb, a d\u00e9clar\u00e9 en conf\u00e9rence de presse Hilde Vautmans la cheffe de d\u00e9l\u00e9gation.<\/p>\n<p><a href=\"https:\/\/www.rfi.fr\/fr\/afrique\/20250530-rdc-%C3%A0-kinshasa-la-d%C3%A9l%C3%A9gation-de-parlementaires-de-l-ue-pointe-la-responsabilit%C3%A9-du-rwanda-dans-la-crise\" rel=\"nofollow noopener\" target=\"_blank\" data-ylk=\"slk:Lire la suite sur RFI;elm:context_link;itc:0;sec:content-canvas\" class=\"link \">Lire la suite sur RFI<\/a><\/p>\n","protected":false},"excerpt":{"rendered":"La d\u00e9l\u00e9gation de parlementaires europ\u00e9ens \u00e0 Kinshasa a termin\u00e9 sa visite ce vendredi 30 mai. Les 11 d\u00e9put\u00e9s&hellip;\n","protected":false},"author":2,"featured_media":140531,"comment_status":"","ping_status":"","sticky":false,"template":"","format":"standard","meta":{"footnotes":""},"categories":[1586],"tags":[11,1153,1777,674,1779,1011,27,4457,4909,15444,12,26797,25,1778,364],"class_list":{"0":"post-140530","1":"post","2":"type-post","3":"status-publish","4":"format-standard","5":"has-post-thumbnail","7":"category-europe","8":"tag-actualites","9":"tag-conference-de-presse","10":"tag-eu","11":"tag-europe","12":"tag-european-union","13":"tag-fr","14":"tag-france","15":"tag-kinshasa","16":"tag-la-capitale","17":"tag-la-paix","18":"tag-news","19":"tag-parlementaires-europeens","20":"tag-republique-francaise","21":"tag-ue","22":"tag-union-europeenne"},"share_on_mastodon":{"url":"https:\/\/pubeurope.com\/@fr\/114599815032119407","error":""},"_links":{"self":[{"href":"https:\/\/www.europesays.com\/fr\/wp-json\/wp\/v2\/posts\/140530","targetHints":{"allow":["GET"]}}],"collection":[{"href":"https:\/\/www.europesays.com\/fr\/wp-json\/wp\/v2\/posts"}],"about":[{"href":"https:\/\/www.europesays.com\/fr\/wp-json\/wp\/v2\/types\/post"}],"author":[{"embeddable":true,"href":"https:\/\/www.europesays.com\/fr\/wp-json\/wp\/v2\/users\/2"}],"replies":[{"embeddable":true,"href":"https:\/\/www.europesays.com\/fr\/wp-json\/wp\/v2\/comments?post=140530"}],"version-history":[{"count":0,"href":"https:\/\/www.europesays.com\/fr\/wp-json\/wp\/v2\/posts\/140530\/revisions"}],"wp:featuredmedia":[{"embeddable":true,"href":"https:\/\/www.europesays.com\/fr\/wp-json\/wp\/v2\/media\/140531"}],"wp:attachment":[{"href":"https:\/\/www.europesays.com\/fr\/wp-json\/wp\/v2\/media?parent=140530"}],"wp:term":[{"taxonomy":"category","embeddable":true,"href":"https:\/\/www.europesays.com\/fr\/wp-json\/wp\/v2\/categories?post=140530"},{"taxonomy":"post_tag","embeddable":true,"href":"https:\/\/www.europesays.com\/fr\/wp-json\/wp\/v2\/tags?post=140530"}],"curies":[{"name":"wp","href":"https:\/\/api.w.org\/{rel}","templated":true}]}}