{"id":140536,"date":"2025-05-31T01:21:10","date_gmt":"2025-05-31T01:21:10","guid":{"rendered":"https:\/\/www.europesays.com\/fr\/140536\/"},"modified":"2025-05-31T01:21:10","modified_gmt":"2025-05-31T01:21:10","slug":"lagence-de-notation-s-p-maintient-la-note-de-la-france-liberation","status":"publish","type":"post","link":"https:\/\/www.europesays.com\/fr\/140536\/","title":{"rendered":"l\u2019agence de notation S\u00a0&#038;\u00a0P maintient la note de la France \u2013 Lib\u00e9ration"},"content":{"rendered":"<p class=\"sc-ksZaOG ehjQrN text-element\">Le verdict est tomb\u00e9 : l\u2019agence de notation am\u00e9ricaine S &amp; P a maintenu la note souveraine de la France, vendredi 30 mai, tard dans la soir\u00e9e. L\u2019agence n\u2019a publi\u00e9 aucun commentaire, laissant sa notation telle quelle. Interrog\u00e9 par l\u2019AFP, le minist\u00e8re de l\u2019Economie \u00abprend bonne note\u00bb de cette d\u00e9cision, sans plus de d\u00e9tail.<\/p>\n<p class=\"sc-ksZaOG ehjQrN text-element\">Le 28 f\u00e9vrier, <a href=\"https:\/\/www.liberation.fr\/economie\/standard-poors-maintient-la-note-de-aa-mais-menace-de-degrader-la-france-au-vu-de-ses-finances-publiques-20250301_SEXF2ZE3SZDWFKYF2MRVQSWK74\/\" target=\"_blank\" rel=\"nofollow noopener\" title=\"https:\/\/www.liberation.fr\/economie\/standard-poors-maintient-la-note-de-aa-mais-menace-de-degrader-la-france-au-vu-de-ses-finances-publiques-20250301_SEXF2ZE3SZDWFKYF2MRVQSWK74\/\">S &amp; P avait assorti sa note AA- d\u2019une \u00abperspective n\u00e9gative\u00bb<\/a> \u00e9voquant des finances publiques \u00absous pression\u00bb et \u00abune strat\u00e9gie budg\u00e9taire au-del\u00e0 de 2025 incertaine\u00bb. Or aucune annonce de r\u00e9duction drastique des d\u00e9penses n\u2019est survenue depuis de la part du gouvernement. Mais Fran\u00e7ois Bayrou a annonc\u00e9 mardi 27 mai au micro de BFMTV qu\u2019il allait pr\u00e9senter d\u00e9but juillet <a href=\"https:\/\/www.liberation.fr\/politique\/budget-francois-bayrou-va-demander-un-effort-a-tous-les-francais-20250527_YJ57N6S4BRHCLOEAUSXGHONAUA\/?redirected=1\" target=\"_blank\" rel=\"nofollow noopener\" title=\"https:\/\/www.liberation.fr\/politique\/budget-francois-bayrou-va-demander-un-effort-a-tous-les-francais-20250527_YJ57N6S4BRHCLOEAUSXGHONAUA\/?redirected=1\">un \u00abplan pluriannuel\u00bb de redressement des finances publiques<\/a>. Il s\u2019agira d\u2019un plan \u00absur trois ou quatre ann\u00e9es\u00bb qui \u00abva demander un effort \u00e0 tous les Fran\u00e7ais. Le plus juste possible, mais un effort suffisant pour que la France sorte de cette situation\u00bb, a ajout\u00e9 le Premier ministre, en \u00e9voquant notamment <a href=\"https:\/\/www.liberation.fr\/economie\/la-tva-dite-sociale-un-impot-injuste-sur-la-consommation-et-un-nouveau-cadeau-au-patronat-20250527_ZJVSDWWESVGT3FC222P5BBF44M\/\" target=\"_blank\" rel=\"nofollow noopener\" title=\"https:\/\/www.liberation.fr\/economie\/la-tva-dite-sociale-un-impot-injuste-sur-la-consommation-et-un-nouveau-cadeau-au-patronat-20250527_ZJVSDWWESVGT3FC222P5BBF44M\/\">la piste de la \u00abTVA sociale\u00bb<\/a> d\u00e9j\u00e0 avanc\u00e9e <a href=\"https:\/\/www.liberation.fr\/economie\/social\/derriere-la-tva-sociale-suggeree-par-macron-une-grande-offensive-a-venir-sur-le-modele-social-francais-20250514_XXKQCBTAIBCOJM6THQZ5ZN4Q7Q\/\" target=\"_blank\" rel=\"nofollow noopener\" title=\"https:\/\/www.liberation.fr\/economie\/social\/derriere-la-tva-sociale-suggeree-par-macron-une-grande-offensive-a-venir-sur-le-modele-social-francais-20250514_XXKQCBTAIBCOJM6THQZ5ZN4Q7Q\/\">par Emmanuel Macron le 13 mai sur TF1 <\/a>: \u00e0 l\u2019\u00e9tude, une augmentation d\u2019au moins un point du taux de la taxe sur la valeur ajout\u00e9e, actuellement fix\u00e9 \u00e0 20 %, qui pourrait rapporter plus de 10 milliards d\u2019euros pour financer la S\u00e9curit\u00e9 Sociale en faisant supporter l\u2019effort \u00e0 tous les consommateurs.<\/p>\n<p class=\"sc-ksZaOG ehjQrN text-element\">Mais Fran\u00e7ois Bayrou a aussi admis, mercredi devant le S\u00e9nat, \u00abqu\u2019aucune des mesures\u00bb que proposera le gouvernement \u00abavant le 14 juillet\u00bb pour son plan g\u00e9n\u00e9ral de retour \u00e0 l\u2019\u00e9quilibre des finances publiques n\u2019\u00e9tait encore arr\u00eat\u00e9e. Le gouvernement doit trouver 40 milliards d\u2019euros pour <a href=\"https:\/\/www.liberation.fr\/politique\/referendum-sur-le-deficit-francois-bayrou-choisit-de-rester-dans-le-flou-20250504_AKOBFZSZLFHUFH7Y2EP66WU4ZA\/\" target=\"_blank\" rel=\"nofollow noopener\" title=\"https:\/\/www.liberation.fr\/politique\/referendum-sur-le-deficit-francois-bayrou-choisit-de-rester-dans-le-flou-20250504_AKOBFZSZLFHUFH7Y2EP66WU4ZA\/\">le budget 2026 <\/a>en septembre en r\u00e9ussissant \u00e0 faire des \u00e9conomies dans les d\u00e9penses de l\u2019Etat, de la S\u00e9curit\u00e9 sociale et des collectivit\u00e9s locales.<\/p>\n<p class=\"sc-ksZaOG ehjQrN text-element\">Le Premier ministre parie toujours sur la concertation avec les partenaires sociaux et les partis politiques, pour \u00e9viter une nouvelle censure parlementaire. Mais les syndicats &#8211; Sophie Binet, la secr\u00e9taire g\u00e9n\u00e9rale de la CGT en t\u00eate &#8211; sont vent debout contre la TVA sociale, tout comme la gauche et le RN :<a href=\"https:\/\/www.liberation.fr\/politique\/opposee-a-la-tva-sociale-marine-le-pen-menace-de-censurer-le-gouvernement-bayrou-20250530_43UZXNK54RFQBFOCA6J3ZLWWVQ\/\" target=\"_blank\" rel=\"nofollow noopener\" title=\"https:\/\/www.liberation.fr\/politique\/opposee-a-la-tva-sociale-marine-le-pen-menace-de-censurer-le-gouvernement-bayrou-20250530_43UZXNK54RFQBFOCA6J3ZLWWVQ\/\"> Marine Le Pen a encore menac\u00e9 vendredi de censurer le gouvernement Bayrou<\/a> si une telle mesure \u00e9tait adopt\u00e9e. Cette incertitude persistante qui plane autour de la capacit\u00e9 de l\u2019ex\u00e9cutif \u00e0 r\u00e9duire un tant soit peu la dette n\u2019est pas pour rassurer les agences de notations.<\/p>\n<p class=\"sc-ksZaOG ehjQrN text-element\">Les deux autres grandes agences de notation <a href=\"https:\/\/www.liberation.fr\/economie\/lagence-de-notation-moodys-sabstient-de-noter-la-france-20250412_TUADOQSKD5DWZKP7FUKBKV6PFU\/?redirected=1\" target=\"_blank\" rel=\"nofollow noopener\" title=\"https:\/\/www.liberation.fr\/economie\/lagence-de-notation-moodys-sabstient-de-noter-la-france-20250412_TUADOQSKD5DWZKP7FUKBKV6PFU\/?redirected=1\">Moody\u2019s<\/a> et<a href=\"https:\/\/www.liberation.fr\/economie\/dette-la-france-echappe-a-une-degradation-de-sa-note-par-fitch-20250315_5TLHX7CFTVFGTF2PKJKHMLA4PI\/\" target=\"_blank\" rel=\"nofollow noopener\" title=\"https:\/\/www.liberation.fr\/economie\/dette-la-france-echappe-a-une-degradation-de-sa-note-par-fitch-20250315_5TLHX7CFTVFGTF2PKJKHMLA4PI\/\"> Fitch <\/a>avaient, en avril et mars respectivement, choisi de ne pas modifier leur note pour la France. <a href=\"https:\/\/www.liberation.fr\/economie\/lagence-moodys-degrade-la-notation-de-la-france-20241214_5SLXWHRJZNGTDDQFRJWESZHXUU\/\" target=\"_blank\" rel=\"nofollow noopener\" title=\"https:\/\/www.liberation.fr\/economie\/lagence-moodys-degrade-la-notation-de-la-france-20241214_5SLXWHRJZNGTDDQFRJWESZHXUU\/\">Moody\u2019s avait d\u00e9j\u00e0 d\u00e9grad\u00e9 d\u2019un cran le pays en d\u00e9cembre dernier<\/a>, la classant en Aa3, l\u2019\u00e9quivalent d\u2019un AA-, et Fitch avait maintenu sa note AA- avec une \u00abperspective n\u00e9gative\u00bb.<\/p>\n<p class=\"sc-ksZaOG ehjQrN text-element\">Selon les projections \u00e9conomiques r\u00e9vis\u00e9es de la Commission europ\u00e9enne, publi\u00e9es le 19 mai, la France enregistrera le pire d\u00e9ficit public de la zone euro en 2025 et 2026, \u00e0 respectivement 5,6 % et 5,7 % du PIB, alors que le gouvernement table encore sur 5,4 % en 2025 et 4,6 % en 2026, pour revenir sous 3 % en 2029.<\/p>\n<p class=\"sc-ksZaOG ehjQrN text-element\">Lundi, <a href=\"https:\/\/www.liberation.fr\/economie\/social\/trou-de-la-secu-la-dette-fragilise-le-modele-social-alerte-la-cour-des-comptes-20250526_M7A7HHQY6JD7PJQYDLJL3IXTFM\/#:~:text=la%20S%C3%A9curit%C3%A9%20sociale.-,La%20Cour%20des%20comptes%20rappelle%20que%20le%20d%C3%A9ficit%20de%20la,plus%20que%20la%20pr%C3%A9vision%20initiale.\" target=\"_blank\" rel=\"nofollow noopener\" title=\"https:\/\/www.liberation.fr\/economie\/social\/trou-de-la-secu-la-dette-fragilise-le-modele-social-alerte-la-cour-des-comptes-20250526_M7A7HHQY6JD7PJQYDLJL3IXTFM\/#:~:text=la%20S%C3%A9curit%C3%A9%20sociale.-,La%20Cour%20des%20comptes%20rappelle%20que%20le%20d%C3%A9ficit%20de%20la,plus%20que%20la%20pr%C3%A9vision%20initiale.\">la Cour des comptes avait par ailleurs averti<\/a> d\u2019un risque de \u00abcrise de liquidit\u00e9\u00bb de la S\u00e9curit\u00e9 sociale l\u2019an prochain en raison du d\u00e9rapage \u00abhors de contr\u00f4le\u00bb de ses d\u00e9penses.<\/p>\n<p class=\"sc-ksZaOG ehjQrN text-element\">Devant le Parlement mercredi, la ministre des Comptes publics Am\u00e9lie de Montchalin a pourtant maintenu l\u2019objectif d\u2019un retour \u00e0 l\u2019\u00e9quilibre de la S\u00e9curit\u00e9 sociale en 2029.<\/p>\n<p class=\"sc-ksZaOG ehjQrN text-element\">Un objectif ambitieux, puisque selon les propres pr\u00e9visions du gouvernement dans le budget de la S\u00e9curit\u00e9 sociale 2025, son d\u00e9ficit s\u2019\u00e9l\u00e8vera encore \u00e0 24,1 milliards en 2028, derni\u00e8re ann\u00e9e de pr\u00e9vision disponible.<\/p>\n","protected":false},"excerpt":{"rendered":"Le verdict est tomb\u00e9 : l\u2019agence de notation am\u00e9ricaine S &amp; P a maintenu la note souveraine de&hellip;\n","protected":false},"author":2,"featured_media":140537,"comment_status":"","ping_status":"","sticky":false,"template":"","format":"standard","meta":{"footnotes":""},"categories":[4],"tags":[11,7993,1011,27,418,12,25],"class_list":{"0":"post-140536","1":"post","2":"type-post","3":"status-publish","4":"format-standard","5":"has-post-thumbnail","7":"category-france","8":"tag-actualites","9":"tag-dette-publique","10":"tag-fr","11":"tag-france","12":"tag-gouvernement","13":"tag-news","14":"tag-republique-francaise"},"share_on_mastodon":{"url":"https:\/\/pubeurope.com\/@fr\/114599826833767175","error":""},"_links":{"self":[{"href":"https:\/\/www.europesays.com\/fr\/wp-json\/wp\/v2\/posts\/140536","targetHints":{"allow":["GET"]}}],"collection":[{"href":"https:\/\/www.europesays.com\/fr\/wp-json\/wp\/v2\/posts"}],"about":[{"href":"https:\/\/www.europesays.com\/fr\/wp-json\/wp\/v2\/types\/post"}],"author":[{"embeddable":true,"href":"https:\/\/www.europesays.com\/fr\/wp-json\/wp\/v2\/users\/2"}],"replies":[{"embeddable":true,"href":"https:\/\/www.europesays.com\/fr\/wp-json\/wp\/v2\/comments?post=140536"}],"version-history":[{"count":0,"href":"https:\/\/www.europesays.com\/fr\/wp-json\/wp\/v2\/posts\/140536\/revisions"}],"wp:featuredmedia":[{"embeddable":true,"href":"https:\/\/www.europesays.com\/fr\/wp-json\/wp\/v2\/media\/140537"}],"wp:attachment":[{"href":"https:\/\/www.europesays.com\/fr\/wp-json\/wp\/v2\/media?parent=140536"}],"wp:term":[{"taxonomy":"category","embeddable":true,"href":"https:\/\/www.europesays.com\/fr\/wp-json\/wp\/v2\/categories?post=140536"},{"taxonomy":"post_tag","embeddable":true,"href":"https:\/\/www.europesays.com\/fr\/wp-json\/wp\/v2\/tags?post=140536"}],"curies":[{"name":"wp","href":"https:\/\/api.w.org\/{rel}","templated":true}]}}