{"id":140538,"date":"2025-05-31T01:22:09","date_gmt":"2025-05-31T01:22:09","guid":{"rendered":"https:\/\/www.europesays.com\/fr\/140538\/"},"modified":"2025-05-31T01:22:09","modified_gmt":"2025-05-31T01:22:09","slug":"pga-du-quebec-des-performances-relevees-au-club-heriot","status":"publish","type":"post","link":"https:\/\/www.europesays.com\/fr\/140538\/","title":{"rendered":"PGA du Qu\u00e9bec : des performances relev\u00e9es au club Heriot"},"content":{"rendered":"<p><strong>GOLF. C\u2019est sur le terrain du club de golf Heriot de Drummondville que la saison 2025 de l\u2019Association des golfeurs professionnels (PGA) du Qu\u00e9bec a pris son envol, jeudi, au lendemain de <a href=\"https:\/\/www.journalexpress.ca\/2025\/05\/28\/des-pros-et-des-vedettes-au-service-dune-bonne-cause\/\" target=\"_blank\" rel=\"noopener\">la classique Normand-L\u00e9veill\u00e9<\/a>.<\/strong><\/p>\n<p>La premi\u00e8re ronde qualificative de la coupe h\u00f4tel\u2013casino de Charlevoix a r\u00e9uni plusieurs tandems de professionnels d\u00e9termin\u00e9s \u00e0 faire leur place parmi l\u2019\u00e9lite provinciale. Disput\u00e9 en \u00e9quipe de deux joueurs sous la formule \u00abdeux balles, meilleure balle\u00bb, ce tournoi suscite de plus en plus d\u2019engouement sur le circuit qu\u00e9b\u00e9cois, apprend-on dans un communiqu\u00e9 de presse \u00e9mis par la PGA du Qu\u00e9bec.<\/p>\n<p>Dans des conditions plut\u00f4t grises avec un peu de pluie, les \u00e9quipes ont su malgr\u00e9 tout livrer de solides performances sur un parcours bien pr\u00e9par\u00e9. \u00c0 l\u2019issue de cette journ\u00e9e relev\u00e9e, huit \u00e9quipes ont obtenu leur laissez-passer pour la finale : quatre dans la cat\u00e9gorie championnat et autant dans la cat\u00e9gorie senior.<\/p>\n<p>Dans la cat\u00e9gorie championnat, William Blanchard et Billy Houle (score de -11) ont devanc\u00e9 Sonny Michaud et Fr\u00e9d\u00e9ric Raymond (score de -9), Anthony Godbout et Brendan Smith (score de -8) ainsi que F\u00e9lix-Antoine Froment et Brandon Rattray (score de -6).<\/p>\n<p>Les champions en titre, William Blanchard et Billy Houle, ont exprim\u00e9 leur enthousiasme \u00e0 l\u2019approche de la grande finale.<\/p>\n<p>\u00abC\u2019est un honneur de d\u00e9fendre notre titre cette ann\u00e9e, surtout apr\u00e8s un d\u00e9but aussi solide lors des qualifications. Nous sommes motiv\u00e9s et pr\u00eats \u00e0 donner le meilleur de nous-m\u00eames pour conserver notre place au sommet\u00bb, ont-ils affirm\u00e9 avec confiance.<\/p>\n<p><img loading=\"lazy\" decoding=\"async\" class=\"wp-image-252780\" src=\"https:\/\/www.europesays.com\/fr\/wp-content\/uploads\/2025\/05\/image_modif_2025-05-29-19-08-08.jpg\" alt=\"\" width=\"365\" height=\"351\"  \/>Marc Foucault et Kevin Senecal. (Photo : PGA du Qu\u00e9bec)<\/p>\n<p>Dans la cat\u00e9gorie senior, Marc Foucault et Kevin Senecal se sont d\u00e9marqu\u00e9s avec une performance solide de -8, s\u2019assurant de la premi\u00e8re position devant Martin Plante et Gregg Cuthill (score de -7), Marc Girouard et Marc Hurtubise (score de -5) ainsi que Ben Boudreau et Jean Laforce (score de -4). Le duo, visiblement satisfait de son jeu, compte bien faire sa marque lors de la grande finale.<\/p>\n<p>\u00abNous avons bien g\u00e9r\u00e9 les conditions et jou\u00e9 de mani\u00e8re intelligente, ont-ils comment\u00e9 apr\u00e8s leur ronde. La chimie dans notre \u00e9quipe fait toute la diff\u00e9rence et on a tr\u00e8s h\u00e2te de repr\u00e9senter la cat\u00e9gorie senior \u00e0 Charlevoix.\u00bb<\/p>\n<p>Pour les \u00e9quipes qui n\u2019ont pas r\u00e9ussi \u00e0 se qualifier jeudi, l\u2019aventure n\u2019est pas termin\u00e9e. Une deuxi\u00e8me ronde qualificative est pr\u00e9vue, offrant une ultime opportunit\u00e9 de d\u00e9crocher une place \u00e0 l\u2019\u00e9v\u00e9nement des 22 et 23 septembre prochains, au club de golf du Fairmont Le Manoir Richelieu. Les d\u00e9tails entourant cette deuxi\u00e8me qualification seront annonc\u00e9s sous peu par la PGA du Qu\u00e9bec.<\/p>\n<p>\u00abLa coupe h\u00f4tel\u2013casino de Charlevoix continue de se distinguer non seulement par son format dynamique en \u00e9quipe de deux, mais aussi par le prestige et l\u2019ambiance qui entourent l\u2019\u00e9v\u00e9nement, a indiqu\u00e9 le directeur g\u00e9n\u00e9ral de la PGA du Qu\u00e9bec, \u00c9ric Couture. En collaboration avec ses pr\u00e9cieux partenaires, la PGA du Qu\u00e9bec est fi\u00e8re de voir ce tournoi prendre de l\u2019ampleur ann\u00e9e apr\u00e8s ann\u00e9e.\u00bb<\/p>\n<p>\u00abLa PGA du Qu\u00e9bec tient \u00e0 remercier chaleureusement le club de golf Heriot pour son accueil exceptionnel et son implication dans la r\u00e9ussite de cette journ\u00e9e, a-t-il ajout\u00e9. L\u2019organisation remercie \u00e9galement tous les participants pour leur professionnalisme et leur esprit sportif.\u00bb<\/p>\n<p>Les r\u00e9sultats complets de ce tournoi sont affich\u00e9s <a href=\"http:\/\/www.pgaquebec.com\/\" target=\"_blank\" rel=\"noopener\">sur le site web<\/a> de la PGA du Qu\u00e9bec. <strong>(JH)<\/strong><\/p>\n","protected":false},"excerpt":{"rendered":"GOLF. C\u2019est sur le terrain du club de golf Heriot de Drummondville que la saison 2025 de l\u2019Association&hellip;\n","protected":false},"author":2,"featured_media":140539,"comment_status":"","ping_status":"","sticky":false,"template":"","format":"standard","meta":{"footnotes":""},"categories":[1418],"tags":[17,4077,26798,574,4808,26799,6498,3233,26800,3526,26801,6499,26802,827,615,1869,26803,9132,7801,6504,26445,12610,2263,14078,6505,6507,2396,13042,1011,27,1472,26804,26805,190,4662,26447,6510,26806,7805,26807,26808,2487,6511,3239,21676,8188,6512,26809,4459,2426,2427,26810,8524,7810,4978,26811,12361,517,60,3945,9621,6515],"class_list":{"0":"post-140538","1":"post","2":"type-post","3":"status-publish","4":"format-standard","5":"has-post-thumbnail","7":"category-golf","8":"tag-17","9":"tag-association","10":"tag-billy-houde","11":"tag-canada","12":"tag-casino","13":"tag-categorie","14":"tag-centre-du-quebec","15":"tag-championnat","16":"tag-charlevoix","17":"tag-classique","18":"tag-club-de-golf","19":"tag-club-de-golf-heriot","20":"tag-club-heriot","21":"tag-competition","22":"tag-coupe","23":"tag-debut","24":"tag-deux-balles","25":"tag-directeur-general","26":"tag-drummond","27":"tag-drummondville","28":"tag-drummondvillois","29":"tag-duo","30":"tag-equipe","31":"tag-equipes","32":"tag-eric-couture","33":"tag-express","34":"tag-finale","35":"tag-fondation","36":"tag-fr","37":"tag-france","38":"tag-golf","39":"tag-golfeurs","40":"tag-heriot","41":"tag-hotel","42":"tag-journal","43":"tag-journal-express","44":"tag-journal-lexpress","45":"tag-kevin-senecal","46":"tag-lexpress","47":"tag-marc-foucault","48":"tag-meilleure-balle","49":"tag-meteo","50":"tag-normand-leveille","51":"tag-performance","52":"tag-performances","53":"tag-pga","54":"tag-pga-du-quebec","55":"tag-pga-quebec","56":"tag-pluie","57":"tag-professionnel","58":"tag-professionnels","59":"tag-pros","60":"tag-qualifications","61":"tag-quebec","62":"tag-ronde","63":"tag-saint-nicephore","64":"tag-senior","65":"tag-sport","66":"tag-sports","67":"tag-terrain","68":"tag-tournoi","69":"tag-william-blanchard"},"share_on_mastodon":{"url":"","error":"Validation failed: Text character limit of 500 exceeded"},"_links":{"self":[{"href":"https:\/\/www.europesays.com\/fr\/wp-json\/wp\/v2\/posts\/140538","targetHints":{"allow":["GET"]}}],"collection":[{"href":"https:\/\/www.europesays.com\/fr\/wp-json\/wp\/v2\/posts"}],"about":[{"href":"https:\/\/www.europesays.com\/fr\/wp-json\/wp\/v2\/types\/post"}],"author":[{"embeddable":true,"href":"https:\/\/www.europesays.com\/fr\/wp-json\/wp\/v2\/users\/2"}],"replies":[{"embeddable":true,"href":"https:\/\/www.europesays.com\/fr\/wp-json\/wp\/v2\/comments?post=140538"}],"version-history":[{"count":0,"href":"https:\/\/www.europesays.com\/fr\/wp-json\/wp\/v2\/posts\/140538\/revisions"}],"wp:featuredmedia":[{"embeddable":true,"href":"https:\/\/www.europesays.com\/fr\/wp-json\/wp\/v2\/media\/140539"}],"wp:attachment":[{"href":"https:\/\/www.europesays.com\/fr\/wp-json\/wp\/v2\/media?parent=140538"}],"wp:term":[{"taxonomy":"category","embeddable":true,"href":"https:\/\/www.europesays.com\/fr\/wp-json\/wp\/v2\/categories?post=140538"},{"taxonomy":"post_tag","embeddable":true,"href":"https:\/\/www.europesays.com\/fr\/wp-json\/wp\/v2\/tags?post=140538"}],"curies":[{"name":"wp","href":"https:\/\/api.w.org\/{rel}","templated":true}]}}