{"id":140540,"date":"2025-05-31T01:24:09","date_gmt":"2025-05-31T01:24:09","guid":{"rendered":"https:\/\/www.europesays.com\/fr\/140540\/"},"modified":"2025-05-31T01:24:09","modified_gmt":"2025-05-31T01:24:09","slug":"elite-1-le-stade-toulousain-peut-ecrire-une-page-de-son-histoire-il-faudra-gravir-une-montagne","status":"publish","type":"post","link":"https:\/\/www.europesays.com\/fr\/140540\/","title":{"rendered":"\u00c9lite 1. Le Stade Toulousain peut \u00e9crire une page de son histoire, il faudra gravir une montagne"},"content":{"rendered":"<p>            Par<br \/>\n        <strong><br \/>\n            <a href=\"https:\/\/actu.fr\/auteur\/ancelin-emeryhenriot\" title=\"Consulter tous les articles de Ancelin Emery-Henriot\" rel=\"nofollow noopener\" target=\"_blank\">Ancelin Emery-Henriot<\/a><br \/>\n        <\/strong><\/p>\n<p>        Publi\u00e9 le<\/p>\n<p>            30 mai 2025 \u00e0 20h29        <\/p>\n<p>Le doux parfum des <strong>matchs pour le titre<\/strong> est enfin de retour dans l\u2019hexagone. Si l\u2019Union Bordeaux B\u00e8gles a donn\u00e9 un avant-go\u00fbt europ\u00e9en le week-end dernier, la p\u00e9riode des finales de championnats fran\u00e7ais majeurs s\u2019ouvrira ce samedi 31 mai \u00e0 16 h 45 au stade Marcel Michelin de Clermont-Ferrand. Et c\u2019est le <strong>Stade Bordelais<\/strong> et le <strong>Stade Toulousain<\/strong> qui s\u2019affronteront en finale de l\u2019<strong>Elite 1 f\u00e9minine<\/strong>.\u00a0<\/p>\n<p>En demi-teinte<\/p>\n<p class=\" wall-content\">En effet, les Toulousaines sont ressorties vainqueurs du <strong>derby<\/strong> face \u00e0 Blagnac en demi-finale sur le score de 23 \u00e0 27. Les Rouge et Noir ont profit\u00e9 d\u2019un d\u00e9but de match \u00e9norme avec <strong>trois essais<\/strong> avant la pause. Plus en difficult\u00e9 en seconde p\u00e9riode, et r\u00e9duite \u00e0 14 par deux fois, elles auront r\u00e9ussi \u00e0 <strong>tenir<\/strong> alors qu\u2019elles n\u2019\u00e9taient pas favorites.\u00a0<\/p>\n<p class=\" wall-content\">Les Bordelaises ont, elles, v\u00e9cu<strong>\u00a0un match \u00e9trange<\/strong> face \u00e0 l\u2019ASM Romagnat. Pourtant ultra favorites, les lionnes se sont fait surprendre dans une premi\u00e8re mi-temps qualifi\u00e9e de \u201c<strong>cauchemar<\/strong>\u201d. 3 \u00e0 8 pour Clermont. Mais les joueuses de Fran\u00e7ois Ratier ont su retrouver le sens dans le deuxi\u00e8me acte, o\u00f9 elles se sont<strong> lib\u00e9r\u00e9es offensivement<\/strong>. Le score est large au final, un 34 \u00e0 18 sec. Mais les championnes en titre se sont fait peur, dans un match o\u00f9 peu de sp\u00e9cialistes les pr\u00e9voyait autant<strong> en difficult\u00e9<\/strong>.\u00a0\u00a0<\/p>\n<p>Faire tomber un g\u00e9ant<\/p>\n<p class=\" wall-content\">Une finale qui opposera donc les premi\u00e8res au troisi\u00e8me de phase r\u00e9guli\u00e8re. Et ces derni\u00e8res auront \u00e0 c\u0153ur d\u2019inscrire <strong>une nouvelle ligne<\/strong> au palmar\u00e8s de leur jeune histoire. En effet, officiellement fond\u00e9 en 2014, sur les bases du l\u00e9gendaire<strong> Toulouse F\u00e9mina Sport<\/strong>, le Stade Toulousain f\u00e9minin a une cartouche pour d\u00e9crocher son <strong>deuxi\u00e8me titre<\/strong>, apr\u00e8s celui de 2019. Mais pour cela, il faudra gravir une montagne.<\/p>\n<p>Vid\u00e9os : en ce moment sur Actu<\/p>\n<p class=\" wall-content\">Les co\u00e9quipi\u00e8res de <strong>Pauline Bourdon Sansus<\/strong> vont se frotter \u00e0 un Stade Bordelais en mission tripl\u00e9. Les joueuses emmen\u00e9es par Joanna Grisez, auteure de trois essais en demi, ont remport\u00e9 les deux derni\u00e8res \u00e9ditions de l\u2019<strong>Elite 1<\/strong>. En glanant un troisi\u00e8me cons\u00e9cutif, elles pourraient rejoindre un cercle tr\u00e8s ferm\u00e9 dans le rugby fran\u00e7ais. Seuls <strong>quatre clubs<\/strong> ont r\u00e9ussi un tel exploit par le pass\u00e9.<\/p>\n<p class=\" wall-content\">Suivez toute l\u2019actualit\u00e9 de vos villes et m\u00e9dias favoris en vous inscrivant \u00e0 <a href=\"https:\/\/moncompte.actu.fr\" title=\"D\u00e9couvez Mon Actu\" rel=\"nofollow noopener\" data-trk=\"{&quot;cta&quot;:{&quot;action&quot;:&quot;https:\\\/\\\/moncompte.actu.fr&quot;,&quot;category&quot;:&quot;mon compte&quot;,&quot;from&quot;:&quot;article footer&quot;,&quot;name&quot;:&quot;Mon actu&quot;,&quot;type&quot;:&quot;cta&quot;}}\" target=\"_blank\">Mon Actu<\/a>.<\/p>\n<ul class=\"ac-article-tag wall-content\">\n<li><a href=\"https:\/\/actu.fr\/tag\/rugby-feminin\" data-trk=\"{&quot;cta&quot;:{&quot;action&quot;:&quot;Rugby F\\u00e9minin&quot;,&quot;category&quot;:&quot;tag&quot;,&quot;from&quot;:&quot;article footer&quot;,&quot;name&quot;:&quot;Rugby F\\u00e9minin&quot;,&quot;type&quot;:&quot;cta&quot;}}\" rel=\"nofollow noopener\" target=\"_blank\">#Rugby F\u00e9minin<\/a><\/li>\n<li><a href=\"https:\/\/actu.fr\/tag\/stade-toulousain\" data-trk=\"{&quot;cta&quot;:{&quot;action&quot;:&quot;Stade toulousain&quot;,&quot;category&quot;:&quot;tag&quot;,&quot;from&quot;:&quot;article footer&quot;,&quot;name&quot;:&quot;Stade toulousain&quot;,&quot;type&quot;:&quot;cta&quot;}}\" rel=\"nofollow noopener\" target=\"_blank\">#Stade toulousain<\/a><\/li>\n<\/ul>\n","protected":false},"excerpt":{"rendered":"Par Ancelin Emery-Henriot Publi\u00e9 le 30 mai 2025 \u00e0 20h29 Le doux parfum des matchs pour le titre&hellip;\n","protected":false},"author":2,"featured_media":140541,"comment_status":"","ping_status":"","sticky":false,"template":"","format":"standard","meta":{"footnotes":""},"categories":[1416],"tags":[1011,27,479,12042,1468,60,476],"class_list":{"0":"post-140540","1":"post","2":"type-post","3":"status-publish","4":"format-standard","5":"has-post-thumbnail","7":"category-rugby","8":"tag-fr","9":"tag-france","10":"tag-rugby","11":"tag-rugby-feminin","12":"tag-rugby-football","13":"tag-sports","14":"tag-stade-toulousain"},"share_on_mastodon":{"url":"https:\/\/pubeurope.com\/@fr\/114599838728546450","error":""},"_links":{"self":[{"href":"https:\/\/www.europesays.com\/fr\/wp-json\/wp\/v2\/posts\/140540","targetHints":{"allow":["GET"]}}],"collection":[{"href":"https:\/\/www.europesays.com\/fr\/wp-json\/wp\/v2\/posts"}],"about":[{"href":"https:\/\/www.europesays.com\/fr\/wp-json\/wp\/v2\/types\/post"}],"author":[{"embeddable":true,"href":"https:\/\/www.europesays.com\/fr\/wp-json\/wp\/v2\/users\/2"}],"replies":[{"embeddable":true,"href":"https:\/\/www.europesays.com\/fr\/wp-json\/wp\/v2\/comments?post=140540"}],"version-history":[{"count":0,"href":"https:\/\/www.europesays.com\/fr\/wp-json\/wp\/v2\/posts\/140540\/revisions"}],"wp:featuredmedia":[{"embeddable":true,"href":"https:\/\/www.europesays.com\/fr\/wp-json\/wp\/v2\/media\/140541"}],"wp:attachment":[{"href":"https:\/\/www.europesays.com\/fr\/wp-json\/wp\/v2\/media?parent=140540"}],"wp:term":[{"taxonomy":"category","embeddable":true,"href":"https:\/\/www.europesays.com\/fr\/wp-json\/wp\/v2\/categories?post=140540"},{"taxonomy":"post_tag","embeddable":true,"href":"https:\/\/www.europesays.com\/fr\/wp-json\/wp\/v2\/tags?post=140540"}],"curies":[{"name":"wp","href":"https:\/\/api.w.org\/{rel}","templated":true}]}}