{"id":140553,"date":"2025-05-31T01:32:14","date_gmt":"2025-05-31T01:32:14","guid":{"rendered":"https:\/\/www.europesays.com\/fr\/140553\/"},"modified":"2025-05-31T01:32:14","modified_gmt":"2025-05-31T01:32:14","slug":"anne-holtrop-larchitecte-poete-de-la-matiere","status":"publish","type":"post","link":"https:\/\/www.europesays.com\/fr\/140553\/","title":{"rendered":"Anne Holtrop, l\u2019architecte po\u00e8te de la mati\u00e8re"},"content":{"rendered":"<p>Ce N\u00e9erlandais qui navigue entre la Hollande et Bahre\u00efn \u00e9rige des mus\u00e9es, agence des boutiques de luxe et dessine un mobilier arty. Avec toujours la m\u00eame constance\u00a0: c\u00e9l\u00e9brer, exp\u00e9rimenter, r\u00e9v\u00e9ler les mat\u00e9riaux.<\/p>\n<p class=\"fig-paragraph\">Il vient tout juste de livrer le Siyadi Pearl Museum \u00e0 Bahre\u00efn. Situ\u00e9 \u00e0 Muharrak, dans une r\u00e9gion \u00e0 la tradition mill\u00e9naire d\u2019exploitation des perles, le b\u00e2timent n\u00e9cessitait une extension, une refonte \u00e9galement. Afin d\u2019accentuer les qualit\u00e9s historiques et esth\u00e9tiques de cette construction en pierre corallienne, Anne Holtrop en a supprim\u00e9 moult ajouts ornementaux, a modernis\u00e9 les fa\u00e7ades et a prolong\u00e9 les murs existants. \u00c0 cet effet, il a mis en \u0153uvre un nouveau proc\u00e9d\u00e9 de pl\u00e2trage, appliquant une premi\u00e8re couche rugueuse, suivie d\u2019une seconde lisse, partiellement appos\u00e9e en surface, permettant une finition textur\u00e9e qui laisse appara\u00eetre les deux couches de pl\u00e2tre. \u00ab Je tenais \u00e0 \u00e9voquer une forme de patine, ne surtout pas faire table rase du pass\u00e9\u00a0\u00bb, assure l\u2019architecte n\u00e9erlandais. Le mus\u00e9e, qui abrite une importante collection de pi\u00e8ces Cartier, ainsi que le fonds propre au mus\u00e9e national de Bahre\u00efn, entretient un lien fort avec son environnement ext\u00e9rieur. Il est enti\u00e8rement \u00e9clair\u00e9 \u00e0 la lumi\u00e8re naturelle\u00a0; la qualit\u00e9 des perles se devant d\u2019\u00eatre jaug\u00e9e \u00e0 celle du jour. Au rez-de-chauss\u00e9e, de grandes portes vitr\u00e9es pivotantes permettent d\u2019acc\u00e9der aux galeries d\u2019exposition comme de laisser p\u00e9n\u00e9trer la lumi\u00e8re. Leur texture translucide contraste avec les tons terreux des salles abritant les vitrines pr\u00e9sentant bijoux et perles en vrac. Les parois de la galerie principale sont, elles, recouvertes de feuilles d\u2019argent, appos\u00e9es sur une base de pl\u00e2tre, qui vibrent d\u2019une m\u00eame opalescence que la nacre. \u00ab L\u2019argent est un mat\u00e9riau tr\u00e8s sensible aux intemp\u00e9ries, l\u2019humidit\u00e9 de l\u2019air salin et les impuret\u00e9s qu\u2019il contient, comme le soufre ou l\u2019oxyde, explique Holtrop. Cette d\u00e9t\u00e9rioration par le passage du temps peut \u00eatre envisag\u00e9e comme un embellissement\u00a0; du noircissement de la feuille d\u2019argent \u00e9merge un myst\u00e9rieux raffinement. Il est essentiel que mes constructions soient li\u00e9es au contexte dans lequel elles s\u2019inscrivent, tout en \u00e9tant adapt\u00e9es aux conditions atmosph\u00e9riques.\u00a0\u00bb<\/p>\n<p class=\"fig-paragraph\"><a href=\"http:\/\/kiosque.lefigaro.fr\/f-art-de-vivre\" data-gtm-custom-categorie=\"navigation\" data-gtm-custom-action=\"crossclick\" data-gtm-custom-label=\"Contextuel\" data-gtm-event=\"customEventSPE\" target=\"_blank\" rel=\"noopener\">&gt; D\u00e9couvrez l\u2019int\u00e9gralit\u00e9 de F, Art de vivre<\/a><\/p>\n<p>    La fa\u00e7ade du Green Corner Building, espace de stockage et d\u2019archivage d\u2019\u0153uvres d\u2019art \u00e0 Muharrak.<br \/>\n                Studio Anne Holtrop<\/p>\n<p>    Boutique agenc\u00e9e pour la griffe Martin Margiela, \u00e0 Londres.<br \/>\n                Henry Bourne<\/p>\n<p class=\"fig-paragraph\">\u00c0 sa fa\u00e7on, Anne Holtrop inaugure une nouvelle forme de brutalisme onirique. Si ses b\u00e2timents d\u00e9coulent de formes g\u00e9om\u00e9triques massives qui s\u2019imbriquent dans un chaos po\u00e9tique, lui pr\u00e9f\u00e8re au b\u00e9ton brut \u2013 mat\u00e9riau tant ch\u00e9ri de ses pr\u00e9d\u00e9cesseurs modernistes des ann\u00e9es 1950 \u00e0 1970 \u2013 de nouvelles mat\u00e9rialit\u00e9s. \u00ab Je m\u2019int\u00e9resse au processus que subit la mati\u00e8re pour passer d\u2019un \u00e9tat \u00e0 un autre. Comment, sous l\u2019effet persistant de la gravit\u00e9, un mat\u00e9riau \u00e0 l\u2019\u00e9tat fluide peut se fixer et durcir. Comment une mati\u00e8re peut en influencer une autre lors de processus de fabrication\u00a0: j\u2019explore par exemple le verre moul\u00e9 sur du gypse, le b\u00e9ton coul\u00e9 sur du sable.\u00a0\u00bb Des exp\u00e9rimentations qui trouvent d\u00e9j\u00e0 une application au Customs House, le bureau de poste principal de Manama, capitale de Bahre\u00efn, et bient\u00f4t pr\u00e9sentes au Misk Art Institute de Riyad. \u00ab Je suis originaire des Pays-Bas, j\u2019ai ouvert mon premier cabinet \u00e0 Amsterdam en 2009. Apr\u00e8s avoir remport\u00e9 le concours pour le premier pavillon national de Bahre\u00efn \u00e0 l\u2019Expo de Milan en 2015, j\u2019ai d\u00e9m\u00e9nag\u00e9 l\u00e0-bas pour sa conception en 2014. J\u2019\u00e9tais et je suis toujours tr\u00e8s int\u00e9ress\u00e9 par le Moyen-Orient. Je trouve l\u2019aridit\u00e9 des paysages extr\u00eamement puissante et belle. Il s\u2019agit de mati\u00e8res premi\u00e8res mises \u00e0 nu devant vos yeux. Il suffit de d\u00e9placer ces mat\u00e9riaux dans un ordre diff\u00e9rent, comme le furent pens\u00e9s les monts fun\u00e9raires de Dilmun, \u00e0 Bahre\u00efn, il y a six mille ans, pour cr\u00e9er des \u0153uvres signifiantes. Convaincu que chaque architecture doit \u00eatre sp\u00e9cifique \u00e0 un site, j\u2019aime travailler avec la mat\u00e9rialit\u00e9 d\u2019un lieu, la modifier pour cr\u00e9er de nouvelles formes\u2026\u00a0\u00bb<\/p>\n<p class=\"fig-body-link\">\n            \u00c0 lire aussi<br \/>\n        <a class=\"fig-body-link__link fig-premium-mark\" href=\"http:\/\/www.lefigaro.fr\/arts-expositions\/quels-sont-les-moyens-d-action-pour-envisager-l-habitat-la-biennale-du-design-de-saint-etienne-un-evenement-laboratoire-au-service-du-futur-20250522\" data-fig-type=\"Article\" data-gtm-custom-categorie=\"navigation\" data-gtm-custom-action=\"crossclick\" data-gtm-custom-label=\"Contextuel\" data-gtm-event=\"customEventSPE\" data-fig-domain=\"LEFIGARO\" target=\"_blank\" rel=\"noopener\">\u00abQuels sont les moyens d\u2019action pour envisager l\u2019habitat\u00a0?\u00bb\u00a0: la Biennale du Design de Saint-\u00c9tienne, un \u00e9v\u00e9nement-laboratoire au service du futur<br \/>\n    <\/a>\n<\/p>\n<p>D\u00c9CONSTRUIRE POUR EXPLORER LES POSSIBILIT\u00c9S<\/p>\n<p>    Le bureau de l\u2019agence du Studio Anne Holtrop.<br \/>\n                Studio Anne Holtrop.<\/p>\n<p>    Portes en verre textur\u00e9 au Siyadi Pearl Museum.<br \/>\n                Studio Anne Holtrop.<\/p>\n<p class=\"fig-paragraph\">Entour\u00e9 d\u2019une \u00e9quipe de quinze collaborateurs en son studio de Bahre\u00efn et de cinq personnes \u00e0 sa chaire de recherche et d\u2019enseignement de l\u2019\u00c9cole polytechnique de Zurich \u2013 car l\u2019architecte est \u00e9galement professeur \u2013, Anne Holtrop a \u00e9galement d\u00e9velopp\u00e9 les boutiques de Maison Margiela \u00e0 Paris, Londres, Osaka et Shangha\u00ef. \u00ab Nous avons travaill\u00e9 en \u00e9troite collaboration avec John Galliano sur un nouveau concept, raconte-t-il. Ce qui \u00e9tait inspirant et tr\u00e8s int\u00e9ressant, c\u2019est qu\u2019il avait analys\u00e9 l\u2019\u0153uvre de Martin Margiela \u00e0 travers sept codes. Ces codes d\u00e9crivaient davantage des processus, des syst\u00e8mes et des modes de fabrication des v\u00eatements qu\u2019un style. Nous avons donc appliqu\u00e9 ces codes \u00e0 l\u2019architecture.\u00a0\u00bb D\u2019o\u00f9 des espaces d\u00e9construits, tout en asym\u00e9tries fluides, orn\u00e9s de murs et de colonnes moul\u00e9s \u00e0 l\u2019empreinte de textiles faisant des plis et des creux, afin de donner l\u2019illusion de tissus se gonflant dans le vent.<\/p>\n<blockquote class=\"fig-quote&#10;    \">\n<p class=\"fig-quote__text\">\u00ab J\u2019aime travailler avec la mat\u00e9rialit\u00e9 d\u2019un lieu, la modifier pour cr\u00e9er de nouvelles formes\u2026\u00a0\u00bb<\/p>\n<p>            Anne Holtrop\n    <\/p><\/blockquote>\n<p class=\"fig-paragraph\">Pour les boutiques de la cr\u00e9atrice de bijoux Charlotte Chesnais, Anne Holtrop a \u00e9rig\u00e9 des \u00e9l\u00e9ments monolithiques translucides \u00e9voquant des cascades d\u2019eau fig\u00e9es dans lesquelles viennent s\u2019incruster les parures. \u00ab J\u2019aime travailler sur des commandes de marques de mode, car cela permet d\u2019avoir une notion du temps diff\u00e9rente de celle de l\u2019architecture, qui est beaucoup plus lente en termes de d\u00e9veloppement.\u00a0\u00bb<\/p>\n<p class=\"fig-paragraph\">Le cr\u00e9ateur exp\u00e9rimente \u00e9galement pour la tr\u00e8s prospective galerie bruxelloise Maniera un mobilier arty, constitu\u00e9 de luminaires totems en aluminium coul\u00e9s au sable, de consoles \u00e0 partir d\u2019encastrements de plaques de marbre et de lampes en fonte de verre pigment\u00e9. \u00ab Le verre est de plus en plus pr\u00e9sent dans notre travail, dit-il. C\u2019est un mat\u00e9riau riche et ambigu. Il laisse certes passer la lumi\u00e8re, mais peut aussi obscurcir la vue. Et peut-\u00eatre model\u00e9 \u00e0 l\u2019infini. Avec la chaleur, nous pouvons le fondre, lui donner de nouvelles formes, lui apporter de nouvelles empreintes. Ce que nous pratiquons \u00e0 travers les \u00e9crans de verre de nos b\u00e2timents. Une feuille de verre industriel standard est chauff\u00e9e dans un four et, dans son \u00e9tat \u00e9lastique, drap\u00e9e sur un moule en gypse.\u00a0\u00bb Toujours, Anne Holtrop s\u2019emploie \u00e0 repousser les mat\u00e9riaux jusque dans leur retranchement. Pour mieux les repenser, les sublimer.<\/p>\n","protected":false},"excerpt":{"rendered":"Ce N\u00e9erlandais qui navigue entre la Hollande et Bahre\u00efn \u00e9rige des mus\u00e9es, agence des boutiques de luxe et&hellip;\n","protected":false},"author":2,"featured_media":140554,"comment_status":"","ping_status":"","sticky":false,"template":"","format":"standard","meta":{"footnotes":""},"categories":[1358],"tags":[1660,1665,1659,1348,1384,1385,646,1668,1667,1673,1386,58,59,1658,1011,27,1661,1663,1672,1669,1670,1671,1664,1662,586,1666],"class_list":{"0":"post-140553","1":"post","2":"type-post","3":"status-publish","4":"format-standard","5":"has-post-thumbnail","7":"category-arts-et-design","8":"tag-actu-art-de-vivre","9":"tag-actualite-automobile","10":"tag-art-de-vivre","11":"tag-arts","12":"tag-arts-and-design","13":"tag-arts-et-design","14":"tag-automobile","15":"tag-bons-plans-voyages","16":"tag-conseils-voyage","17":"tag-degustation-vin","18":"tag-design","19":"tag-divertissement","20":"tag-entertainment","21":"tag-f-art-de-vivre","22":"tag-fr","23":"tag-france","24":"tag-gastronomie","25":"tag-oenologie","26":"tag-salon-automobile","27":"tag-sorties","28":"tag-sorties-a-paris","29":"tag-sortir-paris","30":"tag-tests-automobiles","31":"tag-vin","32":"tag-voyage","33":"tag-voyages"},"share_on_mastodon":{"url":"https:\/\/pubeurope.com\/@fr\/114599870133990346","error":""},"_links":{"self":[{"href":"https:\/\/www.europesays.com\/fr\/wp-json\/wp\/v2\/posts\/140553","targetHints":{"allow":["GET"]}}],"collection":[{"href":"https:\/\/www.europesays.com\/fr\/wp-json\/wp\/v2\/posts"}],"about":[{"href":"https:\/\/www.europesays.com\/fr\/wp-json\/wp\/v2\/types\/post"}],"author":[{"embeddable":true,"href":"https:\/\/www.europesays.com\/fr\/wp-json\/wp\/v2\/users\/2"}],"replies":[{"embeddable":true,"href":"https:\/\/www.europesays.com\/fr\/wp-json\/wp\/v2\/comments?post=140553"}],"version-history":[{"count":0,"href":"https:\/\/www.europesays.com\/fr\/wp-json\/wp\/v2\/posts\/140553\/revisions"}],"wp:featuredmedia":[{"embeddable":true,"href":"https:\/\/www.europesays.com\/fr\/wp-json\/wp\/v2\/media\/140554"}],"wp:attachment":[{"href":"https:\/\/www.europesays.com\/fr\/wp-json\/wp\/v2\/media?parent=140553"}],"wp:term":[{"taxonomy":"category","embeddable":true,"href":"https:\/\/www.europesays.com\/fr\/wp-json\/wp\/v2\/categories?post=140553"},{"taxonomy":"post_tag","embeddable":true,"href":"https:\/\/www.europesays.com\/fr\/wp-json\/wp\/v2\/tags?post=140553"}],"curies":[{"name":"wp","href":"https:\/\/api.w.org\/{rel}","templated":true}]}}