{"id":140563,"date":"2025-05-31T01:38:09","date_gmt":"2025-05-31T01:38:09","guid":{"rendered":"https:\/\/www.europesays.com\/fr\/140563\/"},"modified":"2025-05-31T01:38:09","modified_gmt":"2025-05-31T01:38:09","slug":"jean-pierre-caillot-sexprime-sur-la-relegation-de-reims-quand-on-a-un-club-plutot-bien-gere-cest-surprenant-de-descendre-france-stade-de-reims","status":"publish","type":"post","link":"https:\/\/www.europesays.com\/fr\/140563\/","title":{"rendered":"Jean-Pierre Caillot s\u2019exprime sur la rel\u00e9gation de Reims : \u00ab\u00a0Quand on a un club plut\u00f4t bien g\u00e9r\u00e9, c\u2019est surprenant de descendre\u00a0\u00bb &#8211; France &#8211; Stade de Reims"},"content":{"rendered":"<p>Sortie de route pour le camion Caillot.<\/p>\n<p><a target=\"_blank\" href=\"https:\/\/www.sofoot.com\/articles\/le-fc-metz-en-ligue-1-cest-parti-pour-un-retour\" rel=\"nofollow noopener\">Battu ce jeudi par le FC Metz<\/a>, <strong>le Stade de Reims a scell\u00e9 sa rel\u00e9gation en Ligue 2<\/strong> apr\u00e8s sept saisons cons\u00e9cutives au sein de l\u2019\u00e9lite. <strong>Jean-Pierre Caillot<\/strong>, pr\u00e9sident du club marnais, est revenu sur cette descente douloureuse <a target=\"_blank\" href=\"https:\/\/www.lequipe.fr\/Football\/Article\/Jean-pierre-caillot-apres-la-relegation-en-ligue-2-de-reims-c-est-toujours-facile-de-reecrire-l-histoire-apres\/1566272\" rel=\"nofollow noopener\">dans les colonnes de L\u2019\u00c9quipe<\/a>. Le sexag\u00e9naire l\u2019a reconnu : il ne s\u2019attendait pas \u00e0 vivre un tel calvaire cette saison. \u00ab\u202fLe travail accompli depuis des ann\u00e9es nous laissait penser qu\u2019on avait les bases pour effectuer notre huiti\u00e8me saison en Ligue 1.\u00a0Quand on a un club plut\u00f4t bien g\u00e9r\u00e9 qui ne fait pas parler de lui, c\u2019est surprenant qu\u2019\u00e0 un moment, une descente puisse arriver. Mais en fait, c\u2019est juste normal dans le foot.\u202f\u00bb<\/p>\n<p>Sous le feu des critiques de certains supporters, qui ont \u00e9t\u00e9 jusqu\u2019\u00e0 arracher des si\u00e8ges jeudi au stade Auguste-Delaune \u2013 \u00ab\u202fun ph\u00e9nom\u00e8ne classique, mais un peu excessif \u00bb \u2013, Jean-Pierre Caillot a assum\u00e9 ses d\u00e9cisions, ne regrettant pas les d\u00e9parts de plusieurs joueurs durant le mercato d\u2019hiver. \u00ab\u202fC\u2019est toujours facile de r\u00e9\u00e9crire l\u2019histoire apr\u00e8s. Le choix du coach de l\u2019\u00e9t\u00e9 dernier (Luka Elsner) et le fait qu\u2019il a fallu s\u2019en s\u00e9parer, c\u2019est \u00e9videmment un \u00e9chec. Pour la vente de Marshall Munetsi, je ne peux pas regretter de l\u2019avoir laiss\u00e9 vivre son r\u00eave : cela faisait cinq ans et demi qu\u2019il \u00e9tait irr\u00e9prochable, je ne pouvais pas l\u2019en priver. Je n\u2019ai pas de regrets humainement.\u202f\u202f\u00bb<\/p>\n<p>La mise \u00e0 l\u2019\u00e9cart de Teuma<\/p>\n<p>Le pr\u00e9sident est aussi revenu sur la gestion du capitaine Teddy Teuma, mis \u00e0 l\u2019\u00e9cart en fin de saison. \u00ab\u202fSi on a pris cette d\u00e9cision de l\u2019\u00e9carter, c\u2019est qu\u2019on consid\u00e9rait qu\u2019il n\u2019avait pas aux yeux de ses camarades un r\u00f4le de leader. Pour \u00e7a, il faut que le groupe l\u2019accepte et il y avait un probl\u00e8me de ce c\u00f4t\u00e9-l\u00e0. Cela n\u2019enl\u00e8ve rien au fait que c\u2019est un bon gar\u00e7on. Il n\u2019arrivait pas \u00e0 performer et \u00e7a s\u2019est traduit dans son comportement. Il faut se souvenir que pendant un match, il s\u2019en est pris \u00e0 d\u2019autres joueurs (contre Auxerre, 0-2, le 9\u00a0mars). Maintenant, de notre c\u00f4t\u00e9, on n\u2019exclut pas qu\u2019il puisse nous aider en Ligue\u00a02.\u202f\u00bb<\/p>\n<p>Jean-Pierre Caillot l\u2019assure en revanche : la p\u00e9rennit\u00e9 financi\u00e8re du club n\u2019est pas menac\u00e9e. \u00ab\u202fOn nous a fait parfois le reproche d\u2019\u00eatre un club bien g\u00e9r\u00e9 et c\u2019est dans ces moments-l\u00e0 que \u00e7a porte ses fruits. On a de quoi faire le budget. Aujourd\u2019hui, sur l\u2019aspect financier, le club n\u2019est pas en p\u00e9ril.\u202f\u00bb<\/p>\n<p>C\u2019est toujours mieux de descendre sportivement que via la DNCG.<\/p>\n<p>\t\t\t\t\t\t\t\t\t\t<a class=\"lien-connexe\" href=\"https:\/\/www.sofoot.com\/articles\/barrage-ligue-1-metz-vient-a-bout-de-reims-et-decroche-son-ticket-pour-la-ligue-1\" rel=\"nofollow noopener\" target=\"_blank\">Metz arrache son ticket pour la Ligue 1<\/a>\t\t\t\t\t<\/p>\n","protected":false},"excerpt":{"rendered":"Sortie de route pour le camion Caillot. Battu ce jeudi par le FC Metz, le Stade de Reims&hellip;\n","protected":false},"author":2,"featured_media":140564,"comment_status":"","ping_status":"","sticky":false,"template":"","format":"standard","meta":{"footnotes":""},"categories":[9],"tags":[47,61,69,65,64,63,1011,27,68,66,62,70,67,60],"class_list":{"0":"post-140563","1":"post","2":"type-post","3":"status-publish","4":"format-standard","5":"has-post-thumbnail","7":"category-sports","8":"tag-actualite","9":"tag-actus-football","10":"tag-bundesliga","11":"tag-championnats-europeens","12":"tag-equipe-de-france","13":"tag-football","14":"tag-fr","15":"tag-france","16":"tag-ligua","17":"tag-ligue-1","18":"tag-news-foot","19":"tag-premier-league","20":"tag-serie-a","21":"tag-sports"},"share_on_mastodon":{"url":"https:\/\/pubeurope.com\/@fr\/114599893659440561","error":""},"_links":{"self":[{"href":"https:\/\/www.europesays.com\/fr\/wp-json\/wp\/v2\/posts\/140563","targetHints":{"allow":["GET"]}}],"collection":[{"href":"https:\/\/www.europesays.com\/fr\/wp-json\/wp\/v2\/posts"}],"about":[{"href":"https:\/\/www.europesays.com\/fr\/wp-json\/wp\/v2\/types\/post"}],"author":[{"embeddable":true,"href":"https:\/\/www.europesays.com\/fr\/wp-json\/wp\/v2\/users\/2"}],"replies":[{"embeddable":true,"href":"https:\/\/www.europesays.com\/fr\/wp-json\/wp\/v2\/comments?post=140563"}],"version-history":[{"count":0,"href":"https:\/\/www.europesays.com\/fr\/wp-json\/wp\/v2\/posts\/140563\/revisions"}],"wp:featuredmedia":[{"embeddable":true,"href":"https:\/\/www.europesays.com\/fr\/wp-json\/wp\/v2\/media\/140564"}],"wp:attachment":[{"href":"https:\/\/www.europesays.com\/fr\/wp-json\/wp\/v2\/media?parent=140563"}],"wp:term":[{"taxonomy":"category","embeddable":true,"href":"https:\/\/www.europesays.com\/fr\/wp-json\/wp\/v2\/categories?post=140563"},{"taxonomy":"post_tag","embeddable":true,"href":"https:\/\/www.europesays.com\/fr\/wp-json\/wp\/v2\/tags?post=140563"}],"curies":[{"name":"wp","href":"https:\/\/api.w.org\/{rel}","templated":true}]}}