{"id":140572,"date":"2025-05-31T01:43:12","date_gmt":"2025-05-31T01:43:12","guid":{"rendered":"https:\/\/www.europesays.com\/fr\/140572\/"},"modified":"2025-05-31T01:43:12","modified_gmt":"2025-05-31T01:43:12","slug":"la-foule-a-saint-malo-pour-le-pont-de-lascension","status":"publish","type":"post","link":"https:\/\/www.europesays.com\/fr\/140572\/","title":{"rendered":"la foule \u00e0 Saint-Malo pour le pont de l&rsquo;Ascension"},"content":{"rendered":"<p>            Par<br \/>\n        <strong><br \/>\n            <a href=\"https:\/\/actu.fr\/auteur\/samuel-sauneuf\" title=\"Consulter tous les articles de Samuel Sauneuf\" target=\"_blank\" rel=\"noopener\">Samuel Sauneuf<\/a><br \/>\n        <\/strong><\/p>\n<p>        Publi\u00e9 le<\/p>\n<p>            30 mai 2025 \u00e0 19h23        <\/p>\n<p>C\u2019est l\u2019une des photos qui r\u00e9sume le mieux la fr\u00e9quentation de ce vendredi 30\u00a0mai 2025 \u00e0 <a href=\"https:\/\/actu.fr\/bretagne\/saint-malo_35288\" target=\"_blank\" rel=\"noopener\">Saint-Malo<\/a>. Une impressionnante file d\u2019attente s\u2019est form\u00e9e depuis l\u2019arr\u00eat de bus situ\u00e9 pr\u00e8s des quais du bassin Duguay-Trouin. Elle se termine plus d\u2019une centaine de m\u00e8tres plus loin, \u00e0 quelques enjamb\u00e9es du man\u00e8ge de la porte Saint-Vincent, \u00e0 l\u2019entr\u00e9e d\u2019Intra-Muros.<\/p>\n<blockquote class=\"tiktok-embed\" cite=\"https:\/\/www.tiktok.com\/@lepaysmalouin\/video\/7510266703654243606\" data-video-id=\"7510266703654243606\" data-embed-from=\"oembed\" style=\"max-width:605px; min-width:325px;\"><p>\n<a target=\"_blank\" title=\"@lepaysmalouin\" href=\"https:\/\/www.tiktok.com\/@lepaysmalouin?refer=embed\" rel=\"noopener\">@lepaysmalouin<\/a> <\/p>\n<p> <a target=\"_blank\" title=\"\u266c son original - Le Pays Malouin\" href=\"https:\/\/www.tiktok.com\/music\/son-original-7510266696567507734?refer=embed\" rel=\"noopener\">\u266c son original \u2013 Le Pays Malouin<\/a> <\/p>\n<\/blockquote>\n<p>\u00ab\u00a0\u00c7a n\u2019arr\u00eate pas cet apr\u00e8s-midi\u00a0\u00bb<\/p>\n<p class=\" wall-content\">Bienvenue en territoire corsaire, destination toute trouv\u00e9e et fr\u00e9quent\u00e9e comme il se doit pour ce pont de l\u2019Ascension aux airs de vacances d\u2019\u00e9t\u00e9. \u00ab Hier, jeudi, \u00e7a allait encore mais l\u00e0 aujourd\u2019hui, avec ce soleil, c\u2019est clairement la foule \u00bb, confirme une salari\u00e9e du parking-relais Paul F\u00e9val, dont les 800 places ne sont pas toutes occup\u00e9es pour autant.<\/p>\n<p class=\" wall-content\">\u00ab \u00c7a n\u2019arr\u00eate pas cet apr\u00e8s-midi. On n\u2019a pas eu de r\u00e9pit. Les gens cherchent des id\u00e9es d\u2019activit\u00e9s, des choses \u00e0 d\u00e9couvrir \u00e0 la journ\u00e9e \u00bb, glisse une employ\u00e9e de l\u2019office de tourisme, entre deux demandes \u00e0 satisfaire.<\/p>\n<p>    <img   decoding=\"async\" loading=\"lazy\" class=\"size-large\" src=\"https:\/\/www.europesays.com\/fr\/wp-content\/uploads\/2025\/05\/dfd65963e9386c3e65963e93897e65v-960x640.jpg\" alt=\"Les baigneurs n'ont pas attendu que la mer remonte jusqu'aux brise-lames pour se jeter \u00e0 l'eau, dans une mer avoinsant les 14 petits degr\u00e9s.\" width=\"960\" height=\"640\"\/><br \/>\n    Les baigneurs n\u2019ont pas attendu que la mer remonte jusqu\u2019aux brise-lames pour se jeter dans une eau \u00e0\u2026 14 petits degr\u00e9s. \u00a9Le Pays Malouin \/ Sa. SVid\u00e9os : en ce moment sur Actu<br \/>\n    <img   decoding=\"async\" loading=\"lazy\" class=\"size-large\" src=\"https:\/\/www.europesays.com\/fr\/wp-content\/uploads\/2025\/05\/1dc08963e938601d08963e938c4d08v-960x640.jpg\" alt=\"L'esplanade Saint-Vincent, trait d'union entre le Sillon et la vieille ville.\" width=\"960\" height=\"640\"\/><br \/>\n    L\u2019esplanade Saint-Vincent, trait d\u2019union entre le Sillon et la vieille ville. \u00a9Le Pays Malouin \/ Sa. SLa photo de la glace<\/p>\n<p class=\" wall-content\">Sur le Sillon o\u00f9 souffle un petit air marin qui maintient le thermom\u00e8tre tout juste sous les 20\u00b0, c\u2019est promenade ou bain de soleil. Les plus frileux profitent du mur de la Hoguette pour s\u2019abriter. Sur la digue, la langue de Moli\u00e8re se dispute \u00e0 celle de Shakespeare.<\/p>\n<p>    <img   decoding=\"async\" loading=\"lazy\" class=\"size-large\" src=\"https:\/\/www.europesays.com\/fr\/wp-content\/uploads\/2025\/05\/9593c963e9386a993c963e9384c93cv-960x640.jpg\" alt=\"Bain de soleil ou balade sur la digue, \u00e0 chacun son petit plaisir ce vendredi 30 mai.\" width=\"960\" height=\"640\"\/><br \/>\n    Bain de soleil ou balade sur la digue, \u00e0 chacun son petit plaisir ce vendredi 30\u00a0mai. \u00a9Le Pays Malouin \/ Sa. S<br \/>\n    <img   decoding=\"async\" loading=\"lazy\" class=\"size-large\" src=\"https:\/\/www.europesays.com\/fr\/wp-content\/uploads\/2025\/05\/3d44b963e93863154b963e9380554bv-960x640.jpg\" alt=\"20 petits degr\u00e9s au thermom\u00e8tre mais une temp\u00eate de ciel bleu et un soleil \u00e9clatant.\" width=\"960\" height=\"640\"\/><br \/>\n    Seulement 20 degr\u00e9s au thermom\u00e8tre mais une temp\u00eate de ciel bleu et un soleil \u00e9clatant. \u00a9Le Pays Malouin \/ Sa. S<\/p>\n<p class=\" wall-content\">Parmi ces vacanciers, des <a href=\"https:\/\/actu.fr\/tag\/tourisme\" target=\"_blank\" rel=\"noopener\">touristes<\/a> (ou peut-\u00eatre des locaux) t\u00e9m\u00e9raires (ou inconscients) photographient leur glace brandie vers l\u2019horizon alors qu\u2019une arm\u00e9e de go\u00e9lands sillonne le ciel et se livre \u00e0 quelques vols en rase-mottes annonciateurs d\u2019un pillage en r\u00e8gle.<\/p>\n<p>    <img   decoding=\"async\" loading=\"lazy\" class=\"size-large\" src=\"https:\/\/www.europesays.com\/fr\/wp-content\/uploads\/2025\/05\/4228a963e9386c628a963e9389b28av-960x640.jpg\" alt=\"La glace avec la plage et la mer en toile de fond. Voil\u00e0 une photo bien risqu\u00e9e sur le Sillon o\u00f9 le go\u00e9land est toujours \u00e0 l'aff\u00fbt.\" width=\"960\" height=\"640\"\/><br \/>\n    La glace avec la grande plage du Sillon en toile de fond. Voil\u00e0 une photo bien risqu\u00e9e l\u00e0 o\u00f9 le go\u00e9land r\u00e8gne en ma\u00eetre\u2026 \u00a9Le Pays Malouin \/ Sa. SLa foule Intra<\/p>\n<p class=\" wall-content\">Un peu plus loin, comme pr\u00e9vu, <a href=\"https:\/\/actu.fr\/tag\/intra-muros\" target=\"_blank\" rel=\"noopener\">Intra-Muros<\/a> n\u2019\u00e9chappe pas \u00e0 la foule des grands jours. Du haut des remparts, la rue Saint-Vincent annonce la couleur. Une plong\u00e9e dans la vieille ville et sa fameuse rue Porcon de la Barbinais encore noire de monde confirme la tendance observ\u00e9e.<\/p>\n<p class=\" wall-content\">Chez Sanchez, on prend son mal en patience, et on se l\u00e8che les babines en d\u00e9vorant des yeux les glaces des autres. Chez Hector, les gaufres et beignets au Nutella s\u2019encha\u00eenent \u00e0 la pelle (\u00e0 tartiner)\u2026 \u00e0 quelques m\u00e8tres du Kouign Amann de Saint-Malo, encercl\u00e9 par une foule d\u2019affam\u00e9s.<\/p>\n<p>    <img   decoding=\"async\" loading=\"lazy\" class=\"size-large\" src=\"https:\/\/www.europesays.com\/fr\/wp-content\/uploads\/2025\/05\/fab99963e938600c99963e93824c99v-960x640.jpg\" alt=\"La rue Saint-Vincent pavois\u00e9e aux couleurs du Tour de France qui s'\u00e9lancera de Saint-Malo le 11 juillet prochain.\" width=\"960\" height=\"640\"\/><br \/>\n    La rue Saint-Vincent pavois\u00e9e aux couleurs du Tour de France qui s\u2019\u00e9lancera de Saint-Malo le 11\u00a0juillet prochain. \u00a9Le Pays Malouin \/ Sa. S<br \/>\n    <img   decoding=\"async\" loading=\"lazy\" class=\"size-large\" src=\"https:\/\/www.europesays.com\/fr\/wp-content\/uploads\/2025\/05\/b8f1a963e9386ecf1a963e938e002av-960x640.jpg\" alt=\"La rue Porcon de la Barbinais, goulot d'\u00e9tranglement in\u00e9vitable Intra-Muros.\" width=\"960\" height=\"640\"\/><br \/>\n    La rue Porcon de la Barbinais, goulot d\u2019\u00e9tranglement in\u00e9vitable Intra-Muros. \u00a9Le Pays Malouin \/ Sa. S<br \/>\n    <img   decoding=\"async\" loading=\"lazy\" class=\"size-large\" src=\"https:\/\/www.europesays.com\/fr\/wp-content\/uploads\/2025\/05\/cc7cb963e9386f08cb963e938e48cbv-960x640.jpg\" alt=\"Le glacier Sanchez, pris d'assaut, une image incontournable quand la foule se presse Intra-Muros.\" width=\"960\" height=\"640\"\/><br \/>\n    Le glacier Sanchez, pris d\u2019assaut, une image incontournable quand la foule se presse Intra-Muros. \u00a9Le Pays Malouin \/ Sa. S<\/p>\n<p class=\" wall-content\">Autre ambiance pr\u00e8s du Fort national o\u00f9 des pelleteuses s\u2019\u00e9chinent \u00e0 curer le fond de la mare aux canards. La sc\u00e8ne intrigue des passants. \u00ab\u00a0Eh bah quoi, il y en a qui bossent aujourd\u2019hui ?\u00a0\u00bb Eh oui, il en reste quelques-uns\u2026<\/p>\n<p class=\" wall-content\">Suivez toute l\u2019actualit\u00e9 de vos villes et m\u00e9dias favoris en vous inscrivant \u00e0 <a href=\"https:\/\/moncompte.actu.fr\" title=\"D\u00e9couvez Mon Actu\" rel=\"nofollow noopener\" data-trk=\"{&quot;cta&quot;:{&quot;action&quot;:&quot;https:\\\/\\\/moncompte.actu.fr&quot;,&quot;category&quot;:&quot;mon compte&quot;,&quot;from&quot;:&quot;article footer&quot;,&quot;name&quot;:&quot;Mon actu&quot;,&quot;type&quot;:&quot;cta&quot;}}\" target=\"_blank\">Mon Actu<\/a>.<\/p>\n<p>                    <script async src=\"\/\/www.tiktok.com\/embed.js\"><\/script><\/p>\n","protected":false},"excerpt":{"rendered":"Par Samuel Sauneuf Publi\u00e9 le 30 mai 2025 \u00e0 19h23 C\u2019est l\u2019une des photos qui r\u00e9sume le mieux&hellip;\n","protected":false},"author":2,"featured_media":140573,"comment_status":"","ping_status":"","sticky":false,"template":"","format":"standard","meta":{"footnotes":""},"categories":[4],"tags":[11,1011,27,26813,12,25,104,16610,602],"class_list":{"0":"post-140572","1":"post","2":"type-post","3":"status-publish","4":"format-standard","5":"has-post-thumbnail","7":"category-france","8":"tag-actualites","9":"tag-fr","10":"tag-france","11":"tag-intra-muros","12":"tag-news","13":"tag-republique-francaise","14":"tag-societe","15":"tag-sortir-a-saint-malo","16":"tag-tourisme"},"share_on_mastodon":{"url":"https:\/\/pubeurope.com\/@fr\/114599913573148910","error":""},"_links":{"self":[{"href":"https:\/\/www.europesays.com\/fr\/wp-json\/wp\/v2\/posts\/140572","targetHints":{"allow":["GET"]}}],"collection":[{"href":"https:\/\/www.europesays.com\/fr\/wp-json\/wp\/v2\/posts"}],"about":[{"href":"https:\/\/www.europesays.com\/fr\/wp-json\/wp\/v2\/types\/post"}],"author":[{"embeddable":true,"href":"https:\/\/www.europesays.com\/fr\/wp-json\/wp\/v2\/users\/2"}],"replies":[{"embeddable":true,"href":"https:\/\/www.europesays.com\/fr\/wp-json\/wp\/v2\/comments?post=140572"}],"version-history":[{"count":0,"href":"https:\/\/www.europesays.com\/fr\/wp-json\/wp\/v2\/posts\/140572\/revisions"}],"wp:featuredmedia":[{"embeddable":true,"href":"https:\/\/www.europesays.com\/fr\/wp-json\/wp\/v2\/media\/140573"}],"wp:attachment":[{"href":"https:\/\/www.europesays.com\/fr\/wp-json\/wp\/v2\/media?parent=140572"}],"wp:term":[{"taxonomy":"category","embeddable":true,"href":"https:\/\/www.europesays.com\/fr\/wp-json\/wp\/v2\/categories?post=140572"},{"taxonomy":"post_tag","embeddable":true,"href":"https:\/\/www.europesays.com\/fr\/wp-json\/wp\/v2\/tags?post=140572"}],"curies":[{"name":"wp","href":"https:\/\/api.w.org\/{rel}","templated":true}]}}