{"id":140575,"date":"2025-05-31T01:45:11","date_gmt":"2025-05-31T01:45:11","guid":{"rendered":"https:\/\/www.europesays.com\/fr\/140575\/"},"modified":"2025-05-31T01:45:11","modified_gmt":"2025-05-31T01:45:11","slug":"doizieux-du-changement-dans-le-ramassage-des-dechets","status":"publish","type":"post","link":"https:\/\/www.europesays.com\/fr\/140575\/","title":{"rendered":"Doizieux. Du changement dans le ramassage des d\u00e9chets"},"content":{"rendered":"<p>Il va y a voir du changement d\u00e8s la semaine prochaine dans le ramassage des d\u00e9chets des Doizerains par les services de Saint-Etienne M\u00e9tropole. En effet, la collecte des bacs ou sacs jaunes aura lieu d\u00e9sormais toutes les semaines le mardi apr\u00e8s-midi. En ce qui concerne le ramassage des bacs des ordures m\u00e9nag\u00e8res, il aura lieu \u00e0 la fr\u00e9quence d\u2019une semaine sur deux le jeudi matin, ce qui ne change pas. Signalons enfin que la tr\u00e8s attendue d\u00e9chetterie mobile s\u2019installera sur notre commune samedi 6\u00a0septembre 2025.<\/p>\n","protected":false},"excerpt":{"rendered":"Il va y a voir du changement d\u00e8s la semaine prochaine dans le ramassage des d\u00e9chets des Doizerains&hellip;\n","protected":false},"author":2,"featured_media":140576,"comment_status":"","ping_status":"","sticky":false,"template":"","format":"standard","meta":{"footnotes":""},"categories":[9653],"tags":[1111,11,2430,12101,26814,7539,436,1777,674,1011,27,9588,12,25,4001],"class_list":{"0":"post-140575","1":"post","2":"type-post","3":"status-publish","4":"format-standard","5":"has-post-thumbnail","7":"category-saint-etienne","8":"tag-actu","9":"tag-actualites","10":"tag-auvergne-rhone-alpes","11":"tag-bourg-argental-bassin","12":"tag-doizieux","13":"tag-edition-loire-sud","14":"tag-environnement","15":"tag-eu","16":"tag-europe","17":"tag-fr","18":"tag-france","19":"tag-ici-on-agit","20":"tag-news","21":"tag-republique-francaise","22":"tag-saint-etienne"},"share_on_mastodon":{"url":"https:\/\/pubeurope.com\/@fr\/114599921094614247","error":""},"_links":{"self":[{"href":"https:\/\/www.europesays.com\/fr\/wp-json\/wp\/v2\/posts\/140575","targetHints":{"allow":["GET"]}}],"collection":[{"href":"https:\/\/www.europesays.com\/fr\/wp-json\/wp\/v2\/posts"}],"about":[{"href":"https:\/\/www.europesays.com\/fr\/wp-json\/wp\/v2\/types\/post"}],"author":[{"embeddable":true,"href":"https:\/\/www.europesays.com\/fr\/wp-json\/wp\/v2\/users\/2"}],"replies":[{"embeddable":true,"href":"https:\/\/www.europesays.com\/fr\/wp-json\/wp\/v2\/comments?post=140575"}],"version-history":[{"count":0,"href":"https:\/\/www.europesays.com\/fr\/wp-json\/wp\/v2\/posts\/140575\/revisions"}],"wp:featuredmedia":[{"embeddable":true,"href":"https:\/\/www.europesays.com\/fr\/wp-json\/wp\/v2\/media\/140576"}],"wp:attachment":[{"href":"https:\/\/www.europesays.com\/fr\/wp-json\/wp\/v2\/media?parent=140575"}],"wp:term":[{"taxonomy":"category","embeddable":true,"href":"https:\/\/www.europesays.com\/fr\/wp-json\/wp\/v2\/categories?post=140575"},{"taxonomy":"post_tag","embeddable":true,"href":"https:\/\/www.europesays.com\/fr\/wp-json\/wp\/v2\/tags?post=140575"}],"curies":[{"name":"wp","href":"https:\/\/api.w.org\/{rel}","templated":true}]}}