{"id":140588,"date":"2025-05-31T01:56:12","date_gmt":"2025-05-31T01:56:12","guid":{"rendered":"https:\/\/www.europesays.com\/fr\/140588\/"},"modified":"2025-05-31T01:56:12","modified_gmt":"2025-05-31T01:56:12","slug":"une-vingtaine-de-plaintes-contre-le-chu-apres-des-emanations-toxiques","status":"publish","type":"post","link":"https:\/\/www.europesays.com\/fr\/140588\/","title":{"rendered":"Une vingtaine de plaintes contre le CHU apr\u00e8s des \u00e9manations toxiques"},"content":{"rendered":"<p><strong>MALAISE &#8211; De nouvelles plaintes, notamment de salari\u00e9s et du syndicat SUD Sant\u00e9 Sociale, ont \u00e9t\u00e9 d\u00e9pos\u00e9es au Parquet de Grenoble. Les investigations n\u2019ont, pour l\u2019instant, rien donn\u00e9 et les malaises se poursuivent<\/strong><\/p>\n<p>Depuis 2019, l\u2019Institut de biologie et de pathologie du CHU Grenoble-Alpes (<a href=\"https:\/\/www.20minutes.fr\/societe\/isere\/?at_medium=RSS%20feed&amp;at_campaign=ynews&amp;utm_source=yahoo&amp;utm_medium=rss&amp;utm_campaign=news_feed&amp;utm_content=in_article_link\" rel=\"nofollow noopener\" target=\"_blank\" data-ylk=\"slk:Is\u00e8re;elm:context_link;itc:0;sec:content-canvas\" class=\"link \">Is\u00e8re<\/a>) est sous le feu des projecteurs. Et pour cause, des \u00e9manations toxiques d\u2019origine inconnue, provoquant des malaises et des maux de t\u00eate, sont recens\u00e9es au quotidien. Selon <a href=\"https:\/\/actu.fr\/auvergne-rhone-alpes\/grenoble_38185\/emanations-toxiques-au-chu-de-grenoble-deja-une-vingtaine-de-plaintes-deposee_62701256.html?at_medium=RSS%20feed&amp;at_campaign=ynews&amp;utm_source=yahoo&amp;utm_medium=rss&amp;utm_campaign=news_feed&amp;utm_content=in_article_link\" rel=\"nofollow noopener\" target=\"_blank\" data-ylk=\"slk:Actu.fr;elm:context_link;itc:0;sec:content-canvas\" class=\"link \">Actu.fr<\/a>, une vingtaine de plaintes ont \u00e9t\u00e9 d\u00e9pos\u00e9es depuis avril 2025.<\/p>\n<p>La premi\u00e8re plainte avait \u00e9t\u00e9 d\u00e9pos\u00e9e au Parquet de Grenoble par un quadrag\u00e9naire contre le <a href=\"https:\/\/www.20minutes.fr\/dossier\/chu?at_medium=RSS%20feed&amp;at_campaign=ynews&amp;utm_source=yahoo&amp;utm_medium=rss&amp;utm_campaign=news_feed&amp;utm_content=in_article_link\" rel=\"nofollow noopener\" target=\"_blank\" data-ylk=\"slk:CHU;elm:context_link;itc:0;sec:content-canvas\" class=\"link \">CHU<\/a> pour blessures involontaires, exposition d\u2019autrui \u00e0 un risque imm\u00e9diat de blessures et \u00e9manations de substances nuisibles. D\u2019autres coll\u00e8gues et le syndicat SUD Sant\u00e9 Sociaux l\u2019ont \u00e9galement rejoint dans sa d\u00e9marche.<\/p>\n<p>Rien n\u2019avance malgr\u00e9 les investigations<\/p>\n<p>M\u00eame si des investigations sont en cours, l\u2019origine et la nature des \u00e9manations restent introuvables. Des r\u00e9sultats concernant des recherches sur l\u2019<a href=\"https:\/\/www.20minutes.fr\/dossier\/ozone?at_medium=RSS%20feed&amp;at_campaign=ynews&amp;utm_source=yahoo&amp;utm_medium=rss&amp;utm_campaign=news_feed&amp;utm_content=in_article_link\" rel=\"nofollow noopener\" target=\"_blank\" data-ylk=\"slk:ozone;elm:context_link;itc:0;sec:content-canvas\" class=\"link \">ozone<\/a>, l\u2019azote, le chlore, les solvants ou les acides sont \u00e0 l\u2019\u00e9tude, mais ils ne seront disponibles qu\u2019\u00e0 la fin du mois.<\/p>\n<p>La situation sur place est devenue tendue et anxiog\u00e8ne. 400 accidents de travail ont \u00e9t\u00e9 pos\u00e9s depuis 2019 et certains salari\u00e9s se voient oblig\u00e9s d\u2019exercer leur droit de retrait lorsqu\u2019ils ressentent les sympt\u00f4mes (maux de t\u00eate, picotements dans les yeux, etc.). La prochaine \u00e9tape pourrait \u00eatre la saisine du doyen des juges d\u2019instruction.<\/p>\n<p><a href=\"https:\/\/www.20minutes.fr\/faits_divers\/4156091-20250530-grenoble-vingtaine-plaintes-contre-chu-apres-emanations-toxiques?at_medium=RSS%20feed&amp;at_campaign=ynews&amp;utm_source=yahoo&amp;utm_medium=rss&amp;utm_campaign=news_feed&amp;utm_content=read_more_link\" rel=\"nofollow noopener\" target=\"_blank\" data-ylk=\"slk:Lire la suite sur 20minutes;elm:context_link;itc:0;sec:content-canvas\" class=\"link \">Lire la suite sur 20minutes<\/a><\/p>\n<p>\u00c0 lire aussi :<br \/><a href=\"https:\/\/www.20minutes.fr\/faits_divers\/4155638-20250527-grenoble-arme-masque-jeune-19-ans-arrete-plein-centre-ville?at_medium=RSS%20feed&amp;at_campaign=ynews&amp;utm_source=yahoo&amp;utm_medium=rss&amp;utm_campaign=news_feed&amp;utm_content=related_content_link\" rel=\"nofollow noopener\" target=\"_blank\" data-ylk=\"slk:Grenoble : Arm\u00e9 et masqu\u00e9, un jeune de 19 ans arr\u00eat\u00e9 en plein centre-ville;elm:context_link;itc:0;sec:content-canvas\" class=\"link \">Grenoble : Arm\u00e9 et masqu\u00e9, un jeune de 19 ans arr\u00eat\u00e9 en plein centre-ville<\/a><br \/><a href=\"https:\/\/www.20minutes.fr\/faits_divers\/4153735-20250515-isere-malgre-aveux-reconstitution-faits-meurtrier-jeune-femme-peut-etre-jamais-juge?at_medium=RSS%20feed&amp;at_campaign=ynews&amp;utm_source=yahoo&amp;utm_medium=rss&amp;utm_campaign=news_feed&amp;utm_content=related_content_link\" rel=\"nofollow noopener\" target=\"_blank\" data-ylk=\"slk:Is\u00e8re : Malgr\u00e9 ses aveux et la reconstitution des faits, le meurtrier d\u2019une jeune femme ne sera peut-\u00eatre jamais jug\u00e9;elm:context_link;itc:0;sec:content-canvas\" class=\"link \">Is\u00e8re : Malgr\u00e9 ses aveux et la reconstitution des faits, le meurtrier d\u2019une jeune femme ne sera peut-\u00eatre jamais jug\u00e9<\/a><\/p>\n","protected":false},"excerpt":{"rendered":"MALAISE &#8211; De nouvelles plaintes, notamment de salari\u00e9s et du syndicat SUD Sant\u00e9 Sociale, ont \u00e9t\u00e9 d\u00e9pos\u00e9es au&hellip;\n","protected":false},"author":2,"featured_media":140589,"comment_status":"","ping_status":"","sticky":false,"template":"","format":"standard","meta":{"footnotes":""},"categories":[9566],"tags":[26824,1111,11,2430,26825,26823,1777,674,1011,27,2731,13691,12,25,26822],"class_list":{"0":"post-140588","1":"post","2":"type-post","3":"status-publish","4":"format-standard","5":"has-post-thumbnail","7":"category-grenoble","8":"tag-accidents-de-travail","9":"tag-actu","10":"tag-actualites","11":"tag-auvergne-rhone-alpes","12":"tag-droit-de-retrait","13":"tag-emanations-toxiques","14":"tag-eu","15":"tag-europe","16":"tag-fr","17":"tag-france","18":"tag-grenoble","19":"tag-maux-de-tete","20":"tag-news","21":"tag-republique-francaise","22":"tag-syndicat-sud-sante"},"share_on_mastodon":{"url":"https:\/\/pubeurope.com\/@fr\/114599964394948506","error":""},"_links":{"self":[{"href":"https:\/\/www.europesays.com\/fr\/wp-json\/wp\/v2\/posts\/140588","targetHints":{"allow":["GET"]}}],"collection":[{"href":"https:\/\/www.europesays.com\/fr\/wp-json\/wp\/v2\/posts"}],"about":[{"href":"https:\/\/www.europesays.com\/fr\/wp-json\/wp\/v2\/types\/post"}],"author":[{"embeddable":true,"href":"https:\/\/www.europesays.com\/fr\/wp-json\/wp\/v2\/users\/2"}],"replies":[{"embeddable":true,"href":"https:\/\/www.europesays.com\/fr\/wp-json\/wp\/v2\/comments?post=140588"}],"version-history":[{"count":0,"href":"https:\/\/www.europesays.com\/fr\/wp-json\/wp\/v2\/posts\/140588\/revisions"}],"wp:featuredmedia":[{"embeddable":true,"href":"https:\/\/www.europesays.com\/fr\/wp-json\/wp\/v2\/media\/140589"}],"wp:attachment":[{"href":"https:\/\/www.europesays.com\/fr\/wp-json\/wp\/v2\/media?parent=140588"}],"wp:term":[{"taxonomy":"category","embeddable":true,"href":"https:\/\/www.europesays.com\/fr\/wp-json\/wp\/v2\/categories?post=140588"},{"taxonomy":"post_tag","embeddable":true,"href":"https:\/\/www.europesays.com\/fr\/wp-json\/wp\/v2\/tags?post=140588"}],"curies":[{"name":"wp","href":"https:\/\/api.w.org\/{rel}","templated":true}]}}