{"id":140590,"date":"2025-05-31T01:59:25","date_gmt":"2025-05-31T01:59:25","guid":{"rendered":"https:\/\/www.europesays.com\/fr\/140590\/"},"modified":"2025-05-31T01:59:25","modified_gmt":"2025-05-31T01:59:25","slug":"pres-de-rennes-un-homme-mecontent-davoir-ete-licencie-menace-son-employeur-avec-une-arme","status":"publish","type":"post","link":"https:\/\/www.europesays.com\/fr\/140590\/","title":{"rendered":"Pr\u00e8s de Rennes, un homme m\u00e9content d\u2019avoir \u00e9t\u00e9 licenci\u00e9 menace son employeur avec une arme"},"content":{"rendered":"<p>Les policiers de la Bac de Rennes sont intervenus mercredi 28 mai 2025 en fin de journ\u00e9e dans une pizzeria de l\u2019enseigne Domino\u2019s \u00e0 Cesson-S\u00e9vign\u00e9. Motif de leur intervention : un homme arm\u00e9 d\u2019un couteau \u00e9tait entr\u00e9, mena\u00e7ant, dans l\u2019\u00e9tablissement.<\/p>\n<p>Le suspect a \u00e9t\u00e9 interpell\u00e9 aussit\u00f4t et sans difficult\u00e9. Il s\u2019agissait d\u2019un ancien employ\u00e9, qui venait d\u2019\u00eatre licenci\u00e9, et qui avait peu go\u00fbt\u00e9 cette d\u00e9cision de la part de sa hi\u00e9rarchie. L\u2019homme, \u00e2g\u00e9 de 23 ans, a d\u2019abord \u00e9t\u00e9 plac\u00e9 en garde \u00e0 vue, avant d\u2019\u00eatre rel\u00e2ch\u00e9. Il sera convoqu\u00e9 ult\u00e9rieurement devant la justice sous la forme d\u2019une composition p\u00e9nale.<\/p>\n","protected":false},"excerpt":{"rendered":"Les policiers de la Bac de Rennes sont intervenus mercredi 28 mai 2025 en fin de journ\u00e9e dans&hellip;\n","protected":false},"author":2,"featured_media":140591,"comment_status":"","ping_status":"","sticky":false,"template":"","format":"standard","meta":{"footnotes":""},"categories":[2821],"tags":[1111,11,829,1777,674,3383,1011,27,12,584,25],"class_list":{"0":"post-140590","1":"post","2":"type-post","3":"status-publish","4":"format-standard","5":"has-post-thumbnail","7":"category-rennes","8":"tag-actu","9":"tag-actualites","10":"tag-bretagne","11":"tag-eu","12":"tag-europe","13":"tag-faits-divers-a-rennes","14":"tag-fr","15":"tag-france","16":"tag-news","17":"tag-rennes","18":"tag-republique-francaise"},"share_on_mastodon":{"url":"https:\/\/pubeurope.com\/@fr\/114599976288825540","error":""},"_links":{"self":[{"href":"https:\/\/www.europesays.com\/fr\/wp-json\/wp\/v2\/posts\/140590","targetHints":{"allow":["GET"]}}],"collection":[{"href":"https:\/\/www.europesays.com\/fr\/wp-json\/wp\/v2\/posts"}],"about":[{"href":"https:\/\/www.europesays.com\/fr\/wp-json\/wp\/v2\/types\/post"}],"author":[{"embeddable":true,"href":"https:\/\/www.europesays.com\/fr\/wp-json\/wp\/v2\/users\/2"}],"replies":[{"embeddable":true,"href":"https:\/\/www.europesays.com\/fr\/wp-json\/wp\/v2\/comments?post=140590"}],"version-history":[{"count":0,"href":"https:\/\/www.europesays.com\/fr\/wp-json\/wp\/v2\/posts\/140590\/revisions"}],"wp:featuredmedia":[{"embeddable":true,"href":"https:\/\/www.europesays.com\/fr\/wp-json\/wp\/v2\/media\/140591"}],"wp:attachment":[{"href":"https:\/\/www.europesays.com\/fr\/wp-json\/wp\/v2\/media?parent=140590"}],"wp:term":[{"taxonomy":"category","embeddable":true,"href":"https:\/\/www.europesays.com\/fr\/wp-json\/wp\/v2\/categories?post=140590"},{"taxonomy":"post_tag","embeddable":true,"href":"https:\/\/www.europesays.com\/fr\/wp-json\/wp\/v2\/tags?post=140590"}],"curies":[{"name":"wp","href":"https:\/\/api.w.org\/{rel}","templated":true}]}}