{"id":140592,"date":"2025-05-31T02:00:51","date_gmt":"2025-05-31T02:00:51","guid":{"rendered":"https:\/\/www.europesays.com\/fr\/140592\/"},"modified":"2025-05-31T02:00:51","modified_gmt":"2025-05-31T02:00:51","slug":"jeanne-barseghian-denonce-un-recul-et-plaide-pour-des-zfe-plus-justes-2","status":"publish","type":"post","link":"https:\/\/www.europesays.com\/fr\/140592\/","title":{"rendered":"Jeanne Barseghian d\u00e9nonce un recul et plaide pour des ZFE plus \u00ab\u00a0justes\u00a0\u00bb"},"content":{"rendered":"<p>La maire \u00e9cologiste de Strasbourg, Jeanne Barseghian, a r\u00e9agi <a href=\"https:\/\/www.dna.fr\/transport\/2025\/05\/28\/vehicules-thermiques-l-assemblee-approuve-la-suppression-des-zones-a-faibles-emission\" target=\"_blank\" rel=\"noopener\">\u00e0 la suppression des ZFE, vot\u00e9e par les d\u00e9put\u00e9s<\/a>, en d\u00e9non\u00e7ant sur les r\u00e9seaux sociaux \u00ab un grave recul pour la sant\u00e9 des Fran\u00e7ais \u00bb.<\/p>\n<p>Jeanne Barseghian a soulign\u00e9 que la ville dont elle est la maire \u00ab accompagne les habitants pour qu\u2019ils puissent changer leur v\u00e9hicule ou acc\u00e9der \u00e0 d\u2019autres solutions de mobilit\u00e9s \u00bb, le tout \u00ab malgr\u00e9 l\u2019absence de soutien de l\u2019\u00c9tat \u00bb. \u00ab La lutte contre la pollution de l\u2019air ne peut pas \u00eatre abandonn\u00e9e en rase campagne \u00bb, \u00e9crit Jeanne Barseghian.<\/p>\n<p>La maire de Strasbourg, toutefois, se range aussi du c\u00f4t\u00e9 de ceux, notamment chez les Insoumis, qui critiquent l\u2019aspect in\u00e9galitaire, ou socialement injuste, des ZFE, en r\u00e9clamant \u00ab des ZFE justes \u00bb. Un am\u00e9nagement, donc, plut\u00f4t qu\u2019une \u00ab suppression \u00bb.<\/p>\n","protected":false},"excerpt":{"rendered":"La maire \u00e9cologiste de Strasbourg, Jeanne Barseghian, a r\u00e9agi \u00e0 la suppression des ZFE, vot\u00e9e par les d\u00e9put\u00e9s,&hellip;\n","protected":false},"author":2,"featured_media":137859,"comment_status":"","ping_status":"","sticky":false,"template":"","format":"standard","meta":{"footnotes":""},"categories":[2820],"tags":[1111,11,2389,2649,2880,436,1777,674,107,1011,27,775,12,1800,25,640,2803],"class_list":{"0":"post-140592","1":"post","2":"type-post","3":"status-publish","4":"format-standard","5":"has-post-thumbnail","7":"category-strasbourg","8":"tag-actu","9":"tag-actualites","10":"tag-alsace","11":"tag-bas-rhin","12":"tag-edition-strasbourg","13":"tag-environnement","14":"tag-eu","15":"tag-europe","16":"tag-fil-info","17":"tag-fr","18":"tag-france","19":"tag-grand-est","20":"tag-news","21":"tag-pollution","22":"tag-republique-francaise","23":"tag-strasbourg","24":"tag-transport"},"share_on_mastodon":{"url":"https:\/\/pubeurope.com\/@fr\/114599984077778076","error":""},"_links":{"self":[{"href":"https:\/\/www.europesays.com\/fr\/wp-json\/wp\/v2\/posts\/140592","targetHints":{"allow":["GET"]}}],"collection":[{"href":"https:\/\/www.europesays.com\/fr\/wp-json\/wp\/v2\/posts"}],"about":[{"href":"https:\/\/www.europesays.com\/fr\/wp-json\/wp\/v2\/types\/post"}],"author":[{"embeddable":true,"href":"https:\/\/www.europesays.com\/fr\/wp-json\/wp\/v2\/users\/2"}],"replies":[{"embeddable":true,"href":"https:\/\/www.europesays.com\/fr\/wp-json\/wp\/v2\/comments?post=140592"}],"version-history":[{"count":0,"href":"https:\/\/www.europesays.com\/fr\/wp-json\/wp\/v2\/posts\/140592\/revisions"}],"wp:featuredmedia":[{"embeddable":true,"href":"https:\/\/www.europesays.com\/fr\/wp-json\/wp\/v2\/media\/137859"}],"wp:attachment":[{"href":"https:\/\/www.europesays.com\/fr\/wp-json\/wp\/v2\/media?parent=140592"}],"wp:term":[{"taxonomy":"category","embeddable":true,"href":"https:\/\/www.europesays.com\/fr\/wp-json\/wp\/v2\/categories?post=140592"},{"taxonomy":"post_tag","embeddable":true,"href":"https:\/\/www.europesays.com\/fr\/wp-json\/wp\/v2\/tags?post=140592"}],"curies":[{"name":"wp","href":"https:\/\/api.w.org\/{rel}","templated":true}]}}