{"id":140593,"date":"2025-05-31T02:01:13","date_gmt":"2025-05-31T02:01:13","guid":{"rendered":"https:\/\/www.europesays.com\/fr\/140593\/"},"modified":"2025-05-31T02:01:13","modified_gmt":"2025-05-31T02:01:13","slug":"habitat-inclusion-a-tous-les-etages","status":"publish","type":"post","link":"https:\/\/www.europesays.com\/fr\/140593\/","title":{"rendered":"Habitat : inclusion \u00e0 tous les \u00e9tages"},"content":{"rendered":"<p class=\"st-surtitre\">\n            Destin\u00e9s \u00e0 des personnes d\u2019\u00e2ge et de niveau d\u2019autonomie vari\u00e9s, deux b\u00e2timents ont \u00e9t\u00e9 inaugur\u00e9s au sein des Prairies du canal \u00e0 Illkirch-Graffenstaden.\n        <\/p>\n<p>        <img loading=\"lazy\" decoding=\"async\" alt=\"\" data-fileentryid=\"536004199\" height=\"400\" src=\"https:\/\/www.europesays.com\/fr\/wp-content\/uploads\/2025\/05\/la-caravelle_interieur-jpg.jpeg\" style=\"margin: 10px;\" width=\"600\"\/><br \/>\nPierre est l&rsquo;un des nouveaux r\u00e9sidents du foyer Caravelle.<\/p>\n<p>\u00a0<br \/>Caravelle et Horizon. Choisis dans un registre s\u00e9mantique analogue, les noms des \u00e9quipements inaugur\u00e9s d\u2019un seul geste le 27 mai, partagent le m\u00eame b\u00e2timent et surtout la m\u00eame philosophie sociale, celle de l\u2019inclusion. Adultes handicap\u00e9s moteurs, s\u00e9niors et \u00e9tudiants\u00a0: trois publics se croiseront d\u00e9sormais dans cet immeuble situ\u00e9 au sein de <a href=\"https:\/\/www.ecoquartiers.logement.gouv.fr\/operation\/1926\/\" target=\"_blank\" rel=\"noopener\">l\u2019\u00e9coquartier des Prairies du canal <\/a>\u00e0 Illkirch-Graffenstaden.<\/p>\n<p>Apr\u00e8s de multiples p\u00e9rip\u00e9ties, dont le covid, la p\u00e9nurie de mat\u00e9riaux et l\u2019inflation qui ont suivi, la construction de ce projet de plus de 25 ans a finalement d\u00e9marr\u00e9 en mai 2022, port\u00e9e par la <a href=\"https:\/\/sers.eu\/\" target=\"_blank\" rel=\"noopener\">Sers<\/a> et l\u2019Association r\u00e9gionale d\u2019aide aux handicap\u00e9s moteurs (<a href=\"https:\/\/www.arahm.fr\/#!\/page\/home\" target=\"_blank\" rel=\"noopener\">Arahm<\/a>), rejoints en 2023 par le bailleur social <a href=\"https:\/\/www.domial.fr\/\" target=\"_blank\" rel=\"noopener\">Domial<\/a>. \u201cAvec ce foyer d\u2019accueil m\u00e9dicalis\u00e9, l\u2019Arahm \u00e9toffe son offre de service, remarque son pr\u00e9sident Eric Fullenwarth. La cr\u00e9ation de la Caravelle s\u2019accompagne d\u2019une redistribution des personnels et des r\u00e9sidents.\u201d<\/p>\n<p><b>Un b\u00e2timent pour les corps fragiles<\/b><\/p>\n<p>Ses 42 places, dont 10 en externe, sont destin\u00e9es aux jeunes adultes souffrant de handicap moteur et parfois de troubles associ\u00e9s, dont beaucoup \u00e9taient auparavant accueillis dans des structures destin\u00e9es aux enfants. C\u2019est le cas de Pierre, \u00e2g\u00e9 de 29 ans. Il s\u2019est install\u00e9 en janvier dans sa nouvelle chambre, \u00e9quip\u00e9e et adapt\u00e9e, dont il partage la salle de bains avec son voisin S\u00e9bastien. S\u2019il juge les lieux \u201cbien\u201d, il ne sait pas encore dire s\u2019il les appr\u00e9cie. \u201cIl lui faudra encore du temps pour trouver ses marques\u201d, commentent ses parents, venus assister \u00e0 l\u2019inauguration. Situ\u00e9 \u00e0 quelques m\u00e8tres d\u2019une station de tramway, l\u2019\u00e9quipement int\u00e8gre salles de consultation m\u00e9dicale, kin\u00e9sith\u00e9rapie, ergoth\u00e9rapie, stimulation sensorielle, espace d\u2019accueil de jour des externes mais aussi salon de coiffure. \u201cCe double b\u00e2timent, nous l\u2019avons con\u00e7u autour de la notion de \u201cprendre soin\u201d. Les espaces ont \u00e9t\u00e9 pens\u00e9s \u00e0 partir de corps fragiles\u201d, explique Pascale Richter, architecte du projet.<\/p>\n<p>Compl\u00e9t\u00e9e d\u2019une salle polyvalente ind\u00e9pendante de 250 m2 et d\u2019une terrasse paysag\u00e8re, la Caravelle jouxte l\u2019Horizon, dot\u00e9 lui aussi de 42 logements, \u00e0 la diff\u00e9rence pr\u00e8s que ceux-ci sont destin\u00e9s d\u2019une part aux s\u00e9niors, d\u2019autre part aux jeunes. Quatre T3 en colocation sont en effet fl\u00e9ch\u00e9s pour des \u00e9tudiants ou salari\u00e9s de moins de 30 ans, sous conditions de ressources. La r\u00e9sidence compte en outre 24 T2 et 14 T3 adapt\u00e9s pour pr\u00e9server confort et ind\u00e9pendance des personnes en perte de mobilit\u00e9. Il se murmure qu\u2019il reste quelques places\u2026<\/p>\n<p>St\u00e9phanie Peuri\u00e8re<br \/>Photos Genevi\u00e8ve Engel<\/p>\n","protected":false},"excerpt":{"rendered":"Destin\u00e9s \u00e0 des personnes d\u2019\u00e2ge et de niveau d\u2019autonomie vari\u00e9s, deux b\u00e2timents ont \u00e9t\u00e9 inaugur\u00e9s au sein des&hellip;\n","protected":false},"author":2,"featured_media":140594,"comment_status":"","ping_status":"","sticky":false,"template":"","format":"standard","meta":{"footnotes":""},"categories":[2820],"tags":[1111,11,10660,1777,674,1011,27,775,3088,1908,12,25,71,3552,3400,640,1352],"class_list":{"0":"post-140593","1":"post","2":"type-post","3":"status-publish","4":"format-standard","5":"has-post-thumbnail","7":"category-strasbourg","8":"tag-actu","9":"tag-actualites","10":"tag-egalite","11":"tag-eu","12":"tag-europe","13":"tag-fr","14":"tag-france","15":"tag-grand-est","16":"tag-illkirch-graffenstaden","17":"tag-logement","18":"tag-news","19":"tag-republique-francaise","20":"tag-sante","21":"tag-seniors","22":"tag-solidarite","23":"tag-strasbourg","24":"tag-urbanisme"},"share_on_mastodon":{"url":"https:\/\/pubeurope.com\/@fr\/114599984182711880","error":""},"_links":{"self":[{"href":"https:\/\/www.europesays.com\/fr\/wp-json\/wp\/v2\/posts\/140593","targetHints":{"allow":["GET"]}}],"collection":[{"href":"https:\/\/www.europesays.com\/fr\/wp-json\/wp\/v2\/posts"}],"about":[{"href":"https:\/\/www.europesays.com\/fr\/wp-json\/wp\/v2\/types\/post"}],"author":[{"embeddable":true,"href":"https:\/\/www.europesays.com\/fr\/wp-json\/wp\/v2\/users\/2"}],"replies":[{"embeddable":true,"href":"https:\/\/www.europesays.com\/fr\/wp-json\/wp\/v2\/comments?post=140593"}],"version-history":[{"count":0,"href":"https:\/\/www.europesays.com\/fr\/wp-json\/wp\/v2\/posts\/140593\/revisions"}],"wp:featuredmedia":[{"embeddable":true,"href":"https:\/\/www.europesays.com\/fr\/wp-json\/wp\/v2\/media\/140594"}],"wp:attachment":[{"href":"https:\/\/www.europesays.com\/fr\/wp-json\/wp\/v2\/media?parent=140593"}],"wp:term":[{"taxonomy":"category","embeddable":true,"href":"https:\/\/www.europesays.com\/fr\/wp-json\/wp\/v2\/categories?post=140593"},{"taxonomy":"post_tag","embeddable":true,"href":"https:\/\/www.europesays.com\/fr\/wp-json\/wp\/v2\/tags?post=140593"}],"curies":[{"name":"wp","href":"https:\/\/api.w.org\/{rel}","templated":true}]}}