{"id":140599,"date":"2025-05-31T02:05:21","date_gmt":"2025-05-31T02:05:21","guid":{"rendered":"https:\/\/www.europesays.com\/fr\/140599\/"},"modified":"2025-05-31T02:05:21","modified_gmt":"2025-05-31T02:05:21","slug":"nantes-une-femme-poignardee-par-son-ex-compagnon-algerien-en-situation-irreguliere-2","status":"publish","type":"post","link":"https:\/\/www.europesays.com\/fr\/140599\/","title":{"rendered":"Nantes : une femme poignard\u00e9e par son ex-compagnon alg\u00e9rien en situation irr\u00e9guli\u00e8re"},"content":{"rendered":"<p>                                            Faits divers\n                                                                            <\/p>\n<p>\n                                            Une jeune femme de 19 ans a \u00e9t\u00e9 poignard\u00e9e ce jeudi 29 mai, dans la rue de la R\u00e9volution-des-\u0152illets \u00e0 Nantes. Elle a \u00e9t\u00e9 prise en charge et transport\u00e9e au CHU. Ses jours ne seraient pas en danger.                                        <\/p>\n<p>                                                Publi\u00e9 le 30 mai 2025 \u00e0 16h02                                                                                            <\/p>\n<p>                                            <img loading=\"lazy\" width=\"1024\" height=\"683\" src=\"https:\/\/www.europesays.com\/fr\/wp-content\/uploads\/2025\/05\/SIPA_01129433_000021.jpg\" class=\"attachment-post-thumbnail size-post-thumbnail wp-post-image lazy\" alt=\"Image d'illustration. Photo \u00a9 Alain ROBERT\/SIPA\" decoding=\"async\"  data-\/><\/p>\n<p>                                            Image d&rsquo;illustration. Photo \u00a9 Alain ROBERT\/SIPA<\/p>\n<p data-start=\"78\" data-end=\"534\">\u00c0 Nantes (Loire-Atlantique), une jeune femme de 19 ans a \u00e9t\u00e9 poignard\u00e9e ce jeudi 29 mai. La victime, atteinte d\u2019une dizaine de coups port\u00e9s avec une arme blanche, se trouvait rue de la R\u00e9volution-des-\u0152illets, \u00e0 proximit\u00e9 d\u2019un parc situ\u00e9 \u00e0 l\u2019extr\u00e9mit\u00e9 est du quartier sensible de Malakoff. L\u2019agression aurait eu lieu vers 19 heures, selon les informations <a href=\"https:\/\/www.europe1.fr\/Police-Justice\/info-europe-1-femme-poignardee-a-nantes-le-suspect-ex-compagnon-de-la-victime-est-un-algerien-en-situation-irreguliere-756155\" target=\"_blank\" rel=\"noopener nofollow\">d\u2019Europe 1<\/a>, et aurait \u00e9t\u00e9 commise par un jeune homme de 18 ans, <a href=\"https:\/\/www.valeursactuelles.com\/regions\/hauts-de-france\/nord\/lille\/faits-divers\/info-va-lille-un-algerien-en-situation-irreguliere-soupconne-davoir-viole-une-femme-dans-un-parc\" target=\"_blank\" rel=\"noopener nofollow\">un Alg\u00e9rien<\/a> en situation irr\u00e9guli\u00e8re.<\/p>\n<p><a href=\"https:\/\/www.valeursactuelles.com\/faits-divers\/info-va-castres-plusieurs-blesses-au-couteau-pendant-la-fete-foraine-et-lors-dune-rixe\" class=\"h-flex h-align-items-center h-border-tb h-ptb-15\" rel=\"nofollow noopener\" target=\"_blank\">A\u00a0LIRE\u00a0[Info VA] Castres : plusieurs bless\u00e9s au couteau pendant la F\u00eate foraine et lors d\u2019une rixe<\/a><\/p>\n<p data-start=\"536\" data-end=\"981\">Gri\u00e8vement bless\u00e9e, la jeune femme a \u00e9t\u00e9 transport\u00e9e en urgence au CHU de <a href=\"https:\/\/www.valeursactuelles.com\/regions\/pays-de-la-loire\/loire-atlantique\/nantes\/faits-divers\/nantes-une-femme-en-garde-a-vue-apres-avoir-tente-de-poignarder-un-policier\" target=\"_blank\" rel=\"noopener nofollow\">Nantes<\/a> dans un \u00e9tat jug\u00e9 tr\u00e8s pr\u00e9occupant. Son pronostic vital n\u2019\u00e9tait toutefois plus engag\u00e9 vendredi matin. Plusieurs t\u00e9moins ont tent\u00e9, sans succ\u00e8s, de ma\u00eetriser l\u2019agresseur, qui a pris la fuite en d\u00e9but de soir\u00e9e. L\u2019homme \u00e9tait toujours activement recherch\u00e9 par les forces de l\u2019ordre vendredi matin, dans le cadre d\u2019une enqu\u00eate ouverte pour \u00ab tentative d\u2019homicide \u00bb.<\/p>\n<p>Une premi\u00e8re plainte d\u00e9pos\u00e9e par la victime<\/p>\n<p data-start=\"1032\" data-end=\"1442\">L\u2019auteur pr\u00e9sum\u00e9 des faits serait l\u2019ancien compagnon de la victime, qui aurait tent\u00e9 de l\u2019attirer dans un v\u00e9ritable \u00ab traquenard \u00bb. D\u00e9j\u00e0 connu des services de police, il avait \u00e9t\u00e9 plac\u00e9 en garde \u00e0 vue en d\u00e9but de semaine, \u00e0 la suite d\u2019une plainte d\u00e9pos\u00e9e par la jeune femme pour plusieurs \u00ab tentatives d\u2019agression \u00bb. Faute de poursuites judiciaires engag\u00e9es \u00e0 l\u2019issue de son audition, il avait \u00e9t\u00e9 rel\u00e2ch\u00e9.<\/p>\n","protected":false},"excerpt":{"rendered":"Faits divers Une jeune femme de 19 ans a \u00e9t\u00e9 poignard\u00e9e ce jeudi 29 mai, dans la rue&hellip;\n","protected":false},"author":2,"featured_media":139406,"comment_status":"","ping_status":"","sticky":false,"template":"","format":"standard","meta":{"footnotes":""},"categories":[2818],"tags":[1111,11,7065,4345,9405,1777,674,1011,27,6734,766,12,2636,25],"class_list":{"0":"post-140599","1":"post","2":"type-post","3":"status-publish","4":"format-standard","5":"has-post-thumbnail","7":"category-nantes","8":"tag-actu","9":"tag-actualites","10":"tag-agression-au-couteau","11":"tag-algerien","12":"tag-arme-blanche","13":"tag-eu","14":"tag-europe","15":"tag-fr","16":"tag-france","17":"tag-immigration-clandestine","18":"tag-nantes","19":"tag-news","20":"tag-pays-de-la-loire","21":"tag-republique-francaise"},"share_on_mastodon":{"url":"https:\/\/pubeurope.com\/@fr\/114599999766750135","error":""},"_links":{"self":[{"href":"https:\/\/www.europesays.com\/fr\/wp-json\/wp\/v2\/posts\/140599","targetHints":{"allow":["GET"]}}],"collection":[{"href":"https:\/\/www.europesays.com\/fr\/wp-json\/wp\/v2\/posts"}],"about":[{"href":"https:\/\/www.europesays.com\/fr\/wp-json\/wp\/v2\/types\/post"}],"author":[{"embeddable":true,"href":"https:\/\/www.europesays.com\/fr\/wp-json\/wp\/v2\/users\/2"}],"replies":[{"embeddable":true,"href":"https:\/\/www.europesays.com\/fr\/wp-json\/wp\/v2\/comments?post=140599"}],"version-history":[{"count":0,"href":"https:\/\/www.europesays.com\/fr\/wp-json\/wp\/v2\/posts\/140599\/revisions"}],"wp:featuredmedia":[{"embeddable":true,"href":"https:\/\/www.europesays.com\/fr\/wp-json\/wp\/v2\/media\/139406"}],"wp:attachment":[{"href":"https:\/\/www.europesays.com\/fr\/wp-json\/wp\/v2\/media?parent=140599"}],"wp:term":[{"taxonomy":"category","embeddable":true,"href":"https:\/\/www.europesays.com\/fr\/wp-json\/wp\/v2\/categories?post=140599"},{"taxonomy":"post_tag","embeddable":true,"href":"https:\/\/www.europesays.com\/fr\/wp-json\/wp\/v2\/tags?post=140599"}],"curies":[{"name":"wp","href":"https:\/\/api.w.org\/{rel}","templated":true}]}}