{"id":140603,"date":"2025-05-31T02:08:09","date_gmt":"2025-05-31T02:08:09","guid":{"rendered":"https:\/\/www.europesays.com\/fr\/140603\/"},"modified":"2025-05-31T02:08:09","modified_gmt":"2025-05-31T02:08:09","slug":"alcool-au-volant-defaut-dassurance-vol-un-homme-condamne-pour-une-serie-dinfractions-pres-de-toulouse","status":"publish","type":"post","link":"https:\/\/www.europesays.com\/fr\/140603\/","title":{"rendered":"Alcool au volant, d\u00e9faut d\u2019assurance, vol\u2026 Un homme condamn\u00e9 pour une s\u00e9rie d\u2019infractions pr\u00e8s de Toulouse"},"content":{"rendered":"<p>            Par<br \/>\n        <strong><br \/>\n            <a href=\"https:\/\/actu.fr\/auteur\/riaute-mariane\" title=\"Consulter tous les articles de Mariane RIAUTE\" target=\"_blank\" rel=\"noopener\">Mariane RIAUTE<\/a><br \/>\n        <\/strong><\/p>\n<p>        Publi\u00e9 le<\/p>\n<p>            30 mai 2025 \u00e0 19h09        <\/p>\n<p>Apr\u00e8s un premier d\u00e9lit, il a rapidement aggrav\u00e9 son cas. Le tribunal judiciaire de Toulouse vient de condamner, ce lundi 26\u00a0mai 2025, un individu pour \u2013 entre autres \u2013 des faits de vol et de conduite d\u2019un v\u00e9hicule sous l\u2019empire d\u2019un \u00e9tat alcoolique. Des faits qui se sont d\u00e9roul\u00e9s dans la commune d\u2019<a href=\"https:\/\/actu.fr\/occitanie\/ayguesvives_31004\" target=\"_blank\" rel=\"noopener\">Ayguesvives<\/a>, trois jours plus t\u00f4t, le vendredi 23\u00a0mai.<\/p>\n<p class=\" wall-content\">Le mis en cause est notamment accus\u00e9 d\u2019<b>avoir vol\u00e9 la mobylette de son ex-compagne<\/b>, avant de la transporter dans son coffre de voiture. Malheureusement, il a rencontr\u00e9 sur sa route les forces de l\u2019ordre et n\u2019a pas r\u00e9agi de la fa\u00e7on la plus judicieuse qu\u2019il soit.<\/p>\n<p>Il vole la mobylette de son ex-compagne<\/p>\n<p class=\" wall-content\">Le sc\u00e9nario quelque peu rocambolesque d\u00e9bute le vendredi 23\u00a0mai lorsqu\u2019\u00e0 Ayguesvives, un homme \u00e2g\u00e9 de 42\u00a0ans \u00ab\u2009vole la mobylette de son ex-compagne\u2009\u00bb, rapporte le tribunal judiciaire de Toulouse.<\/p>\n<p class=\" wall-content\">Mais les faits ne s\u2019arr\u00eatent pas l\u00e0, puisque ce dernier d\u00e9cide de<b> transporter le v\u00e9hicule \u00e0 deux roues dans le coffre ouvert de sa voiture<\/b>\u2026 pour laquelle il pr\u00e9sentait <b>un d\u00e9faut d\u2019assurance<\/b>. Et l\u00e0 encore, les infractions s\u2019encha\u00eenent.<\/p>\n<p>\u00ab\u2009Il d\u00e9vie en direction des forces de l\u2019ordre\u2009\u00bb<\/p>\n<p class=\" wall-content\">Sur son trajet, \u00ab\u2009il croise la gendarmerie [\u2026] et d\u00e9vie sa trajectoire en direction des forces de l\u2019ordre, <b>les obligeant \u00e0 faire une man\u0153uvre d\u2019\u00e9vitement<\/b>\u2009\u00bb, pr\u00e9cise l\u2019instance judiciaire, ajoutant au passage que l\u2019individu \u00e9tait alcoolis\u00e9.<\/p>\n<p>Vid\u00e9os : en ce moment sur Actu<\/p>\n<p class=\" wall-content\">Ce dernier a donc \u00e9t\u00e9 condamn\u00e9 pour les faits suivants\u2009: \u00ab<b>\u2009Violence sur un militaire de la gendarmerie nationale <\/b>sans incapacit\u00e9 aggrav\u00e9e par une circonstance\u2009\u00bb, \u00ab\u2009vol\u2009\u00bb, \u00ab\u2009conduite de v\u00e9hicule sous l\u2019empire d\u2019un \u00e9tat alcoolique avec concentration d\u2019alcool par litre d\u2019au moins 0,80 gramme (sang) ou 0,40 milligramme (air expir\u00e9)\u2009\u00bb\u2009; mais \u00e9galement \u00ab\u2009circulation avec un <b>v\u00e9hicule terrestre \u00e0 moteur sans assurance<\/b>\u2009\u00bb et \u00ab\u2009maintien en circulation d\u2019un v\u00e9hicule l\u00e9ger de cat\u00e9gorie MA sans contr\u00f4le technique p\u00e9riodique\u2009\u00bb.<\/p>\n<p>Permis suspendu et sursis probatoire<\/p>\n<p class=\" wall-content\">Le tribunal judiciaire de Toulouse a condamn\u00e9 le mis en cause \u00e0 verser une amende d\u00e9lictuelle de 200\u00a0\u20ac et une amende contraventionnelle de 100\u00a0\u20ac.<\/p>\n<p class=\" wall-content\">Il \u00e9cope aussi de huit mois de sursis probatoire avec ex\u00e9cution provisoire, d\u2019une in\u00e9ligibilit\u00e9 d\u2019un an et d\u2019<b>une suspension de permis d\u2019un an <\/b>avec ex\u00e9cution provisoire.<\/p>\n<p class=\" wall-content\">Suivez toute l\u2019actualit\u00e9 de vos villes et m\u00e9dias favoris en vous inscrivant \u00e0 <a href=\"https:\/\/moncompte.actu.fr\" title=\"D\u00e9couvez Mon Actu\" rel=\"nofollow noopener\" data-trk=\"{&quot;cta&quot;:{&quot;action&quot;:&quot;https:\\\/\\\/moncompte.actu.fr&quot;,&quot;category&quot;:&quot;mon compte&quot;,&quot;from&quot;:&quot;article footer&quot;,&quot;name&quot;:&quot;Mon actu&quot;,&quot;type&quot;:&quot;cta&quot;}}\" target=\"_blank\">Mon Actu<\/a>.<\/p>\n","protected":false},"excerpt":{"rendered":"Par Mariane RIAUTE Publi\u00e9 le 30 mai 2025 \u00e0 19h09 Apr\u00e8s un premier d\u00e9lit, il a rapidement aggrav\u00e9&hellip;\n","protected":false},"author":2,"featured_media":140604,"comment_status":"","ping_status":"","sticky":false,"template":"","format":"standard","meta":{"footnotes":""},"categories":[2816],"tags":[1111,11,1777,674,118,1011,27,12,2680,25,5009,2312],"class_list":{"0":"post-140603","1":"post","2":"type-post","3":"status-publish","4":"format-standard","5":"has-post-thumbnail","7":"category-toulouse","8":"tag-actu","9":"tag-actualites","10":"tag-eu","11":"tag-europe","12":"tag-faits-divers","13":"tag-fr","14":"tag-france","15":"tag-news","16":"tag-occitanie","17":"tag-republique-francaise","18":"tag-securite-routiere","19":"tag-toulouse"},"share_on_mastodon":{"url":"https:\/\/pubeurope.com\/@fr\/114600011633255854","error":""},"_links":{"self":[{"href":"https:\/\/www.europesays.com\/fr\/wp-json\/wp\/v2\/posts\/140603","targetHints":{"allow":["GET"]}}],"collection":[{"href":"https:\/\/www.europesays.com\/fr\/wp-json\/wp\/v2\/posts"}],"about":[{"href":"https:\/\/www.europesays.com\/fr\/wp-json\/wp\/v2\/types\/post"}],"author":[{"embeddable":true,"href":"https:\/\/www.europesays.com\/fr\/wp-json\/wp\/v2\/users\/2"}],"replies":[{"embeddable":true,"href":"https:\/\/www.europesays.com\/fr\/wp-json\/wp\/v2\/comments?post=140603"}],"version-history":[{"count":0,"href":"https:\/\/www.europesays.com\/fr\/wp-json\/wp\/v2\/posts\/140603\/revisions"}],"wp:featuredmedia":[{"embeddable":true,"href":"https:\/\/www.europesays.com\/fr\/wp-json\/wp\/v2\/media\/140604"}],"wp:attachment":[{"href":"https:\/\/www.europesays.com\/fr\/wp-json\/wp\/v2\/media?parent=140603"}],"wp:term":[{"taxonomy":"category","embeddable":true,"href":"https:\/\/www.europesays.com\/fr\/wp-json\/wp\/v2\/categories?post=140603"},{"taxonomy":"post_tag","embeddable":true,"href":"https:\/\/www.europesays.com\/fr\/wp-json\/wp\/v2\/tags?post=140603"}],"curies":[{"name":"wp","href":"https:\/\/api.w.org\/{rel}","templated":true}]}}