{"id":140607,"date":"2025-05-31T02:12:14","date_gmt":"2025-05-31T02:12:14","guid":{"rendered":"https:\/\/www.europesays.com\/fr\/140607\/"},"modified":"2025-05-31T02:12:14","modified_gmt":"2025-05-31T02:12:14","slug":"un-imam-populaire-dans-les-quartiers-nord-condamne-pour-apologie-du-terrorisme","status":"publish","type":"post","link":"https:\/\/www.europesays.com\/fr\/140607\/","title":{"rendered":"Un imam populaire dans les quartiers nord condamn\u00e9 pour \u00ab\u00a0apologie du terrorisme\u00a0\u00bb"},"content":{"rendered":"<p>L\u2019imam Ismail, de son nom <a href=\"https:\/\/www.20minutes.fr\/justice\/4145341-20250325-marseille-six-mois-prison-sursis-requis-contre-imam-apologie-terrorisme\" class=\"color-ultramarine c-link\" target=\"_blank\" rel=\"noopener\">Sma\u00efn Bendjilali<\/a>, tr\u00e8s populaire dans les quartiers nord de <a href=\"https:\/\/www.20minutes.fr\/marseille\/\" class=\"color-ultramarine c-link\" target=\"_blank\" rel=\"noopener\">Marseille<\/a>, a \u00e9t\u00e9 condamn\u00e9 vendredi \u00e0 six mois de prison avec sursis pour \u00ab\u00a0apologie du terrorisme\u00a0\u00bb pour avoir retweet\u00e9 un post sur X en lien avec l\u2019attaque du 7\u00a0octobre 2023 en Isra\u00ebl.<\/p>\n<p>Le tribunal correctionnel de Marseille a \u00e9galement condamn\u00e9 le religieux \u00e0 2.000 euros d\u2019amende, cinq ans d\u2019<a href=\"https:\/\/www.20minutes.fr\/france\/140609-20070220-est-ce-privation-droits-civiques\" class=\"color-ultramarine c-link\" target=\"_blank\" rel=\"noopener\">interdiction des droits civiques<\/a> et l\u2019inscription au Fichier des auteurs d\u2019infractions terroristes (<a href=\"https:\/\/www.service-public.fr\/particuliers\/vosdroits\/F34846#:~:text=Le%20FijaitFijait%20%3A%20Fichier%20judiciaire,l&#039;ordre%20public%20par%20l&#039;\" rel=\"nofollow noopener\" target=\"_blank\" class=\"color-ultramarine c-link\">Fijait<\/a>).<\/p>\n<p>Republication d\u2019une vid\u00e9o et commentaire sur l\u2019attaque du 7\u00a0octobre<\/p>\n<p>Les juges ont ainsi suivi les r\u00e9quisitions du parquet, \u00e0 l\u2019exception d\u2019une demande de bannissement du r\u00e9seau X pour six mois et d\u2019une interdiction d\u00e9finitive d\u2019exercer en tant que salari\u00e9 au sein de la <a href=\"https:\/\/www.google.fr\/maps\/place\/Institut+Musulman+des+Bleuets\/@43.322142,5.3721931,11609m\/data=!3m1!1e3!4m6!3m5!1s0x12c9bfb6eaab3d17:0xf8d540ee35b0104f!8m2!3d43.3270053!4d5.40688!16s%2Fg%2F11h4dl1ql4?entry=ttu&amp;g_ep=EgoyMDI1MDUyNy4wIKXMDSoASAFQAw%3D%3D\" rel=\"nofollow noopener\" target=\"_blank\" class=\"color-ultramarine c-link\">mosqu\u00e9e des Bleuets.<\/a><\/p>\n<p>L\u2019homme a \u00e9t\u00e9 reconnu coupable pour avoir republi\u00e9 en juillet\u00a02024 sur son compte, suivi par plus de 11.000 personnes, une vid\u00e9o accompagn\u00e9e d\u2019un commentaire qualifiant de \u00ab\u00a0l\u00e9gitime d\u00e9fense\u00a0\u00bb l\u2019attaque sanglante du mouvement palestinien Hamas qui a fait plus de 1.200 morts c\u00f4t\u00e9 isra\u00e9lien <a href=\"https:\/\/www.20minutes.fr\/monde\/israel\/4113563-20241005-attaque-7-octobre-personne-vu-venir-carnage-souvient-olivier-proche-victimes-otages-hamas\" class=\"color-ultramarine c-link\" target=\"_blank\" rel=\"noopener\">le 7\u00a0octobre 2023.<\/a><\/p>\n<p>Poursuite annonc\u00e9e des activit\u00e9s d\u2019imam<\/p>\n<p>Il a par contre \u00e9t\u00e9 relax\u00e9 pour une seconde publication, dans laquelle il a repost\u00e9 une vid\u00e9o accusant des soldats isra\u00e9liens de torture sur un Palestinien, y ajoutant ce commentaire\u00a0: \u00ab\u00a0<a href=\"https:\/\/www.20minutes.fr\/societe\/1503111-20141231-daech-ebola-dents-dix-mots-annee-2014\" class=\"color-ultramarine c-link\" target=\"_blank\" rel=\"noopener\">Daech <\/a>\u00e0 c\u00f4t\u00e9, ce sont des enfants de ch\u0153ur.\u00a0\u00bb<\/p>\n<p>Apr\u00e8s ce jugement, l\u2019imam a annonc\u00e9 \u00e0 la presse qu\u2019il entendait reprendre \u00ab\u00a0avec fiert\u00e9\u00a0\u00bb ses activit\u00e9s d\u2019imam d\u00e8s le pr\u00eache de ce vendredi. \u00ab\u00a0Relayer ce n\u2019est pas y adh\u00e9rer et je n\u2019adh\u00e9rais pas \u00e0 ces propos-l\u00e0\u00a0\u00bb, a-t-il r\u00e9p\u00e9t\u00e9, comme lors de l\u2019audience fin mars. \u00ab\u00a0Forc\u00e9ment, d\u00e8s qu\u2019on d\u00e9fend les Palestiens, on est antis\u00e9mite ou terroriste\u00a0\u00bb, a-t-il accus\u00e9, tout en assurant que \u00ab\u00a0\u00e7a ne nous fera pas taire\u00a0\u00bb.<\/p>\n<p>\u00ab\u00a0Mosqu\u00e9e influente\u00a0\u00bb<\/p>\n<p>Son avocat, Me Sefen Guez Guez, qui n\u2019a pas exclu de faire appel, a salu\u00e9 une \u00ab\u00a0relaxe partielle\u00a0\u00bb et \u00ab\u00a0un d\u00e9saveu suite aux r\u00e9quisitions du procureur de la R\u00e9publique qui avait demand\u00e9 l\u2019interdiction d\u00e9finitive d\u2019exercer la fonction d\u2019imamat\u00a0\u00bb.<\/p>\n<p>Il a mis en avant les \u00ab\u00a0connexions entre une volont\u00e9 du minist\u00e8re de l\u2019Int\u00e9rieur de faire fermer cette mosqu\u00e9e et cette condamnation de Sma\u00efn Bendjilali\u00a0\u00bb.<\/p>\n<p>Rapport sur les Fr\u00e8res musulmans du gouvernement<\/p>\n<p>La mosqu\u00e9e et son imam avaient en effet \u00e9t\u00e9 au centre d\u2019un bras de fer administratif \u00e0 la fin de l\u2019\u00e9t\u00e9, le pr\u00e9fet de police des Bouches-du-Rh\u00f4ne ayant menac\u00e9 de fermer la mosqu\u00e9e des Bleuets, situ\u00e9e dans les quartiers nord, \u00e0 la demande de l\u2019ancien ministre de l\u2019Int\u00e9rieur, <a href=\"https:\/\/www.20minutes.fr\/dossier\/gerald_darmanin\" class=\"color-ultramarine c-link\" target=\"_blank\" rel=\"noopener\">G\u00e9rald Darmanin<\/a>, justement en raison de ses propos et publications en ligne.<\/p>\n<p>La proc\u00e9dure avait finalement \u00e9t\u00e9 suspendue, apr\u00e8s le retrait \u00ab\u00a0temporaire\u00a0\u00bb de l\u2019imam, le temps de passer un dipl\u00f4me universitaire sur la la\u00efcit\u00e9, et la suppression de ses tweets.<\/p>\n<p>\u00ab\u00a0Grande popularit\u00e9\u00a0\u00bb de l\u2019imam<\/p>\n<p>L\u2019imam Ismail et la mosqu\u00e9e des Bleuets sont cit\u00e9s dans le <a href=\"https:\/\/www.20minutes.fr\/societe\/4152796-20250511-freres-musulmans-rapport-presente-conseil-defense-21-mai\" class=\"color-ultramarine c-link\" target=\"_blank\" rel=\"noopener\">rapport sur les Fr\u00e8res musulmans<\/a> command\u00e9 par le gouvernement, et rendu public la semaine derni\u00e8re par le minist\u00e8re de l\u2019Int\u00e9rieur.<\/p>\n<p>L\u2019imam, de nationalit\u00e9 fran\u00e7aise, y est d\u00e9crit \u00ab\u00a0de sensibilit\u00e9 plut\u00f4t salafiste, mais usant des codes du fr\u00e9risme\u00a0\u00bb. \u00ab\u00a0Il jouit d\u2019une grande popularit\u00e9 aupr\u00e8s des jeunes musulmans en raison notamment de sa ma\u00eetrise des r\u00e9seaux sociaux\u00a0\u00bb, et \u00ab\u00a0au fil des ann\u00e9es, la mosqu\u00e9e des Bleuets et ses associations satellites sont devenues tr\u00e8s influentes dans le quartier\u00a0\u00bb, selon le rapport.<\/p>\n<p><a href=\"https:\/\/www.20minutes.fr\/monde\/freres-musulmans\/\" class=\"c-link c-btn c-btn--primary\" target=\"_blank\" rel=\"noopener\">Le dossier Fr\u00e8res musulmans<\/a><\/p>\n<p>Interrog\u00e9 par l\u2019AFP, l\u2019imam a estim\u00e9 qu&rsquo;\u00ab\u00a0ils nous mettent des cibles dans le dos\u00a0\u00bb, estimant que \u00ab\u00a0ce rapport jette la suspicion sur les musulmans\u00a0\u00bb et que \u00ab\u00a0le gouvernement actuel prend une trajectoire qui est vraiment inqui\u00e9tante pour l\u2019avenir\u00a0\u00bb.<\/p>\n","protected":false},"excerpt":{"rendered":"L\u2019imam Ismail, de son nom Sma\u00efn Bendjilali, tr\u00e8s populaire dans les quartiers nord de Marseille, a \u00e9t\u00e9 condamn\u00e9&hellip;\n","protected":false},"author":2,"featured_media":140608,"comment_status":"","ping_status":"","sticky":false,"template":"","format":"standard","meta":{"footnotes":""},"categories":[2814],"tags":[1111,11,9205,885,4073,1777,674,1011,27,9305,432,418,26519,5318,1253,303,15430,884,14577,12,883,882,5747,1306,25,1254],"class_list":{"0":"post-140607","1":"post","2":"type-post","3":"status-publish","4":"format-standard","5":"has-post-thumbnail","7":"category-marseille","8":"tag-actu","9":"tag-actualites","10":"tag-apologie-du-terrorisme","11":"tag-bouches-du-rhone","12":"tag-condamnation","13":"tag-eu","14":"tag-europe","15":"tag-fr","16":"tag-france","17":"tag-freres-musulmans","18":"tag-gerald-darmanin","19":"tag-gouvernement","20":"tag-imam","21":"tag-islam","22":"tag-islamisme","23":"tag-justice","24":"tag-laicite","25":"tag-marseille","26":"tag-mosquee","27":"tag-news","28":"tag-paca","29":"tag-provence-alpes-cote-dazur","30":"tag-rapport","31":"tag-regions","32":"tag-republique-francaise","33":"tag-terrorisme"},"share_on_mastodon":{"url":"https:\/\/pubeurope.com\/@fr\/114600027312642051","error":""},"_links":{"self":[{"href":"https:\/\/www.europesays.com\/fr\/wp-json\/wp\/v2\/posts\/140607","targetHints":{"allow":["GET"]}}],"collection":[{"href":"https:\/\/www.europesays.com\/fr\/wp-json\/wp\/v2\/posts"}],"about":[{"href":"https:\/\/www.europesays.com\/fr\/wp-json\/wp\/v2\/types\/post"}],"author":[{"embeddable":true,"href":"https:\/\/www.europesays.com\/fr\/wp-json\/wp\/v2\/users\/2"}],"replies":[{"embeddable":true,"href":"https:\/\/www.europesays.com\/fr\/wp-json\/wp\/v2\/comments?post=140607"}],"version-history":[{"count":0,"href":"https:\/\/www.europesays.com\/fr\/wp-json\/wp\/v2\/posts\/140607\/revisions"}],"wp:featuredmedia":[{"embeddable":true,"href":"https:\/\/www.europesays.com\/fr\/wp-json\/wp\/v2\/media\/140608"}],"wp:attachment":[{"href":"https:\/\/www.europesays.com\/fr\/wp-json\/wp\/v2\/media?parent=140607"}],"wp:term":[{"taxonomy":"category","embeddable":true,"href":"https:\/\/www.europesays.com\/fr\/wp-json\/wp\/v2\/categories?post=140607"},{"taxonomy":"post_tag","embeddable":true,"href":"https:\/\/www.europesays.com\/fr\/wp-json\/wp\/v2\/tags?post=140607"}],"curies":[{"name":"wp","href":"https:\/\/api.w.org\/{rel}","templated":true}]}}