{"id":140609,"date":"2025-05-31T02:13:21","date_gmt":"2025-05-31T02:13:21","guid":{"rendered":"https:\/\/www.europesays.com\/fr\/140609\/"},"modified":"2025-05-31T02:13:21","modified_gmt":"2025-05-31T02:13:21","slug":"banksy-fait-son-retour-sous-forme-de-phare-dans-la-deuxieme-ville-francaise","status":"publish","type":"post","link":"https:\/\/www.europesays.com\/fr\/140609\/","title":{"rendered":"Banksy fait son retour sous forme de phare dans la deuxi\u00e8me ville fran\u00e7aise"},"content":{"rendered":"<p><strong>STREET ART &#8211; Banksy fait son retour, apr\u00e8s plusieurs mois d\u2019absence, avec un pochoir d\u2019un phare dans une petite rue de Marseille<\/strong><\/p>\n<p>Banksy fait son retour apr\u00e8s plusieurs mois de silence, et c\u2019est \u00e0 <a href=\"https:\/\/www.20minutes.fr\/marseille\/?at_medium=RSS%20feed&amp;at_campaign=ynews&amp;utm_source=yahoo&amp;utm_medium=rss&amp;utm_campaign=news_feed&amp;utm_content=in_article_link\" rel=\"nofollow noopener\" target=\"_blank\" data-ylk=\"slk:Marseille;elm:context_link;itc:0;sec:content-canvas\" class=\"link \">Marseille<\/a>. Un pochoir de l\u2019\u00e9nigmatique et tr\u00e8s <a href=\"https:\/\/www.20minutes.fr\/dossier\/banksy?at_medium=RSS%20feed&amp;at_campaign=ynews&amp;utm_source=yahoo&amp;utm_medium=rss&amp;utm_campaign=news_feed&amp;utm_content=in_article_link\" rel=\"nofollow noopener\" target=\"_blank\" data-ylk=\"slk:secret street-artiste;elm:context_link;itc:0;sec:content-canvas\" class=\"link \">secret street-artiste<\/a> sous forme de phare a \u00e9t\u00e9 d\u00e9couvert ce vendredi 30\u00a0mai, dans une rue discr\u00e8te, tout proche de la mer.<\/p>\n<p>Cette repr\u00e9sentation d\u2019un phare sombre duquel appara\u00eet une lumi\u00e8re blanche semble jouer avec l\u2019ombre d\u2019un poteau, a constat\u00e9 un journaliste de l\u2019AFP. Une phrase myst\u00e9rieuse recouvre l\u2019\u0153uvre d\u2019art\u00a0: \u00ab\u00a0I want to be what you saw in me\u00a0\u00bb, traduction\u00a0: \u00ab\u00a0Je veux \u00eatre ce que tu as vu en moi.\u00a0\u00bb L\u2019artiste lui-m\u00eame, dont l\u2019identit\u00e9 reste toujours myst\u00e9rieuse, a r\u00e9v\u00e9l\u00e9 une photo de son \u0153uvre, sans faire de commentaire, sur <a href=\"https:\/\/www.instagram.com\/p\/DKPUg56MqyT\/?utm_source=ig_web_copy_link&amp;at_medium=RSS%20feed&amp;at_campaign=ynews&amp;utm_source=yahoo&amp;utm_medium=rss&amp;utm_campaign=news_feed&amp;utm_content=in_article_link\" rel=\"nofollow noopener\" target=\"_blank\" data-ylk=\"slk:son profil Instagram;elm:context_link;itc:0;sec:content-canvas\" class=\"link \">son profil Instagram<\/a>.<\/p>\n<p>S\u2019il est aussi l\u2019auteur de tableaux et sculptures, Banksy est principalement connu pour ses pochoirs percutants qu\u2019il s\u00e8me dans les rues du monde entier, provoquant souvent l\u2019hyst\u00e9rie du public.<\/p>\n<p>\u00ab\u00a0Cela pourrait \u00eatre li\u00e9 \u00e0 l\u2019image de Marseille\u00a0\u00bb<\/p>\n<p>\u00ab\u00a0C\u2019est fascinant que Banksy ait choisi une ville comme Marseille qui a beaucoup d\u2019arts, d\u2019\u00e9trangers, de vie\u00a0\u00bb, a estim\u00e9 Esteban Roldan, artisan menuisier de 42 ans vivant \u00e0 Marseille qui s\u2019est d\u00e9plac\u00e9 pour venir voir l\u2019\u0153uvre situ\u00e9e dans une petite rue proche de la plage des Catalans, non loin du centre-ville.<\/p>\n<p>\u00ab\u00a0C\u2019est tr\u00e8s surprenant et c\u2019est passionnant. C\u2019\u00e9tait agr\u00e9able de faire une petite recherche pour d\u00e9couvrir le lieu o\u00f9 il l\u2019a faite. Je suis heureuse de l\u2019avoir trouv\u00e9e\u00a0\u00bb, a expliqu\u00e9 Susan McAllister, enseignante de 60 ans en ing\u00e9nierie.<\/p>\n<p>\u00ab\u00a0Cela pourrait avoir plus(&#8230;)<\/p>\n<p><a href=\"https:\/\/www.20minutes.fr\/arts-stars\/culture\/4156172-20250530-marseille-banksy-fait-retour-sous-forme-phare-deuxieme-ville-francaise?at_medium=RSS%20feed&amp;at_campaign=ynews&amp;utm_source=yahoo&amp;utm_medium=rss&amp;utm_campaign=news_feed&amp;utm_content=read_more_link&quot;\" rel=\"nofollow noopener\" target=\"_blank\" data-ylk=\"slk:Lire la suite sur 20minutes;elm:context_link;itc:0;sec:content-canvas\" class=\"link \">Lire la suite sur 20minutes<\/a><\/p>\n<p>\u00c0 lire aussi :<br \/><a href=\"https:\/\/www.20minutes.fr\/culture\/4009677-20221112-ukraine-artiste-banksy-devoile-uvre-peinte-immeuble-bombarde-borodianka?at_medium=RSS%20feed&amp;at_campaign=ynews&amp;utm_source=yahoo&amp;utm_medium=rss&amp;utm_campaign=news_feed&amp;utm_content=related_content_link\" rel=\"nofollow noopener\" target=\"_blank\" data-ylk=\"slk:Guerre en Ukraine\u00a0: Banksy d\u00e9voile une \u0153uvre peinte sur un immeuble bombard\u00e9 \u00e0 Borodianka;elm:context_link;itc:0;sec:content-canvas\" class=\"link \">Guerre en Ukraine\u00a0: Banksy d\u00e9voile une \u0153uvre peinte sur un immeuble bombard\u00e9 \u00e0 Borodianka<\/a><br \/><a href=\"https:\/\/www.20minutes.fr\/paris\/2734295-20200306-paris-suspect-vol-bansky-dit-avoir-agi-demande-artiste?at_medium=RSS%20feed&amp;at_campaign=ynews&amp;utm_source=yahoo&amp;utm_medium=rss&amp;utm_campaign=news_feed&amp;utm_content=related_content_link\" rel=\"nofollow noopener\" target=\"_blank\" data-ylk=\"slk:Paris\u00a0: Le suspect du vol d&#039;un Bansky dit avoir agi \u00e0 la demande de l\u2019artiste;elm:context_link;itc:0;sec:content-canvas\" class=\"link \">Paris\u00a0: Le suspect du vol d&rsquo;un Bansky dit avoir agi \u00e0 la demande de l\u2019artiste<\/a><\/p>\n<p><script async src=\"\/\/www.instagram.com\/embed.js\"><\/script><\/p>\n","protected":false},"excerpt":{"rendered":"STREET ART &#8211; Banksy fait son retour, apr\u00e8s plusieurs mois d\u2019absence, avec un pochoir d\u2019un phare dans une&hellip;\n","protected":false},"author":2,"featured_media":140610,"comment_status":"","ping_status":"","sticky":false,"template":"","format":"standard","meta":{"footnotes":""},"categories":[2814],"tags":[1111,11,7190,1777,674,1011,27,884,12,15585,882,25],"class_list":{"0":"post-140609","1":"post","2":"type-post","3":"status-publish","4":"format-standard","5":"has-post-thumbnail","7":"category-marseille","8":"tag-actu","9":"tag-actualites","10":"tag-banksy","11":"tag-eu","12":"tag-europe","13":"tag-fr","14":"tag-france","15":"tag-marseille","16":"tag-news","17":"tag-phare","18":"tag-provence-alpes-cote-dazur","19":"tag-republique-francaise"},"share_on_mastodon":{"url":"https:\/\/pubeurope.com\/@fr\/114600031202880304","error":""},"_links":{"self":[{"href":"https:\/\/www.europesays.com\/fr\/wp-json\/wp\/v2\/posts\/140609","targetHints":{"allow":["GET"]}}],"collection":[{"href":"https:\/\/www.europesays.com\/fr\/wp-json\/wp\/v2\/posts"}],"about":[{"href":"https:\/\/www.europesays.com\/fr\/wp-json\/wp\/v2\/types\/post"}],"author":[{"embeddable":true,"href":"https:\/\/www.europesays.com\/fr\/wp-json\/wp\/v2\/users\/2"}],"replies":[{"embeddable":true,"href":"https:\/\/www.europesays.com\/fr\/wp-json\/wp\/v2\/comments?post=140609"}],"version-history":[{"count":0,"href":"https:\/\/www.europesays.com\/fr\/wp-json\/wp\/v2\/posts\/140609\/revisions"}],"wp:featuredmedia":[{"embeddable":true,"href":"https:\/\/www.europesays.com\/fr\/wp-json\/wp\/v2\/media\/140610"}],"wp:attachment":[{"href":"https:\/\/www.europesays.com\/fr\/wp-json\/wp\/v2\/media?parent=140609"}],"wp:term":[{"taxonomy":"category","embeddable":true,"href":"https:\/\/www.europesays.com\/fr\/wp-json\/wp\/v2\/categories?post=140609"},{"taxonomy":"post_tag","embeddable":true,"href":"https:\/\/www.europesays.com\/fr\/wp-json\/wp\/v2\/tags?post=140609"}],"curies":[{"name":"wp","href":"https:\/\/api.w.org\/{rel}","templated":true}]}}