{"id":140611,"date":"2025-05-31T02:14:04","date_gmt":"2025-05-31T02:14:04","guid":{"rendered":"https:\/\/www.europesays.com\/fr\/140611\/"},"modified":"2025-05-31T02:14:04","modified_gmt":"2025-05-31T02:14:04","slug":"neuf-ans-de-reclusion-pour-le-crime-de-quelquun-qui-souffre-2","status":"publish","type":"post","link":"https:\/\/www.europesays.com\/fr\/140611\/","title":{"rendered":"neuf ans de r\u00e9clusion pour \u00ab\u00a0le crime de quelqu\u2019un qui souffre\u00a0\u00bb\ufeff"},"content":{"rendered":"<p>Gamin, il redoutait les coups de son p\u00e8re, qui rentrait ivre le vendredi soir. Hasard du calendrier, il a probablement attendu avec nervosit\u00e9 le verdict rendu \u00e0 l\u2019approche d\u2019un autre vendredi soir, ce 30\u00a0mai, par la cour d\u2019assises du Rh\u00f4ne.<\/p>\n<p>A 17h38 pr\u00e9cis\u00e9ment, Patrice Rabouine, 55 ans, a \u00e9t\u00e9 condamn\u00e9 \u00e0 neuf ans de r\u00e9clusion, pour parricide. L\u2019intention de donner la mort (meurtre), au cours des violences, a \u00e9t\u00e9 retenue par la cour.<\/p>\n<p>\u00c9pilogue de trois jours d\u2019audience o\u00f9 personne n\u2019aura trouv\u00e9 de qualit\u00e9s \u00e0 la victime, G\u00e9rard, 73 ans. Le retrait\u00e9 \u00e9tait mort le 17\u00a0octobre 2022 dans la cuisine familiale, au 61, rue&#8230;<\/p>\n","protected":false},"excerpt":{"rendered":"Gamin, il redoutait les coups de son p\u00e8re, qui rentrait ivre le vendredi soir. Hasard du calendrier, il&hellip;\n","protected":false},"author":2,"featured_media":140612,"comment_status":"","ping_status":"","sticky":false,"template":"","format":"standard","meta":{"footnotes":""},"categories":[1889],"tags":[1111,11,2430,271,272,2757,1777,674,274,107,1011,27,2428,2756,12,25,2429],"class_list":{"0":"post-140611","1":"post","2":"type-post","3":"status-publish","4":"format-standard","5":"has-post-thumbnail","7":"category-lyon","8":"tag-actu","9":"tag-actualites","10":"tag-auvergne-rhone-alpes","11":"tag-crime","12":"tag-delit-et-contravention","13":"tag-edition-lyon-villeurbanne","14":"tag-eu","15":"tag-europe","16":"tag-faits-divers-justice","17":"tag-fil-info","18":"tag-fr","19":"tag-france","20":"tag-lyon","21":"tag-lyon-bassin","22":"tag-news","23":"tag-republique-francaise","24":"tag-rhone"},"share_on_mastodon":{"url":"https:\/\/pubeurope.com\/@fr\/114600035154314058","error":""},"_links":{"self":[{"href":"https:\/\/www.europesays.com\/fr\/wp-json\/wp\/v2\/posts\/140611","targetHints":{"allow":["GET"]}}],"collection":[{"href":"https:\/\/www.europesays.com\/fr\/wp-json\/wp\/v2\/posts"}],"about":[{"href":"https:\/\/www.europesays.com\/fr\/wp-json\/wp\/v2\/types\/post"}],"author":[{"embeddable":true,"href":"https:\/\/www.europesays.com\/fr\/wp-json\/wp\/v2\/users\/2"}],"replies":[{"embeddable":true,"href":"https:\/\/www.europesays.com\/fr\/wp-json\/wp\/v2\/comments?post=140611"}],"version-history":[{"count":0,"href":"https:\/\/www.europesays.com\/fr\/wp-json\/wp\/v2\/posts\/140611\/revisions"}],"wp:featuredmedia":[{"embeddable":true,"href":"https:\/\/www.europesays.com\/fr\/wp-json\/wp\/v2\/media\/140612"}],"wp:attachment":[{"href":"https:\/\/www.europesays.com\/fr\/wp-json\/wp\/v2\/media?parent=140611"}],"wp:term":[{"taxonomy":"category","embeddable":true,"href":"https:\/\/www.europesays.com\/fr\/wp-json\/wp\/v2\/categories?post=140611"},{"taxonomy":"post_tag","embeddable":true,"href":"https:\/\/www.europesays.com\/fr\/wp-json\/wp\/v2\/tags?post=140611"}],"curies":[{"name":"wp","href":"https:\/\/api.w.org\/{rel}","templated":true}]}}