{"id":140613,"date":"2025-05-31T02:15:05","date_gmt":"2025-05-31T02:15:05","guid":{"rendered":"https:\/\/www.europesays.com\/fr\/140613\/"},"modified":"2025-05-31T02:15:05","modified_gmt":"2025-05-31T02:15:05","slug":"lyon-9e-danse-et-step-au-niveau-national-pour-ces-collegiennes-de-jean-perrin","status":"publish","type":"post","link":"https:\/\/www.europesays.com\/fr\/140613\/","title":{"rendered":"Lyon 9e. Danse et step au niveau national pour ces coll\u00e9giennes de Jean-Perrin"},"content":{"rendered":"<p>Tout d\u2019abord le groupe de danseuses compos\u00e9 de C\u00e9leste, Violette, Ella, Alice, Juliette, Jeanne, Jos\u00e9phine, Kiara, Mathilde, Kawthar, Elo\u00efse, Chiara, ainsi que d\u2019Elsa en jeune regard, avec leur chor\u00e9graphie \u201cLes Battements de nos peurs\u201d, ont magnifiquement bien repr\u00e9sent\u00e9 le coll\u00e8ge lors du Festival National UNSS de Danse qui se d\u00e9roulait \u00e0 St Dizier dans la Haute Marne la semaine derni\u00e8re.<\/p>\n<p>Elles ont \u00e9t\u00e9 salu\u00e9es pour leur interpr\u00e9tation sur sc\u00e8ne&#8230;<\/p>\n","protected":false},"excerpt":{"rendered":"Tout d\u2019abord le groupe de danseuses compos\u00e9 de C\u00e9leste, Violette, Ella, Alice, Juliette, Jeanne, Jos\u00e9phine, Kiara, Mathilde, Kawthar,&hellip;\n","protected":false},"author":2,"featured_media":140614,"comment_status":"","ping_status":"","sticky":false,"template":"","format":"standard","meta":{"footnotes":""},"categories":[1889],"tags":[1111,11,2430,3599,2757,1057,1777,674,1011,27,2428,24818,24817,12,25],"class_list":{"0":"post-140613","1":"post","2":"type-post","3":"status-publish","4":"format-standard","5":"has-post-thumbnail","7":"category-lyon","8":"tag-actu","9":"tag-actualites","10":"tag-auvergne-rhone-alpes","11":"tag-college-lycee","12":"tag-edition-lyon-villeurbanne","13":"tag-education","14":"tag-eu","15":"tag-europe","16":"tag-fr","17":"tag-france","18":"tag-lyon","19":"tag-lyon-9e","20":"tag-lyon-9e-arrondissement","21":"tag-news","22":"tag-republique-francaise"},"share_on_mastodon":{"url":"https:\/\/pubeurope.com\/@fr\/114600039075540592","error":""},"_links":{"self":[{"href":"https:\/\/www.europesays.com\/fr\/wp-json\/wp\/v2\/posts\/140613","targetHints":{"allow":["GET"]}}],"collection":[{"href":"https:\/\/www.europesays.com\/fr\/wp-json\/wp\/v2\/posts"}],"about":[{"href":"https:\/\/www.europesays.com\/fr\/wp-json\/wp\/v2\/types\/post"}],"author":[{"embeddable":true,"href":"https:\/\/www.europesays.com\/fr\/wp-json\/wp\/v2\/users\/2"}],"replies":[{"embeddable":true,"href":"https:\/\/www.europesays.com\/fr\/wp-json\/wp\/v2\/comments?post=140613"}],"version-history":[{"count":0,"href":"https:\/\/www.europesays.com\/fr\/wp-json\/wp\/v2\/posts\/140613\/revisions"}],"wp:featuredmedia":[{"embeddable":true,"href":"https:\/\/www.europesays.com\/fr\/wp-json\/wp\/v2\/media\/140614"}],"wp:attachment":[{"href":"https:\/\/www.europesays.com\/fr\/wp-json\/wp\/v2\/media?parent=140613"}],"wp:term":[{"taxonomy":"category","embeddable":true,"href":"https:\/\/www.europesays.com\/fr\/wp-json\/wp\/v2\/categories?post=140613"},{"taxonomy":"post_tag","embeddable":true,"href":"https:\/\/www.europesays.com\/fr\/wp-json\/wp\/v2\/tags?post=140613"}],"curies":[{"name":"wp","href":"https:\/\/api.w.org\/{rel}","templated":true}]}}