{"id":140617,"date":"2025-05-31T02:18:22","date_gmt":"2025-05-31T02:18:22","guid":{"rendered":"https:\/\/www.europesays.com\/fr\/140617\/"},"modified":"2025-05-31T02:18:22","modified_gmt":"2025-05-31T02:18:22","slug":"enquete-ouverte-pour-homicide-involontaire-apres-la-noyade-dun-enfant-a-laquaboulevard","status":"publish","type":"post","link":"https:\/\/www.europesays.com\/fr\/140617\/","title":{"rendered":"enqu\u00eate ouverte pour homicide involontaire apr\u00e8s la noyade d\u2019un enfant \u00e0 l\u2019Aquaboulevard"},"content":{"rendered":"<p>Les investigations doivent, entre autres, porter sur la responsabilit\u00e9 \u00e9ventuelle des ma\u00eetres nageurs et du parc de loisirs en tant que personne morale\u00a0: quelle surveillance \u00e9tait assur\u00e9e\u00a0? Quelle infrastructure garantissait la s\u00e9curit\u00e9\u00a0?<\/p>\n<p class=\"fig-paragraph\">Une juge d&rsquo;instruction a \u00e9t\u00e9 saisie pour en savoir plus sur les conditions dans lesquelles une enfant est morte noy\u00e9e au parc aquatique parisien\u00a0<a href=\"http:\/\/www.lefigaro.fr\/faits-divers\/paris-une-petite-fille-de-6-ans-manque-de-se-noyer-au-parc-aquaboulevard-une-enquete-ouverte-20241210\" target=\"_blank\" data-fig-type=\"NewsFlash\" rel=\"noopener nofollow\" data-gtm-custom-categorie=\"navigation\" data-gtm-custom-action=\"crossclick\" data-gtm-custom-label=\"Contextuel\" data-gtm-event=\"customEventSPE\" data-fig-domain=\"LEFIGARO\">Aquaboulevard<\/a>\u00a0en d\u00e9cembre 2024, a indiqu\u00e9 ce vendredi 30 mai 2025 une source judiciaire, confirmant une information du Parisien.<\/p>\n<p class=\"fig-paragraph\">Les investigations doivent, entre autres, porter sur la responsabilit\u00e9 \u00e9ventuelle des ma\u00eetres nageurs et du parc de loisirs en tant que personne morale\u00a0: quelle surveillance \u00e9tait assur\u00e9e\u00a0? quelle infrastructure garantissait la s\u00e9curit\u00e9\u00a0?<\/p>\n<p class=\"fig-paragraph\">Une juge d&rsquo;instruction est ainsi saisie \u00e0<a href=\"http:\/\/www.lefigaro.fr\/argent\/immobilier-une-mauvaise-nouvelle-se-prepare-pour-les-acheteurs-a-paris-20250529\" target=\"_blank\" data-fig-type=\"Article\" rel=\"noopener nofollow\" data-gtm-custom-categorie=\"navigation\" data-gtm-custom-action=\"crossclick\" data-gtm-custom-label=\"Contextuel\" data-gtm-event=\"customEventSPE\" data-fig-domain=\"LEFIGARO\">\u00a0Paris<\/a>, depuis le 22 mai, pour homicide involontaire et pour homicide involontaire par personne morale, ainsi que pour non-assistance \u00e0 personne en danger et pour non-assistance \u00e0 personne en danger par personne morale, a pr\u00e9cis\u00e9 la source judiciaire.<\/p>\n<p>Une \u00abheure creuse\u00bb<\/p>\n<p class=\"fig-paragraph\">Le 8 d\u00e9cembre 2024, un p\u00e8re et ses trois enfants se sont rendus \u00e0 Aquaboulevard. Selon le r\u00e9cit du p\u00e8re, en milieu d&rsquo;apr\u00e8s-midi, sa fille a voulu r\u00e9aliser une derni\u00e8re glissade dans la \u00abbaleine\u00bb, embl\u00e9matique attraction pourvue d&rsquo;un toboggan et destin\u00e9e aux plus petits dans ce parc m\u00ealant adulte et enfant, a relat\u00e9 \u00e0 l&rsquo;AFP une source proche du dossier.<\/p>\n<p class=\"fig-paragraph\">Fin d\u00e9cembre, aux enqu\u00eateurs, il a assur\u00e9 que sa fille \u00e9tait partie affubl\u00e9e de ses brassards, toujours d&rsquo;apr\u00e8s cette source. Lui s&rsquo;est positionn\u00e9 \u00e0 la sortie de la \u00abbaleine\u00bb. Sauf qu&rsquo;il n&rsquo;a pas vu sa fille descendre du<a href=\"https:\/\/www.lefigaro.fr\/voyages\/2014\/07\/07\/30003-20140707ARTFIG00180-le-toboggan-aquatique-le-plus-haut-et-le-plus-rapide-du-monde.php\" target=\"_blank\" data-fig-type=\"Article\" rel=\"noopener nofollow\" data-gtm-custom-categorie=\"navigation\" data-gtm-custom-action=\"crossclick\" data-gtm-custom-label=\"Contextuel\" data-gtm-event=\"customEventSPE\" data-fig-domain=\"LEFIGARO\">\u00a0toboggan<\/a>. Un ma\u00eetre nageur l&rsquo;a ensuite interpell\u00e9, lui annon\u00e7ant que sa fille s&rsquo;\u00e9tait noy\u00e9e, a poursuivi la m\u00eame source. Ce p\u00e8re assure aussi qu&rsquo;un autre lui a indiqu\u00e9 que sa fille avait \u00e9t\u00e9 retrouv\u00e9e dans le \u00abgrand bassin\u00bb, proche de la \u00abbaleine\u00bb.<\/p>\n<p class=\"fig-paragraph\">Le p\u00e8re a d\u00e9pos\u00e9 une plainte pour homicide involontaire, se demandant pourquoi aucun\u00a0<a href=\"http:\/\/www.lefigaro.fr\/cinema\/clint-eastwood-le-31-aout-1950-le-maitre-nageur-20241118\" target=\"_blank\" data-fig-type=\"Article\" rel=\"noopener nofollow\" data-gtm-custom-categorie=\"navigation\" data-gtm-custom-action=\"crossclick\" data-gtm-custom-label=\"Contextuel\" data-gtm-event=\"customEventSPE\" data-fig-domain=\"LEFIGARO\">ma\u00eetre nageur<\/a>\u00a0n&rsquo;avait vu sa fille se d\u00e9battre dans l&rsquo;eau avant de se noyer. Il a assur\u00e9 qu&rsquo;un ma\u00eetre nageur lui avait \u00e9voqu\u00e9 une \u00abheure creuse\u00bb sans surveillance. \u00c0 la suite de cette plainte, le parquet de Paris a ouvert une information judiciaire, \u00e9largissant le p\u00e9rim\u00e8tre des investigations. L&rsquo;avocate d&rsquo;Aquaboulevard n&rsquo;\u00e9tait pas joignable dans l&rsquo;imm\u00e9diat. De son c\u00f4t\u00e9, le conseil du p\u00e8re, Me Antoine Vey, n&rsquo;a pas souhait\u00e9 s&rsquo;exprimer \u00e0 ce stade.<\/p>\n","protected":false},"excerpt":{"rendered":"Les investigations doivent, entre autres, porter sur la responsabilit\u00e9 \u00e9ventuelle des ma\u00eetres nageurs et du parc de loisirs&hellip;\n","protected":false},"author":2,"featured_media":140618,"comment_status":"","ping_status":"","sticky":false,"template":"","format":"standard","meta":{"footnotes":""},"categories":[1888],"tags":[119,1111,1928,11,1927,3694,271,2951,3695,1777,674,3696,118,1011,27,2825,1253,303,18,12,1926,7781,626,1925,1072,2694,25,2949],"class_list":{"0":"post-140617","1":"post","2":"type-post","3":"status-publish","4":"format-standard","5":"has-post-thumbnail","7":"category-paris","8":"tag-accident","9":"tag-actu","10":"tag-actu-paris","11":"tag-actualites","12":"tag-actualites-paris","13":"tag-affaires","14":"tag-crime","15":"tag-criminalite","16":"tag-enquetes","17":"tag-eu","18":"tag-europe","19":"tag-evenements","20":"tag-faits-divers","21":"tag-fr","22":"tag-france","23":"tag-insecurite","24":"tag-islamisme","25":"tag-justice","26":"tag-mort","27":"tag-news","28":"tag-news-paris","29":"tag-noyade","30":"tag-paris","31":"tag-paris-news","32":"tag-police","33":"tag-proces","34":"tag-republique-francaise","35":"tag-violences"},"share_on_mastodon":{"url":"https:\/\/pubeurope.com\/@fr\/114600050914522952","error":""},"_links":{"self":[{"href":"https:\/\/www.europesays.com\/fr\/wp-json\/wp\/v2\/posts\/140617","targetHints":{"allow":["GET"]}}],"collection":[{"href":"https:\/\/www.europesays.com\/fr\/wp-json\/wp\/v2\/posts"}],"about":[{"href":"https:\/\/www.europesays.com\/fr\/wp-json\/wp\/v2\/types\/post"}],"author":[{"embeddable":true,"href":"https:\/\/www.europesays.com\/fr\/wp-json\/wp\/v2\/users\/2"}],"replies":[{"embeddable":true,"href":"https:\/\/www.europesays.com\/fr\/wp-json\/wp\/v2\/comments?post=140617"}],"version-history":[{"count":0,"href":"https:\/\/www.europesays.com\/fr\/wp-json\/wp\/v2\/posts\/140617\/revisions"}],"wp:featuredmedia":[{"embeddable":true,"href":"https:\/\/www.europesays.com\/fr\/wp-json\/wp\/v2\/media\/140618"}],"wp:attachment":[{"href":"https:\/\/www.europesays.com\/fr\/wp-json\/wp\/v2\/media?parent=140617"}],"wp:term":[{"taxonomy":"category","embeddable":true,"href":"https:\/\/www.europesays.com\/fr\/wp-json\/wp\/v2\/categories?post=140617"},{"taxonomy":"post_tag","embeddable":true,"href":"https:\/\/www.europesays.com\/fr\/wp-json\/wp\/v2\/tags?post=140617"}],"curies":[{"name":"wp","href":"https:\/\/api.w.org\/{rel}","templated":true}]}}