{"id":140619,"date":"2025-05-31T02:19:15","date_gmt":"2025-05-31T02:19:15","guid":{"rendered":"https:\/\/www.europesays.com\/fr\/140619\/"},"modified":"2025-05-31T02:19:15","modified_gmt":"2025-05-31T02:19:15","slug":"ligue-des-champions-un-dispositif-de-5-400-policiers-et-gendarmes-deploye-a-paris-pour-la-finale-30-05-2025-a-1737","status":"publish","type":"post","link":"https:\/\/www.europesays.com\/fr\/140619\/","title":{"rendered":"Ligue des Champions-Un dispositif de 5.400 policiers et gendarmes d\u00e9ploy\u00e9 \u00e0 Paris pour la finale &#8211; 30\/05\/2025 \u00e0 17:37"},"content":{"rendered":"<p>        <img fetchpriority=\"high\" decoding=\"async\" src=\"https:\/\/www.europesays.com\/fr\/wp-content\/uploads\/2025\/05\/757ad777adb26c6ab27f9e4d7a8762b4-760x507.jpg\" alt=\"Un policier monte la garde sur l'avenue des Champs-\u00c9lys\u00e9es\" loading=\"eager\" width=\"760\" height=\"507\" style=\"max-width: 100%!important; height: auto;\"\/><\/p>\n<p class=\"c-image-news__legend\">Un policier monte la garde sur l&rsquo;avenue des Champs-\u00c9lys\u00e9es<\/p>\n<p>\n Un important dispositif de 5.400 policiers et gendarmes sera d\u00e9ploy\u00e9 \u00e0 Paris et dans son agglom\u00e9ration samedi soir pour pr\u00e9venir tout d\u00e9bordement lors de la finale de la Ligue des Champions entre le Paris Saint-Germain (PSG) et l&rsquo;Inter Milan, qui se d\u00e9roulera \u00e0 partir de 21h00 \u00e0 Munich, a d\u00e9clar\u00e9 vendredi Laurent Nu\u00f1ez, pr\u00e9fet de police de Paris.\n<\/p>\n<p>\n \u00ab\u00a0Une partie importante sera dispos\u00e9e \u00e9videmment sur les Champs-\u00c9lys\u00e9es, puisque c&rsquo;est g\u00e9n\u00e9ralement \u00e0 cet endroit que se rassemblent les supporters apr\u00e8s une victoire comme apr\u00e8s une d\u00e9faite\u00a0\u00bb, a dit Laurent Nu\u00f1ez au cours d&rsquo;un entretien accord\u00e9 \u00e0 CNews.\n<\/p>\n<p>\n Le pr\u00e9fet de Paris a ainsi pr\u00e9cis\u00e9 que la circulation dans le secteur de la place de l&rsquo;Etoile serait ferm\u00e9e \u00e0 la circulation \u00e0 partir de samedi midi, de m\u00eame pour le boulevard des Champs-\u00c9lys\u00e9es et les rues perpendiculaires dans la soir\u00e9e \u00e0 partir de 18h00.\n<\/p>\n<p>\n Tous les \u00e9tablissements serons ferm\u00e9s \u00e0 partir de 19h00, sauf les h\u00f4tels, a-t-il ajout\u00e9.\n<\/p>\n<p>\n \u00ab\u00a0Il y a syst\u00e9matiquement des rassemblements sur les Champs qui, \u00e0 la fin (&#8230;) peuvent d\u00e9g\u00e9n\u00e9rer parce qu&rsquo;il y a des individus qui viennent uniquement pour commettre des d\u00e9gradations et piller des commerces\u00a0\u00bb, a-t-il soulign\u00e9.\n<\/p>\n<p>\n Il y aura \u00e9galement un gros dispositif policier autour du Parc des Princes, le stade du PSG, o\u00f9 de nombreux supporteurs sont attendus samedi pour suivre la retransmission du match, a ajout\u00e9 le pr\u00e9fet.\n<\/p>\n<p>\n Dans le m\u00eame temps, \u00e0 quelques centaines de m\u00e8tres du Parc des Princes, se d\u00e9roule la 124e \u00e9dition de Roland-Garros, deuxi\u00e8me tournoi du Grand Chelem de la saison de tennis.\n<\/p>\n<p>\n En plus des pr\u00e8s de 40.000 personnes attendues au Parc des Princes, 15.000 autres devraient garnir le court Philippe-Chatrier pour la session de nuit, \u00e0 partir de 20h15.\n<\/p>\n<p>\n AUCUNE FAN ZONE\n<\/p>\n<p>\n \u00ab\u00a0La ligne 9 du m\u00e9tro devait \u00eatre ferm\u00e9e, elle sera bien ouverte tout le week-end\u00a0\u00bb, a annonc\u00e9 vendredi Am\u00e9lie Mauresmo, directrice du tournoi parisien, en conf\u00e9rence de presse. \u00ab\u00a0C&rsquo;est une bonne nouvelle, qui va permettre aux gens, au Parc ou \u00e0 Roland-Garros, de pouvoir venir et repartir dans de bonnes conditions.\u00a0\u00bb\n<\/p>\n<p>\n \u00ab\u00a0Nous, on g\u00e8re dans le stade, et tout ce qui est hors stade, la pr\u00e9fecture de police se charge de \u00e7a. Ils sont tr\u00e8s, tr\u00e8s bien staff\u00e9s et \u00e9videmment r\u00f4d\u00e9s pour ce genre d&rsquo;exercice.\u00a0\u00bb\n<\/p>\n<p>\n Aucune fan zone n&rsquo;a \u00e9t\u00e9 autoris\u00e9e \u00e0 Paris.\n<\/p>\n<p>\n En cas de victoire du PSG, une parade est pr\u00e9vue dimanche \u00e0 partir de 17h00 entre le rond-point des Champs-\u00c9lys\u00e9es et l&rsquo;Arc de Triomphe, avec une jauge de 110.000 personnes qui ne pourront acc\u00e9der que sur la partie sud des Champs-Elys\u00e9es et seront fouill\u00e9es et palp\u00e9es \u00e0 l&rsquo;entr\u00e9e.\n<\/p>\n<p>\n Vendredi, le Collectif Ultras Paris (CUP), le principal groupe de supporters parisiens, a appel\u00e9 sur X ses membres \u00e0 vibrer \u00ab\u00a0au Parc des Princes, devant [les] \u00e9crans, dans les bars, dans les rues, mais sans d\u00e9bordements\u00a0\u00bb.\n<\/p>\n<p>\n \u00ab\u00a0Que l&rsquo;issue soit une explosion de joie ou une le\u00e7on \u00e0 tirer, restez fiers et exemplaires. Paris, la plus belle ville du monde, m\u00e9rite des supporters qui l&rsquo;honorent\u00a0\u00bb, a ajout\u00e9 le CUP.\n<\/p>\n<p>\n Les c\u00e9l\u00e9brations qui ont suivi la victoire du PSG contre Arsenal au d\u00e9but du mois, qui a assur\u00e9 au club parisien une place en finale, ont d\u00e9clench\u00e9 une nuit de violences \u00e0 Paris, avec 47 personnes en garde \u00e0 vue et trois autres bless\u00e9es apr\u00e8s avoir \u00e9t\u00e9 percut\u00e9es par un v\u00e9hicule.\n<\/p>\n<p>\n Lundi, une parade organis\u00e9e pour c\u00e9l\u00e9brer le titre de champion d&rsquo;Angleterre de football par le Liverpool FC a \u00e9t\u00e9 assombrie apr\u00e8s qu&rsquo;une voiture a fonc\u00e9 dans la foule, blessant environ une trentaine de personnes.\n<\/p>\n<p>\n (R\u00e9dig\u00e9 par Diana Mandi\u00e1 et Vincent Daheron, \u00e9dit\u00e9 par Kate Entringer)<\/p>\n","protected":false},"excerpt":{"rendered":"Un policier monte la garde sur l&rsquo;avenue des Champs-\u00c9lys\u00e9es Un important dispositif de 5.400 policiers et gendarmes sera&hellip;\n","protected":false},"author":2,"featured_media":140620,"comment_status":"","ping_status":"","sticky":false,"template":"","format":"standard","meta":{"footnotes":""},"categories":[1888],"tags":[400,1111,1928,11,1927,398,408,405,1777,674,1011,27,403,402,399,404,12,1926,626,1925,25,401,406,407],"class_list":{"0":"post-140619","1":"post","2":"type-post","3":"status-publish","4":"format-standard","5":"has-post-thumbnail","7":"category-paris","8":"tag-action-cac-40","9":"tag-actu","10":"tag-actu-paris","11":"tag-actualites","12":"tag-actualites-paris","13":"tag-bourse-de-paris","14":"tag-boursorama","15":"tag-cotations","16":"tag-eu","17":"tag-europe","18":"tag-fr","19":"tag-france","20":"tag-indices-devises","21":"tag-investir","22":"tag-investissement","23":"tag-marche-boursier","24":"tag-news","25":"tag-news-paris","26":"tag-paris","27":"tag-paris-news","28":"tag-republique-francaise","29":"tag-sicav","30":"tag-trackers","31":"tag-warrants"},"share_on_mastodon":{"url":"https:\/\/pubeurope.com\/@fr\/114600054898884472","error":""},"_links":{"self":[{"href":"https:\/\/www.europesays.com\/fr\/wp-json\/wp\/v2\/posts\/140619","targetHints":{"allow":["GET"]}}],"collection":[{"href":"https:\/\/www.europesays.com\/fr\/wp-json\/wp\/v2\/posts"}],"about":[{"href":"https:\/\/www.europesays.com\/fr\/wp-json\/wp\/v2\/types\/post"}],"author":[{"embeddable":true,"href":"https:\/\/www.europesays.com\/fr\/wp-json\/wp\/v2\/users\/2"}],"replies":[{"embeddable":true,"href":"https:\/\/www.europesays.com\/fr\/wp-json\/wp\/v2\/comments?post=140619"}],"version-history":[{"count":0,"href":"https:\/\/www.europesays.com\/fr\/wp-json\/wp\/v2\/posts\/140619\/revisions"}],"wp:featuredmedia":[{"embeddable":true,"href":"https:\/\/www.europesays.com\/fr\/wp-json\/wp\/v2\/media\/140620"}],"wp:attachment":[{"href":"https:\/\/www.europesays.com\/fr\/wp-json\/wp\/v2\/media?parent=140619"}],"wp:term":[{"taxonomy":"category","embeddable":true,"href":"https:\/\/www.europesays.com\/fr\/wp-json\/wp\/v2\/categories?post=140619"},{"taxonomy":"post_tag","embeddable":true,"href":"https:\/\/www.europesays.com\/fr\/wp-json\/wp\/v2\/tags?post=140619"}],"curies":[{"name":"wp","href":"https:\/\/api.w.org\/{rel}","templated":true}]}}