{"id":140621,"date":"2025-05-31T02:20:10","date_gmt":"2025-05-31T02:20:10","guid":{"rendered":"https:\/\/www.europesays.com\/fr\/140621\/"},"modified":"2025-05-31T02:20:10","modified_gmt":"2025-05-31T02:20:10","slug":"une-mere-condamnee-pour-violences-sur-sa-fille-victime-de-revenge-porn","status":"publish","type":"post","link":"https:\/\/www.europesays.com\/fr\/140621\/","title":{"rendered":"une m\u00e8re condamn\u00e9e pour violences sur sa fille victime de \u00ab\u00a0revenge porn\u00a0\u00bb"},"content":{"rendered":"<p>            Par<br \/>\n        <strong><br \/>\n            <a href=\"https:\/\/actu.fr\/auteur\/redaction-paris\" title=\"Consulter tous les articles de R\u00e9daction Paris\" target=\"_blank\" rel=\"noopener\">R\u00e9daction Paris<\/a><br \/>\n        <\/strong><\/p>\n<p>        Publi\u00e9 le<\/p>\n<p>            30 mai 2025 \u00e0 20h16        <\/p>\n<p>Le tribunal correctionnel de <a href=\"https:\/\/actu.fr\/ile-de-france\/bobigny_93008\" target=\"_blank\" rel=\"noopener\">Bobigny<\/a> (<a href=\"https:\/\/actu.fr\/ile-de-france\/seine-saint-denis_93\" target=\"_blank\" rel=\"noopener\">Seine-Saint-Denis<\/a>) a condamn\u00e9, vendredi 30\u00a0mai 2025, une femme de 51\u00a0ans \u00e0 trois ans de prison, dont 24\u00a0mois avec sursis, <strong>pour avoir inflig\u00e9 des br\u00fblures \u00e0 sa fille<\/strong> \u00e0 l\u2019aide d\u2019un fer \u00e0 repasser. Son fils, \u00e2g\u00e9 de 24\u00a0ans, a \u00e9t\u00e9 condamn\u00e9 \u00e0 un an de prison avec sursis. La victime, une coll\u00e9gienne de 15\u00a0ans, <strong>venait d\u2019\u00eatre expos\u00e9e \u00e0 un \u00ab\u2009revenge porn\u2009\u00bb<\/strong> lorsque les faits se sont produits. La juridiction a \u00e9galement retir\u00e9 l\u2019autorit\u00e9 parentale \u00e0 la m\u00e8re.<\/p>\n<p>Des \u00ab\u2009actes de barbarie\u2009\u00bb<\/p>\n<p class=\" wall-content\">Les magistrats ont soulign\u00e9 des \u00ab\u2009faits particuli\u00e8rement graves\u2009\u00bb, initialement qualifi\u00e9s <strong>\u00ab\u2009d\u2019actes de barbarie\u2009\u00bb<\/strong>. La m\u00e8re comparaissait pour \u00ab\u2009violences avec menace ou usage d\u2019une arme suivie d\u2019incapacit\u00e9 sup\u00e9rieure \u00e0 huit jours\u2009\u00bb, tandis que le fr\u00e8re, plac\u00e9 sous contr\u00f4le judiciaire, \u00e9tait poursuivi pour \u00ab\u2009violences sans incapacit\u00e9\u2009\u00bb.<\/p>\n<p class=\" wall-content\">Les violences sont survenues le 31\u00a0mars. Ce jour-l\u00e0, deux \u00e9l\u00e8ves du coll\u00e8ge de la victime, auteurs d\u2019une vid\u00e9o dans laquelle elle apparaissait <strong>en train de pratiquer une fellation sur un camarade<\/strong>, se sont pr\u00e9sent\u00e9s au domicile familial pour exposer les images. C\u2019est \u00e0 la suite de cette r\u00e9v\u00e9lation que la jeune fille a subi les repr\u00e9sailles de sa famille.<\/p>\n<p>Un bout de peau arrach\u00e9<\/p>\n<p class=\" wall-content\">\u00ab\u2009J\u2019ai \u00e9t\u00e9 questionn\u00e9e par ma m\u00e8re, <strong>je l\u2019ai suppli\u00e9e de ne pas me punir<\/strong>. Ma m\u00e8re est alors partie chercher un fer \u00e0 repasser, elle l\u2019a branch\u00e9, elle a attendu qu\u2019il soit chaud\u2009\u00bb, a d\u00e9clar\u00e9 l\u2019adolescente \u00e0 l\u2019infirmi\u00e8re scolaire et aux policiers. Ces t\u00e9moignages ont \u00e9t\u00e9 lus \u00e0 l\u2019audience par le procureur. Elle a expliqu\u00e9 que sa m\u00e8re avait tent\u00e9 de lui <strong>\u00ab\u2009br\u00fbler la bouche\u2009\u00bb<\/strong> avec l\u2019appareil. N\u2019y parvenant pas, elle lui aurait \u00ab\u2009coll\u00e9\u2009\u00bb le fer sur le mollet.<\/p>\n<p class=\" wall-content\">Une photo pr\u00e9sent\u00e9e au tribunal montre une l\u00e9sion importante\u2009: la peau arrach\u00e9e sur environ 60 centim\u00e8tres. La victime souffrait \u00e9galement d\u2019une blessure au menton. <strong>C\u2019est l\u2019infirmi\u00e8re de l\u2019\u00e9tablissement scolaire qui a signal\u00e9 les faits<\/strong>, d\u00e9clenchant l\u2019ouverture de la proc\u00e9dure et le placement de l\u2019adolescente.<\/p>\n<p>Vid\u00e9os : en ce moment sur ActuLa m\u00e8re a affirm\u00e9 que le fer \u00e9tait \u00ab\u2009tomb\u00e9\u2009\u00bb sur le pied de sa fille<\/p>\n<p class=\" wall-content\">\u00c0 l\u2019audience, le fr\u00e8re a reconnu l\u2019avoir tir\u00e9e au sol avant de la frapper. <strong>\u00ab\u2009Je regrette fortement\u2009\u00bb<\/strong> son geste, a-t-il d\u00e9clar\u00e9, esp\u00e9rant que sa s\u0153ur lui \u00ab\u2009pardonne\u2009\u00bb.<\/p>\n<p class=\" wall-content\">La m\u00e8re, en pleurs, a assur\u00e9 n\u2019avoir \u00ab\u2009pas [eu] d\u2019intention de la br\u00fbler\u2009\u00bb, \u00e9voquant sa \u00ab\u2009honte\u2009\u00bb et son \u00ab\u2009\u00e9nervement\u2009\u00bb. Lors de son audition par les policiers,<strong> elle avait affirm\u00e9 que le fer \u00e9tait \u00ab\u2009tomb\u00e9\u2009\u00bb sur le pied de sa fille<\/strong>.<\/p>\n<p class=\" wall-content\">La d\u00e9fense a invoqu\u00e9 un \u00ab\u2009contexte de harc\u00e8lement\u2009\u00bb, une <strong>\u00ab\u2009culture o\u00f9 la sexualit\u00e9 est tabou\u2009\u00bb<\/strong>, et un \u00ab\u2009geste impulsif\u2009\u00bb d\u2019une \u00ab\u2009m\u00e8re d\u00e9pass\u00e9e qui a mal r\u00e9agi, p\u00e9t\u00e9 les plombs\u2009\u00bb mais par ailleurs \u00ab\u2009douce et aimante\u2009\u00bb au sein d\u2019une \u00ab\u2009famille int\u00e9gr\u00e9e\u2009\u00bb. La m\u00e8re et le fils avaient demand\u00e9 \u00ab\u2009l\u2019indulgence du tribunal\u2009\u00bb. <strong>\u00ab\u2009C\u2019\u00e9tait la premi\u00e8re et la derni\u00e8re fois\u2009\u00bb<\/strong>, ont-ils dit.<\/p>\n<p class=\" wall-content\">Avec AFP<\/p>\n<p class=\" wall-content\">Suivez toute l\u2019actualit\u00e9 de vos villes et m\u00e9dias favoris en vous inscrivant \u00e0 <a href=\"https:\/\/moncompte.actu.fr\" title=\"D\u00e9couvez Mon Actu\" rel=\"nofollow noopener\" data-trk=\"{&quot;cta&quot;:{&quot;action&quot;:&quot;https:\\\/\\\/moncompte.actu.fr&quot;,&quot;category&quot;:&quot;mon compte&quot;,&quot;from&quot;:&quot;article footer&quot;,&quot;name&quot;:&quot;Mon actu&quot;,&quot;type&quot;:&quot;cta&quot;}}\" target=\"_blank\">Mon Actu<\/a>.<\/p>\n","protected":false},"excerpt":{"rendered":"Par R\u00e9daction Paris Publi\u00e9 le 30 mai 2025 \u00e0 20h16 Le tribunal correctionnel de Bobigny (Seine-Saint-Denis) a condamn\u00e9,&hellip;\n","protected":false},"author":2,"featured_media":140622,"comment_status":"","ping_status":"","sticky":false,"template":"","format":"standard","meta":{"footnotes":""},"categories":[1888],"tags":[11,1777,674,118,1011,27,12,626,25,3158],"class_list":{"0":"post-140621","1":"post","2":"type-post","3":"status-publish","4":"format-standard","5":"has-post-thumbnail","7":"category-paris","8":"tag-actualites","9":"tag-eu","10":"tag-europe","11":"tag-faits-divers","12":"tag-fr","13":"tag-france","14":"tag-news","15":"tag-paris","16":"tag-republique-francaise","17":"tag-tribunal-de-bobigny"},"share_on_mastodon":{"url":"https:\/\/pubeurope.com\/@fr\/114600058777603375","error":""},"_links":{"self":[{"href":"https:\/\/www.europesays.com\/fr\/wp-json\/wp\/v2\/posts\/140621","targetHints":{"allow":["GET"]}}],"collection":[{"href":"https:\/\/www.europesays.com\/fr\/wp-json\/wp\/v2\/posts"}],"about":[{"href":"https:\/\/www.europesays.com\/fr\/wp-json\/wp\/v2\/types\/post"}],"author":[{"embeddable":true,"href":"https:\/\/www.europesays.com\/fr\/wp-json\/wp\/v2\/users\/2"}],"replies":[{"embeddable":true,"href":"https:\/\/www.europesays.com\/fr\/wp-json\/wp\/v2\/comments?post=140621"}],"version-history":[{"count":0,"href":"https:\/\/www.europesays.com\/fr\/wp-json\/wp\/v2\/posts\/140621\/revisions"}],"wp:featuredmedia":[{"embeddable":true,"href":"https:\/\/www.europesays.com\/fr\/wp-json\/wp\/v2\/media\/140622"}],"wp:attachment":[{"href":"https:\/\/www.europesays.com\/fr\/wp-json\/wp\/v2\/media?parent=140621"}],"wp:term":[{"taxonomy":"category","embeddable":true,"href":"https:\/\/www.europesays.com\/fr\/wp-json\/wp\/v2\/categories?post=140621"},{"taxonomy":"post_tag","embeddable":true,"href":"https:\/\/www.europesays.com\/fr\/wp-json\/wp\/v2\/tags?post=140621"}],"curies":[{"name":"wp","href":"https:\/\/api.w.org\/{rel}","templated":true}]}}