{"id":140627,"date":"2025-05-31T02:23:13","date_gmt":"2025-05-31T02:23:13","guid":{"rendered":"https:\/\/www.europesays.com\/fr\/140627\/"},"modified":"2025-05-31T02:23:13","modified_gmt":"2025-05-31T02:23:13","slug":"poutine-ne-veut-toujours-pas-voir-zelensky-macron-simpatiente","status":"publish","type":"post","link":"https:\/\/www.europesays.com\/fr\/140627\/","title":{"rendered":"Poutine ne veut toujours pas voir Zelensky, Macron s\u2019impatiente"},"content":{"rendered":"<p>Vous avez rat\u00e9 les derniers \u00e9v\u00e9nements sur la <a href=\"https:\/\/www.20minutes.fr\/monde\/ukraine\/\" class=\"color-ultramarine c-link\" rel=\"nofollow noopener\" target=\"_blank\">guerre en Ukraine<\/a>\u00a0? 20 Minutes fait le point pour vous tous les soirs. Voici l\u2019essentiel de ce vendredi 30\u00a0mai, 1.192e jour du conflit.<\/p>\n<p>Le fait du jour<\/p>\n<p>C\u2019est mal parti. Le Kremlin a \u00e9cart\u00e9 ce vendredi une rencontre propos\u00e9e par la Turquie entre Vladimir Poutine, Volodymyr Zelensky et Donald Trump, conditionnant tout sommet de ce type \u00e0 l\u2019obtention de \u00ab\u00a0r\u00e9sultats\u00a0\u00bb dans les n\u00e9gociations avec Kiev. Le ministre turc des Affaires \u00e9trang\u00e8res Hakan Fidan avait propos\u00e9 plus t\u00f4t que la <a href=\"https:\/\/www.20minutes.fr\/monde\/turquie\/\" class=\"color-ultramarine c-link\" rel=\"nofollow noopener\" target=\"_blank\">Turquie<\/a> accueille \u00ab\u00a0une rencontre entre M.Trump, M.\u00a0Poutine et M.Zelensky, sous la direction\u00a0\u00bb du pr\u00e9sident turc <a href=\"https:\/\/www.20minutes.fr\/monde\/recep_tayyip_erdogan\/\" class=\"color-ultramarine c-link\" rel=\"nofollow noopener\" target=\"_blank\">Recep Tayyip Erdogan<\/a>.<\/p>\n<p>Volodymyr Zelensky avait d\u00e9j\u00e0 propos\u00e9 de rencontrer son homologue russe en mai, puis d\u2019organiser un format tripartite incluant le pr\u00e9sident am\u00e9ricain, mais le Kremlin n\u2019avait pas donn\u00e9 suite. Moscou a en revanche propos\u00e9 \u00e0 Kiev de se retrouver pour de nouveaux pourparlers directs lundi \u00e0 Istanbul, apr\u00e8s un premier rendez-vous peu fructueux le 16\u00a0mai dans la m\u00e9gapole turque.<\/p>\n<p>Le porte-parole du Kremlin Dmitri Peskov a affirm\u00e9 que Vladimir Poutine est \u00ab\u00a0favorable, sur le principe, aux contacts au plus haut niveau\u00a0\u00bb. Mais il faut d\u2019abord \u00ab\u00a0des r\u00e9sultats\u00a0\u00bb dans les n\u00e9gociations entre Kiev et Moscou, a-t-il tranch\u00e9. Dmitri Peskov a aussi affirm\u00e9 que le Kremlin enverrait \u00e0 <a href=\"https:\/\/www.20minutes.fr\/monde\/istanbul\/\" class=\"color-ultramarine c-link\" rel=\"nofollow noopener\" target=\"_blank\">Istanbul<\/a> une d\u00e9l\u00e9gation qui sera \u00ab\u00a0pr\u00eate\u00a0\u00bb pour de nouveaux pourparlers lundi avec l\u2019Ukraine, qui n\u2019a toutefois pas encore confirm\u00e9 sa participation.<\/p>\n<p>La d\u00e9claration du jour<\/p>\n<blockquote class=\"mx-m@xs mx-xxl@md color-ultramarine c-citation\">\n<p class=\"font-weight-regular@xs text-italic font-source-serif-pro text-l@xs c-citation__content\">\u00ab\u00a0Malheureusement, la Russie fait tout ce qu\u2019elle peut pour qu\u2019une prochaine r\u00e9union potentielle n\u2019apporte aucun r\u00e9sultat\u00a0\u00bb<\/p>\n<\/blockquote>\n<p>Les paroles sont sign\u00e9es Volodymyr Zelensky ce vendredi. Le pr\u00e9sident ukrainien Le pr\u00e9sident ukrainien Volodymyr Zelensky a accus\u00e9 Moscou de les saborder en refusant de transmettre \u00e0 l\u2019avance son \u00ab\u00a0m\u00e9morandum\u00a0\u00bb d\u00e9taillant ses conditions pour un accord de paix.<\/p>\n<p>Les efforts diplomatiques pour mettre fin \u00e0 l\u2019invasion russe de l\u2019Ukraine, lanc\u00e9e en\u00a02022, s\u2019intensifient depuis quelques semaines, mais butent sur la d\u00e9fiance entre Moscou et Kiev, qui se rejettent la responsabilit\u00e9 du manque de progr\u00e8s concrets.<\/p>\n<p>\u00ab\u00a0Depuis plus d\u2019une semaine, les Russes sont incapables de pr\u00e9senter ce pr\u00e9tendu \u00ab\u00a0m\u00e9morandum\u00a0\u00bb\u00a0\u00bb, a d\u00e9nonc\u00e9 vendredi Volodymyr Zelensky, en r\u00e9f\u00e9rence \u00e0 un document que Moscou a promis de fournir pour ce deuxi\u00e8me cycle de n\u00e9gociations directes.<\/p>\n<p>Questionn\u00e9 \u00e0 ce sujet plus t\u00f4t, le porte-parole du <a href=\"https:\/\/www.20minutes.fr\/dossier\/kremlin\" class=\"color-ultramarine c-link\" rel=\"nofollow noopener\" target=\"_blank\">Kremlin<\/a>, Dmitri Peskov, a de nouveau refus\u00e9 de transmettre \u00e0 l\u2019avance ce document.<\/p>\n<p>Le chiffre du jour<\/p>\n<p>15. C\u2019est le nombre d\u2019ann\u00e9es de prison auxquelles a \u00e9t\u00e9 condamn\u00e9 en Ukraine un homme de 21 ans pour avoir aid\u00e9 la Russie \u00e0 cibler des attaques de missiles, ont indiqu\u00e9 vendredi les services de s\u00e9curit\u00e9 ukrainiens (SBU). Ce jeune r\u00e9sident de Kiev \u00e9tait charg\u00e9 de transmettre les coordonn\u00e9es de b\u00e2timents utilis\u00e9s par l\u2019arm\u00e9e ukrainienne, comme des quartiers g\u00e9n\u00e9raux ou des centres logistiques, d\u2019apr\u00e8s cette source.<\/p>\n<p>Il \u00ab\u00a0photographiait en secret\u00a0\u00bb ces emplacements et envoyait les clich\u00e9s aux services russes (FSB) pour la \u00ab\u00a0pr\u00e9paration de nouvelles frappes a\u00e9riennes\u00a0\u00bb, a affirm\u00e9 le SBU. Les services ukrainiens ont affirm\u00e9 que le jeune homme se pr\u00e9parait aussi \u00e0 mener des attaques et avait \u00e9t\u00e9 pris \u00ab\u00a0en flagrant d\u00e9lit\u00a0\u00bb d\u2019espionnage pr\u00e8s d\u2019une installation militaire.<\/p>\n<p>La Russie a de son c\u00f4t\u00e9 affirm\u00e9 vendredi avoir arr\u00eat\u00e9 un habitant de Moscou qui pr\u00e9voyait une attaque sur ordre des services ukrainiens dans la capitale russe et qui se trouve en d\u00e9tention pour \u00ab\u00a0terrorisme\u00a0\u00bb.<\/p>\n<p>La Russie et l\u2019Ukraine s\u2019accusent fr\u00e9quemment de recruter, contre r\u00e9mun\u00e9ration, des civils pour mener des attaques ou des actes de sabotage.<\/p>\n<p>La tendance<\/p>\n<p>Le pr\u00e9sident fran\u00e7ais Emmanuel Macron a affirm\u00e9 vendredi que la d\u00e9cision ou non de sanctionner la Russie si elle refuse un cessez-le-feu en Ukraine \u00e9tait un \u00ab\u00a0test de cr\u00e9dibilit\u00e9\u00a0\u00bb pour les Etats-Unis de Donald Trump. Si la Russie \u00ab\u00a0confirme\u00a0\u00bb qu\u2019elle \u00ab\u00a0n\u2019est pas pr\u00eate \u00e0 faire la paix\u00a0\u00bb, Washington doit confirmer son \u00ab\u00a0engagement\u00a0\u00bb \u00e0 sanctionner Moscou, a dit le pr\u00e9sident fran\u00e7ais devant la presse lors d\u2019une visite \u00e0 Singapour, soulignant que \u00ab\u00a0c\u2019est un test de cr\u00e9dibilit\u00e9 pour les Am\u00e9ricains\u00a0\u00bb.<\/p>\n<p>\u00ab\u00a0Je me suis entretenu il y a 48 heures avec le pr\u00e9sident Trump qui a marqu\u00e9 son impatience. La question maintenant, c\u2019est\u00a0: qu\u2019en faisons-nous\u00a0? Nous [Europ\u00e9ens] sommes pr\u00eats\u00a0\u00bb, a soulign\u00e9 le dirigeant fran\u00e7ais, qui s\u2019exprimait aux c\u00f4t\u00e9s du Premier ministre singapourien Lawrence Wong.<\/p>\n<p>Accompagn\u00e9 des autres dirigeants europ\u00e9ens de la \u00ab\u00a0coalition des volontaires\u00a0\u00bb, Emmanuel Macron s\u2019\u00e9tait rendu \u00e0 Kiev le 10\u00a0mai, o\u00f9 ils avaient menac\u00e9 Moscou de sanctions massives si la Russie ne consentait pas \u00e0 un cessez-le-feu imm\u00e9diat, une annonce qui n\u2019a pas \u00e9t\u00e9 suivie d\u2019effet \u00e0 ce jour.<\/p>\n","protected":false},"excerpt":{"rendered":"Vous avez rat\u00e9 les derniers \u00e9v\u00e9nements sur la guerre en Ukraine\u00a0? 20 Minutes fait le point pour vous&hellip;\n","protected":false},"author":2,"featured_media":140628,"comment_status":"","ping_status":"","sticky":false,"template":"","format":"standard","meta":{"footnotes":""},"categories":[1590],"tags":[47,11,1777,674,131,74,12,132,220,135,134],"class_list":{"0":"post-140627","1":"post","2":"type-post","3":"status-publish","4":"format-standard","5":"has-post-thumbnail","7":"category-ukraine","8":"tag-actualite","9":"tag-actualites","10":"tag-eu","11":"tag-europe","12":"tag-guerre-en-ukraine","13":"tag-monde","14":"tag-news","15":"tag-russie","16":"tag-ukraine","17":"tag-vladimir-poutine","18":"tag-volodymyr-zelensky"},"share_on_mastodon":{"url":"https:\/\/pubeurope.com\/@fr\/114600070743621192","error":""},"_links":{"self":[{"href":"https:\/\/www.europesays.com\/fr\/wp-json\/wp\/v2\/posts\/140627","targetHints":{"allow":["GET"]}}],"collection":[{"href":"https:\/\/www.europesays.com\/fr\/wp-json\/wp\/v2\/posts"}],"about":[{"href":"https:\/\/www.europesays.com\/fr\/wp-json\/wp\/v2\/types\/post"}],"author":[{"embeddable":true,"href":"https:\/\/www.europesays.com\/fr\/wp-json\/wp\/v2\/users\/2"}],"replies":[{"embeddable":true,"href":"https:\/\/www.europesays.com\/fr\/wp-json\/wp\/v2\/comments?post=140627"}],"version-history":[{"count":0,"href":"https:\/\/www.europesays.com\/fr\/wp-json\/wp\/v2\/posts\/140627\/revisions"}],"wp:featuredmedia":[{"embeddable":true,"href":"https:\/\/www.europesays.com\/fr\/wp-json\/wp\/v2\/media\/140628"}],"wp:attachment":[{"href":"https:\/\/www.europesays.com\/fr\/wp-json\/wp\/v2\/media?parent=140627"}],"wp:term":[{"taxonomy":"category","embeddable":true,"href":"https:\/\/www.europesays.com\/fr\/wp-json\/wp\/v2\/categories?post=140627"},{"taxonomy":"post_tag","embeddable":true,"href":"https:\/\/www.europesays.com\/fr\/wp-json\/wp\/v2\/tags?post=140627"}],"curies":[{"name":"wp","href":"https:\/\/api.w.org\/{rel}","templated":true}]}}