{"id":140629,"date":"2025-05-31T02:24:09","date_gmt":"2025-05-31T02:24:09","guid":{"rendered":"https:\/\/www.europesays.com\/fr\/140629\/"},"modified":"2025-05-31T02:24:09","modified_gmt":"2025-05-31T02:24:09","slug":"lavion-de-campagne-de-j-d-vance-aujourdhui-utilise-pour-expulser-des-migrants","status":"publish","type":"post","link":"https:\/\/www.europesays.com\/fr\/140629\/","title":{"rendered":"L\u2019avion de campagne de J.D. Vance aujourd\u2019hui utilis\u00e9 pour expulser des migrants"},"content":{"rendered":"<p><strong>IMMIGRATION &#8211; Selon une r\u00e9v\u00e9lation d\u2019un journal d\u2019Arizona, l\u2019avion de campagne du vice-pr\u00e9sident des Etats-Unis est d\u00e9sormais utilis\u00e9 pour expulser des immigr\u00e9s clandestins vers l\u2019Am\u00e9rique centrale et l\u2019Am\u00e9rique du Sud<\/strong><\/p>\n<p>L\u2019avion du vice-pr\u00e9sident des <a href=\"https:\/\/www.20minutes.fr\/monde\/etats-unis\/?at_medium=RSS%20feed&amp;at_campaign=ynews&amp;utm_source=yahoo&amp;utm_medium=rss&amp;utm_campaign=news_feed&amp;utm_content=in_article_link\" rel=\"nofollow noopener\" target=\"_blank\" data-ylk=\"slk:Etats-Unis;elm:context_link;itc:0;sec:content-canvas\" class=\"link \">Etats-Unis<\/a> est d\u00e9sormais utilis\u00e9 pour\u2026 expulser les immigr\u00e9s clandestins arr\u00eat\u00e9s. Ce m\u00eame avion avec lequel <a href=\"https:\/\/www.20minutes.fr\/monde\/vance\/?at_medium=RSS%20feed&amp;at_campaign=ynews&amp;utm_source=yahoo&amp;utm_medium=rss&amp;utm_campaign=news_feed&amp;utm_content=in_article_link\" rel=\"nofollow noopener\" target=\"_blank\" data-ylk=\"slk:J.D. Vance;elm:context_link;itc:0;sec:content-canvas\" class=\"link \">J.D. Vance<\/a> a sillonn\u00e9 le pays durant la campagne pour l\u2019\u00e9lection pr\u00e9sidentielle aux c\u00f4t\u00e9s de <a href=\"https:\/\/www.20minutes.fr\/dossier\/donald_trump?at_medium=RSS%20feed&amp;at_campaign=ynews&amp;utm_source=yahoo&amp;utm_medium=rss&amp;utm_campaign=news_feed&amp;utm_content=in_article_link\" rel=\"nofollow noopener\" target=\"_blank\" data-ylk=\"slk:Donald Trump;elm:context_link;itc:0;sec:content-canvas\" class=\"link \">Donald Trump<\/a>.<\/p>\n<p>Et \u00ab\u00a0en pronon\u00e7ant des discours dans lesquels il a, tout comme Trump, diabolis\u00e9 les immigr\u00e9s et promis de mettre en place un programme d\u2019expulsions massives de migrants clandestins s\u2019il \u00e9tait \u00e9lu\u00a0\u00bb, a rappel\u00e9 <a href=\"https:\/\/azmirror.com\/2025\/05\/29\/j-d-vances-campaign-plane-carried-anti-immigrant-rhetoric-now-it-carries-shackled-deportees\/?at_medium=RSS%20feed&amp;at_campaign=ynews&amp;utm_source=yahoo&amp;utm_medium=rss&amp;utm_campaign=news_feed&amp;utm_content=in_article_link\" rel=\"nofollow noopener\" target=\"_blank\" data-ylk=\"slk:The Arizona Mirror;elm:context_link;itc:0;sec:content-canvas\" class=\"link \">The Arizona Mirror<\/a>, rep\u00e9r\u00e9 par <a href=\"https:\/\/www.courrierinternational.com\/article\/immigration-l-avion-de-campagne-de-j-d-vance-transforme-en-charter-pour-les-expulsions-de-migrants_231445?at_medium=RSS%20feed&amp;at_campaign=ynews&amp;utm_source=yahoo&amp;utm_medium=rss&amp;utm_campaign=news_feed&amp;utm_content=in_article_link\" rel=\"nofollow noopener\" target=\"_blank\" data-ylk=\"slk:Courrier International;elm:context_link;itc:0;sec:content-canvas\" class=\"link \">Courrier International<\/a>.<\/p>\n<p>Un programme XXL d\u2019expulsions<\/p>\n<p>Le journal local r\u00e9v\u00e8le que l\u2019avion, un Boeing 737, a effectu\u00e9 \u00ab\u00a0au moins 16 vols vers des pays d\u2019Am\u00e9rique centrale et d\u2019<a href=\"https:\/\/www.20minutes.fr\/dossier\/amerique_du_sud?at_medium=RSS%20feed&amp;at_campaign=ynews&amp;utm_source=yahoo&amp;utm_medium=rss&amp;utm_campaign=news_feed&amp;utm_content=in_article_link\" rel=\"nofollow noopener\" target=\"_blank\" data-ylk=\"slk:Am\u00e9rique du Sud;elm:context_link;itc:0;sec:content-canvas\" class=\"link \">Am\u00e9rique du Sud<\/a>\u00a0\u00bb. Mais il ne s\u2019agirait finalement que d\u2019un retour \u00e0 son usage initial. Avant qu\u2019il n\u2019arbore les logos de \u00ab\u00a0Make america great again\u00a0\u00bb, en juillet\u00a02024, il avait d\u00e9j\u00e0 \u00e9t\u00e9 utilis\u00e9 pour expulser des clandestins, en\u00a02018 et en\u00a02020, selon The Arizona Mirror.<\/p>\n<p>L\u2019avion fait partie de la flotte d\u2019ICE Air, qui sont charg\u00e9s de transporter les migrants arr\u00eat\u00e9s sur le sol am\u00e9ricain pour les expulser. Il s\u2019agit d\u2019un contrat sign\u00e9 entre diff\u00e9rentes compagnies a\u00e9riennes et d\u2019autres soci\u00e9t\u00e9s d\u2019aviation priv\u00e9es du pays, et le gouvernement f\u00e9d\u00e9ral.<\/p>\n<p>Pour rappel, depuis son arriv\u00e9e \u00e0 la t\u00eate du pays, Donald Trump a lanc\u00e9 un programme d\u2019expulsions massives de migrants. Les agents f\u00e9d\u00e9raux de l\u2019ICE sont d\u00e9sormais soumis \u00e0 des quotas, de 3.000 arrestations de migrants par jour, rapporte The Guardian. L\u2019objectif final fix\u00e9 par le pr\u00e9(&#8230;)<\/p>\n<p><a href=\"https:\/\/www.20minutes.fr\/monde\/etats-unis\/4156151-20250530-etats-unis-avion-campagne-vance-aujourd-hui-utilise-expulser-migrants?at_medium=RSS%20feed&amp;at_campaign=ynews&amp;utm_source=yahoo&amp;utm_medium=rss&amp;utm_campaign=news_feed&amp;utm_content=read_more_link&quot;\" rel=\"nofollow noopener\" target=\"_blank\" data-ylk=\"slk:Lire la suite sur 20minutes;elm:context_link;itc:0;sec:content-canvas\" class=\"link \">Lire la suite sur 20minutes<\/a><\/p>\n<p>\u00c0 lire aussi :<br \/><a href=\"https:\/\/www.20minutes.fr\/monde\/etats-unis\/4155980-20250529-etats-unis-elon-musk-confirme-quitte-gouvernement-trump?at_medium=RSS%20feed&amp;at_campaign=ynews&amp;utm_source=yahoo&amp;utm_medium=rss&amp;utm_campaign=news_feed&amp;utm_content=related_content_link\" rel=\"nofollow noopener\" target=\"_blank\" data-ylk=\"slk:Etats-Unis\u00a0: Elon Musk confirme qu\u2019il quitte le gouvernement Trump;elm:context_link;itc:0;sec:content-canvas\" class=\"link \">Etats-Unis\u00a0: Elon Musk confirme qu\u2019il quitte le gouvernement Trump<\/a><br \/><a href=\"https:\/\/www.20minutes.fr\/monde\/etats-unis\/4155024-20250523-etats-unis-administration-trump-interdit-accueil-etudiants-etrangers-harvard?at_medium=RSS%20feed&amp;at_campaign=ynews&amp;utm_source=yahoo&amp;utm_medium=rss&amp;utm_campaign=news_feed&amp;utm_content=related_content_link\" rel=\"nofollow noopener\" target=\"_blank\" data-ylk=\"slk:Etats-Unis\u00a0: L\u2019administration Trump interdit l\u2019accueil d\u2019\u00e9tudiants \u00e9trangers \u00e0 Harvard;elm:context_link;itc:0;sec:content-canvas\" class=\"link \">Etats-Unis\u00a0: L\u2019administration Trump interdit l\u2019accueil d\u2019\u00e9tudiants \u00e9trangers \u00e0 Harvard<\/a><\/p>\n","protected":false},"excerpt":{"rendered":"IMMIGRATION &#8211; Selon une r\u00e9v\u00e9lation d\u2019un journal d\u2019Arizona, l\u2019avion de campagne du vice-pr\u00e9sident des Etats-Unis est d\u00e9sormais utilis\u00e9&hellip;\n","protected":false},"author":2,"featured_media":140630,"comment_status":"","ping_status":"","sticky":false,"template":"","format":"standard","meta":{"footnotes":""},"categories":[1589],"tags":[11,75,73,1866,26826,26827,12,1864,1865,1863,308,26828],"class_list":{"0":"post-140629","1":"post","2":"type-post","3":"status-publish","4":"format-standard","5":"has-post-thumbnail","7":"category-etats-unis","8":"tag-actualites","9":"tag-donald-trump","10":"tag-etats-unis","11":"tag-etats-unis-damerique","12":"tag-lamerique-du-sud","13":"tag-lavion","14":"tag-news","15":"tag-united-states","16":"tag-united-states-of-america","17":"tag-us","18":"tag-usa","19":"tag-vice-president-des-etats-unis"},"share_on_mastodon":{"url":"https:\/\/pubeurope.com\/@fr\/114600074524023920","error":""},"_links":{"self":[{"href":"https:\/\/www.europesays.com\/fr\/wp-json\/wp\/v2\/posts\/140629","targetHints":{"allow":["GET"]}}],"collection":[{"href":"https:\/\/www.europesays.com\/fr\/wp-json\/wp\/v2\/posts"}],"about":[{"href":"https:\/\/www.europesays.com\/fr\/wp-json\/wp\/v2\/types\/post"}],"author":[{"embeddable":true,"href":"https:\/\/www.europesays.com\/fr\/wp-json\/wp\/v2\/users\/2"}],"replies":[{"embeddable":true,"href":"https:\/\/www.europesays.com\/fr\/wp-json\/wp\/v2\/comments?post=140629"}],"version-history":[{"count":0,"href":"https:\/\/www.europesays.com\/fr\/wp-json\/wp\/v2\/posts\/140629\/revisions"}],"wp:featuredmedia":[{"embeddable":true,"href":"https:\/\/www.europesays.com\/fr\/wp-json\/wp\/v2\/media\/140630"}],"wp:attachment":[{"href":"https:\/\/www.europesays.com\/fr\/wp-json\/wp\/v2\/media?parent=140629"}],"wp:term":[{"taxonomy":"category","embeddable":true,"href":"https:\/\/www.europesays.com\/fr\/wp-json\/wp\/v2\/categories?post=140629"},{"taxonomy":"post_tag","embeddable":true,"href":"https:\/\/www.europesays.com\/fr\/wp-json\/wp\/v2\/tags?post=140629"}],"curies":[{"name":"wp","href":"https:\/\/api.w.org\/{rel}","templated":true}]}}