{"id":140631,"date":"2025-05-31T02:25:19","date_gmt":"2025-05-31T02:25:19","guid":{"rendered":"https:\/\/www.europesays.com\/fr\/140631\/"},"modified":"2025-05-31T02:25:19","modified_gmt":"2025-05-31T02:25:19","slug":"brexit-lue-propose-au-royaume-uni-de-rejoindre-lespace-douanier-paneuropeen","status":"publish","type":"post","link":"https:\/\/www.europesays.com\/fr\/140631\/","title":{"rendered":"Brexit : l&rsquo;UE propose au Royaume-Uni de rejoindre l&rsquo;espace douanier paneurop\u00e9en"},"content":{"rendered":"<p>\tBrexit : l&rsquo;UE propose au Royaume-Uni de rejoindre l&rsquo;espace douanier paneurop\u00e9en &#8211; Touteleurope.eu<\/p>\n<p>\t\t<img decoding=\"async\" alt=\"fermer\" class=\"close-info\" src=\"https:\/\/www.europesays.com\/fr\/wp-content\/uploads\/2025\/04\/close-picto-blue.svg.svg+xml\"\/><\/p>\n<p>Touteleurope.eu est le site p\u00e9dagogique de r\u00e9f\u00e9rence sur les questions europ\u00e9ennes : <a href=\"https:\/\/www.touteleurope.eu\/qui-sommes-nous\/\" target=\"_blank\" rel=\"noopener\">Qui sommes-nous ?<\/a><\/p>\n<p><img decoding=\"async\" class=\"logo-pdf\" alt=\"Toute L'Europe \u2013 Comprendre l'Europe\" src=\"https:\/\/www.europesays.com\/fr\/wp-content\/uploads\/2025\/04\/logo-ttl.svg.svg+xml\"\/><\/p>\n","protected":false},"excerpt":{"rendered":"Brexit : l&rsquo;UE propose au Royaume-Uni de rejoindre l&rsquo;espace douanier paneurop\u00e9en &#8211; Touteleurope.eu Touteleurope.eu est le site p\u00e9dagogique&hellip;\n","protected":false},"author":2,"featured_media":140632,"comment_status":"","ping_status":"","sticky":false,"template":"","format":"standard","meta":{"footnotes":""},"categories":[1588],"tags":[21744,14343,11,215,2388,33,1777,674,1252,12,4838,473,1853,1851,1850,1852],"class_list":{"0":"post-140631","1":"post","2":"type-post","3":"status-publish","4":"format-standard","5":"has-post-thumbnail","7":"category-royaume-uni","8":"tag-accord-commercial-ue-royaume-uni","9":"tag-accords-commerciaux","10":"tag-actualites","11":"tag-commerce","12":"tag-droits-de-douane","13":"tag-economie","14":"tag-eu","15":"tag-europe","16":"tag-mediterranee","17":"tag-news","18":"tag-peche","19":"tag-royaume-uni","20":"tag-royaume-uni-de-grande-bretagne-et-dirlande-du-nord","21":"tag-uk","22":"tag-united-kingdom","23":"tag-united-kingdom-of-great-britain-and-northern-ireland"},"share_on_mastodon":{"url":"https:\/\/pubeurope.com\/@fr\/114600078590446323","error":""},"_links":{"self":[{"href":"https:\/\/www.europesays.com\/fr\/wp-json\/wp\/v2\/posts\/140631","targetHints":{"allow":["GET"]}}],"collection":[{"href":"https:\/\/www.europesays.com\/fr\/wp-json\/wp\/v2\/posts"}],"about":[{"href":"https:\/\/www.europesays.com\/fr\/wp-json\/wp\/v2\/types\/post"}],"author":[{"embeddable":true,"href":"https:\/\/www.europesays.com\/fr\/wp-json\/wp\/v2\/users\/2"}],"replies":[{"embeddable":true,"href":"https:\/\/www.europesays.com\/fr\/wp-json\/wp\/v2\/comments?post=140631"}],"version-history":[{"count":0,"href":"https:\/\/www.europesays.com\/fr\/wp-json\/wp\/v2\/posts\/140631\/revisions"}],"wp:featuredmedia":[{"embeddable":true,"href":"https:\/\/www.europesays.com\/fr\/wp-json\/wp\/v2\/media\/140632"}],"wp:attachment":[{"href":"https:\/\/www.europesays.com\/fr\/wp-json\/wp\/v2\/media?parent=140631"}],"wp:term":[{"taxonomy":"category","embeddable":true,"href":"https:\/\/www.europesays.com\/fr\/wp-json\/wp\/v2\/categories?post=140631"},{"taxonomy":"post_tag","embeddable":true,"href":"https:\/\/www.europesays.com\/fr\/wp-json\/wp\/v2\/tags?post=140631"}],"curies":[{"name":"wp","href":"https:\/\/api.w.org\/{rel}","templated":true}]}}