{"id":140637,"date":"2025-05-31T02:28:10","date_gmt":"2025-05-31T02:28:10","guid":{"rendered":"https:\/\/www.europesays.com\/fr\/140637\/"},"modified":"2025-05-31T02:28:10","modified_gmt":"2025-05-31T02:28:10","slug":"ce-qui-a-change-dans-la-regularisation-du-diplome-des-medecins-hors-ue","status":"publish","type":"post","link":"https:\/\/www.europesays.com\/fr\/140637\/","title":{"rendered":"Ce qui a chang\u00e9 dans la r\u00e9gularisation du dipl\u00f4me des m\u00e9decins hors-UE"},"content":{"rendered":"<p>Un d\u00e9cret modifie d\u00e9sormais la proc\u00e9dure de r\u00e9gularisation des m\u00e9decins \u00e0 dipl\u00f4me \u00e9tranger hors-Union europ\u00e9enne (PADHUE) en France. Port\u00e9es au Journal officiel par le minist\u00e8re de la Sant\u00e9, jeudi 29 mai, ces dispositions concernent les m\u00e9decins, les chirurgiens-dentistes, les sage-femmes et les pharmaciens titulaires de dipl\u00f4mes obtenus dans un Etat \u00abautre que ceux membres de l\u2019UE ou parties \u00e0 l\u2019accord sur l\u2019Espace \u00e9conomique europ\u00e9en\u00bb. Elles s\u2019appliquent \u00e9galement aux praticiens exer\u00e7ant d\u00e9j\u00e0 dans les h\u00f4pitaux du pays.<\/p>\n<p>En substance, il s\u2019agit d\u2019un \u00abam\u00e9nagement des proc\u00e9dures du concours des \u00e9preuves de v\u00e9rification des connaissances et de l\u2019autorisation d\u2019exercice provisoire\u00bb. A ce titre, le d\u00e9cret 2025-467 permet, \u00abde faire \u00e9voluer la proc\u00e9dure de droit commun d\u2019autorisation d\u2019exercice, des \u00e9preuves de v\u00e9rification des connaissances\u00bb, avec \u00abune voie interne au concours et en permettant une modulation des parcours de consolidation des comp\u00e9tences des laur\u00e9ats\u00bb.<\/p>\n<p>Ces dispositions apportent aussi \u00abquelques am\u00e9nagements \u00e0 la proc\u00e9dure d\u2019autorisation d\u2019exercice provisoire et au dispositif d\u00e9rogatoire b\u00e9n\u00e9ficiant \u00e0 certains territoires d\u2019outre-mer\u00bb. En outre, l\u2019objectif sera d\u2019adapter ce parcours \u00abpour acc\u00e9l\u00e9rer l\u2019autorisation d\u2019exercice\u00bb, en faveur des m\u00e9decins dont la comp\u00e9tence sur le terrain est reconnue.<\/p>\n<p>Jusque-l\u00e0, les praticiens d\u00e9j\u00e0 install\u00e9s en France ont fait part d\u2019une proc\u00e9dure in\u00e9galitaire, rendant difficile leur insertion dans le nouveau cadre qui s\u2019applique aux dipl\u00f4mes \u00e9trangers hors-UE, en raison d\u2019un syst\u00e8me per\u00e7u comme s\u00e9lectif, pr\u00e9carisant et excluant des professionnels exer\u00e7ant depuis des ann\u00e9es. D\u00e9sormais, les mesures en vigueur \u00e0 compter de ce 30 mai 2025 simplifient la titularisation, permettant aux Padhue de trouver leur place dans les h\u00f4pitaux en sous-effectif.<\/p>\n<p>Le d\u00e9cret \u00e9nonce notamment que \u00abla dur\u00e9e du stage d\u2019\u00e9valuation (\u2026) est de deux ans pour les candidats \u00e0 la profession de m\u00e9decin et d\u2019un an pour les candidats \u00e0 la profession de chirurgien-dentiste et de sage-femme\u00bb. Par ailleurs, \u00ables personnes autoris\u00e9es \u00e0 exercer en application de l\u2019article L. 4131-5 et justifiant de cinq ann\u00e9es d\u2019exercice dans les territoires mentionn\u00e9s au m\u00eame article, \u00e0 condition d\u2019\u00eatre laur\u00e9ates des \u00e9preuves de v\u00e9rification des connaissances, peuvent saisir directement la commission mentionn\u00e9e au premier alin\u00e9a du I de l\u2019article L. 4111-2 apr\u00e8s leur r\u00e9ussite aux \u00e9preuves\u00bb.<\/p>\n<p><strong>Une r\u00e9gularisation qui continue de faire d\u00e9bat<\/strong><\/p>\n<p>Pour la profession de m\u00e9decin, une d\u00e9rogation permet au responsable de la structure dans laquelle le laur\u00e9at effectue son stage d\u2019\u00e9valuation depuis au moins six mois de \u00absaisir la commission locale de coordination de la sp\u00e9cialit\u00e9 territorialement comp\u00e9tente\u00bb pour se prononcer sur \u00abla possibilit\u00e9 de solliciter, de mani\u00e8re anticip\u00e9e, l\u2019autorisation d\u2019exercice\u00bb. Cette requ\u00eate doit \u00eatre fond\u00e9e sur \u00abrapport d\u2019\u00e9valuation, cosign\u00e9 par le pr\u00e9sident de la commission m\u00e9dicale d\u2019\u00e9tablissement dans les \u00e9tablissements de sant\u00e9 publics ou priv\u00e9s d\u2019int\u00e9r\u00eat collectif\u00bb.<\/p>\n<p>La commission locale de coordination informe ensuite de son avis \u00able directeur de l\u2019unit\u00e9 de formation et de recherche ou de la composante, ainsi que le responsable de la structure dans laquelle le laur\u00e9at effectue son stage\u00bb. Si l\u2019avis est favorable, le candidat saisit la commission comp\u00e9tente pour \u00eatre autoris\u00e9 \u00e0 exercer.<\/p>\n<p>Avec ce changement, la question se posera pour autant pour les PADHUE qui occupent des postes de chefs de services, forment d\u2019autres membres du personnel dans des structures, mais qui pourraient \u00eatre r\u00e9affect\u00e9s ailleurs pour leurs stages d\u2019\u00e9valuation, qui porteraient sur des t\u00e2ches d\u00e9j\u00e0 exerc\u00e9es en position d\u00e9cisionnelle. Parmi eux, certains pr\u00e9conisent une \u00e9valuation sur dossier en commission d\u2019experts, pour \u00e9viter de d\u00e9serter des \u00e9tablissements hospitaliers d\u00e9j\u00e0 en sous-effectif.<\/p>\n<p>Les concern\u00e9s par ces changements constituent une part consid\u00e9rable, puisque pr\u00e8s de 14% des praticiens en France ont fait leurs \u00e9tudes de m\u00e9decine \u00e0 l\u2019\u00e9tranger, dont nombre de professionnels marocains. Au royaume, le Conseil national de l\u2019ordre des m\u00e9decins (CNOM) estime \u00e0 plus de 7 000 le nombre de praticiens nationaux qui exercent dans l\u2019Hexagone, soit pr\u00e8s de 20% du total de ceux actifs au royaume.<\/p>\n<p>Selon les chiffres du minist\u00e8res de la Sant\u00e9 et de la protection sociale en 2024, pr\u00e8s de 600 nouveaux m\u00e9decins quittent chaque ann\u00e9e le Maroc, imm\u00e9diatement apr\u00e8s l\u2019obtention de leurs dipl\u00f4mes. Le d\u00e9partement estime \u00e0 14 000 le nombre de\u00a0ceux exer\u00e7ant \u00e0 l\u2019\u00e9tranger, dont 6 000 en France.<\/p>\n","protected":false},"excerpt":{"rendered":"Un d\u00e9cret modifie d\u00e9sormais la proc\u00e9dure de r\u00e9gularisation des m\u00e9decins \u00e0 dipl\u00f4me \u00e9tranger hors-Union europ\u00e9enne (PADHUE) en France.&hellip;\n","protected":false},"author":2,"featured_media":140638,"comment_status":"","ping_status":"","sticky":false,"template":"","format":"standard","meta":{"footnotes":""},"categories":[1586],"tags":[11,1777,674,1779,1011,27,12,25,1778,364],"class_list":{"0":"post-140637","1":"post","2":"type-post","3":"status-publish","4":"format-standard","5":"has-post-thumbnail","7":"category-europe","8":"tag-actualites","9":"tag-eu","10":"tag-europe","11":"tag-european-union","12":"tag-fr","13":"tag-france","14":"tag-news","15":"tag-republique-francaise","16":"tag-ue","17":"tag-union-europeenne"},"share_on_mastodon":{"url":"https:\/\/pubeurope.com\/@fr\/114600090247285274","error":""},"_links":{"self":[{"href":"https:\/\/www.europesays.com\/fr\/wp-json\/wp\/v2\/posts\/140637","targetHints":{"allow":["GET"]}}],"collection":[{"href":"https:\/\/www.europesays.com\/fr\/wp-json\/wp\/v2\/posts"}],"about":[{"href":"https:\/\/www.europesays.com\/fr\/wp-json\/wp\/v2\/types\/post"}],"author":[{"embeddable":true,"href":"https:\/\/www.europesays.com\/fr\/wp-json\/wp\/v2\/users\/2"}],"replies":[{"embeddable":true,"href":"https:\/\/www.europesays.com\/fr\/wp-json\/wp\/v2\/comments?post=140637"}],"version-history":[{"count":0,"href":"https:\/\/www.europesays.com\/fr\/wp-json\/wp\/v2\/posts\/140637\/revisions"}],"wp:featuredmedia":[{"embeddable":true,"href":"https:\/\/www.europesays.com\/fr\/wp-json\/wp\/v2\/media\/140638"}],"wp:attachment":[{"href":"https:\/\/www.europesays.com\/fr\/wp-json\/wp\/v2\/media?parent=140637"}],"wp:term":[{"taxonomy":"category","embeddable":true,"href":"https:\/\/www.europesays.com\/fr\/wp-json\/wp\/v2\/categories?post=140637"},{"taxonomy":"post_tag","embeddable":true,"href":"https:\/\/www.europesays.com\/fr\/wp-json\/wp\/v2\/tags?post=140637"}],"curies":[{"name":"wp","href":"https:\/\/api.w.org\/{rel}","templated":true}]}}