{"id":140639,"date":"2025-05-31T02:29:12","date_gmt":"2025-05-31T02:29:12","guid":{"rendered":"https:\/\/www.europesays.com\/fr\/140639\/"},"modified":"2025-05-31T02:29:12","modified_gmt":"2025-05-31T02:29:12","slug":"il-na-jamais-fait-aussi-chaud-en-mai-dans-ces-nombreuses-villes-de-france","status":"publish","type":"post","link":"https:\/\/www.europesays.com\/fr\/140639\/","title":{"rendered":"Il n\u2019a jamais fait aussi chaud en mai dans ces nombreuses villes de France"},"content":{"rendered":"<p>        <img decoding=\"async\" loading=\"lazy\" src=\"https:\/\/www.europesays.com\/fr\/wp-content\/uploads\/2025\/05\/6258537_1710359439504-chuttersnap-tsgwbumanue-unsplash.jpg\"  width=\"728\" height=\"410\" alt=\"M\u00e9t\u00e9o France a annonc\u00e9 plusieurs records de chaleur pour un moi de mai \u00e0 l\u2019occasion de ce vendredi du pont de l\u2019Ascension.\"\/>  <\/p>\n<p>Unsplash<\/p>\n<p>M\u00e9t\u00e9o France a annonc\u00e9 plusieurs records de chaleur pour un moi de mai \u00e0 l\u2019occasion de ce vendredi du pont de l\u2019Ascension.<\/p>\n<p class=\"asset asset-text\">M\u00c9T\u00c9O &#8211; Record battus. Ce vendredi 30\u00a0mai, au milieu du pont de l\u2019Ascension a \u00e9t\u00e9 marqu\u00e9 &#8211;<a href=\"https:\/\/www.huffingtonpost.fr\/france\/article\/meteo-vers-des-records-de-chaleur-ce-vendredi-30-mai-les-points-les-plus-chauds-de-la-journee_250688.html\" target=\"_blank\" rel=\"noopener\">comme annonc\u00e9 depuis plusieurs jours<\/a>&#8211; par des temp\u00e9ratures tr\u00e8s \u00e9lev\u00e9es pour un mois de mai en France. Les donn\u00e9es transmises en fin de journ\u00e9e par M\u00e9t\u00e9o France font m\u00eame \u00e9tat de records dans le sud-ouest du pays.<\/p>\n<p class=\"asset asset-text\">Le mercure est ainsi mont\u00e9 jusqu\u2019\u00e0 34,5\u00b0C \u00e0 Toulouse, soit 1,1 degr\u00e9 de plus que lors du pr\u00e9c\u00e9dent record, \u00e9tabli le 18\u00a0mai\u00a02022. Dans la Ville rose, \u00ab\u00a0la temp\u00e9rature n\u2019avait encore jamais atteint 34\u00b0C avant le 11\u00a0juin\u00a0\u00bb, ce qui avait \u00e9t\u00e9 le cas en 2017, note par ailleurs M\u00e9t\u00e9o-France.<\/p>\n<p class=\"asset asset-text\">Lors de ce pont de l\u2019Ascension \u00ab\u00a0marqu\u00e9 par un soleil g\u00e9n\u00e9reux et de fortes chaleurs sur l\u2019Hexagone\u00a0\u00bb, il a fait jusqu\u2019\u00e0 34,6\u00b0C \u00e0 Pau (un demi-degr\u00e9 de plus que le 30\u00a0mai\u00a01996), 33,3\u00b0C \u00e0 Brive-la-Gaillarde (0,4 degr\u00e9 de plus que le 30\u00a0mai\u00a02021) ou encore 33,5\u00b0C \u00e0 Royan (0,8 degr\u00e9 de plus que le 16\u00a0mai\u00a01992), note le pr\u00e9visionniste. \u00c0 Bordeaux, bien que le record n\u2019ait pas \u00e9t\u00e9 battu, \u00ab\u00a0la maximale provisoire de 34,8\u00b0C d\u00e9passe les normales de saison d\u2019environ 11 degr\u00e9s\u00a0\u00bb, d\u00e9taille encore M\u00e9t\u00e9o-France.<\/p>\n<p class=\"asset asset-text\">Dans les Landes, le thermom\u00e8tre s\u2019est m\u00eame envol\u00e9, rapporte le r\u00e9seau Ici (ex-France Bleu). \u00ab\u00a0La temp\u00e9rature de 36,4 degr\u00e9s a \u00e9t\u00e9 mesur\u00e9e ce vendredi \u00e0 Sabres\u00a0\u00bb,<a href=\"https:\/\/www.francebleu.fr\/infos\/meteo\/record-de-chaleur-il-n-a-jamais-fait-aussi-chaud-dans-les-landes-pour-un-mois-de-mai-2582014\" target=\"_blank\" rel=\"noopener\" title=\"Nouvelle fen\u00eatre\"> note la radio locale<\/a>.<\/p>\n<p>                     Des orages attendus samedi    <\/p>\n<p class=\"asset asset-text\">Le quart sud-ouest n\u2019est pas le seul concern\u00e9 par ces temp\u00e9ratures plus hautes que de saison, \u00ab\u00a0en moyenne 5\u00b0C au-dessus des normales de saison\u00a0\u00bb. Paris a par exemple pour la premi\u00e8re fois de l\u2019ann\u00e9e d\u00e9pass\u00e9 les 30 degr\u00e9s (30,5\u00b0C), et Royan (33,5\u00b0C), Niort (33,5\u00b0C), Cholet (31,3\u00b0C) et Limoges (30,7\u00b0C) ont \u00e9galement \u00e9tabli de nouveaux records pour un mois de mai. Dans le Cher, la barre des 35\u00a0degr\u00e9s a m\u00eame \u00e9t\u00e9 atteinte \u00e0 Ch\u00e2teaumeillant, rel\u00e8ve <a href=\"https:\/\/www.francebleu.fr\/infos\/meteo\/meteo-des-records-de-chaleur-battus-dans-l-indre-et-le-cher-4036020\" target=\"_blank\" rel=\"noopener\" title=\"Nouvelle fen\u00eatre\">Ici<\/a>.<\/p>\n<p class=\"asset asset-text\">Apr\u00e8s ce coup de chaud, une nette d\u00e9gradation est attendue d\u00e8s ce samedi avec \u00ab\u00a0quelques averses d\u00e8s le matin de l\u2019Auvergne aux Hauts-de-France et jusqu\u2019aux Ardennes et en Lorraine\u00a0\u00bb. La journ\u00e9e sera surtout orageuse un peu partout dans le pays avec 51 d\u00e9partements en vigilance jaune, notamment dans le sud-ouest et le nord-est de l\u2019Hexagone.<\/p>\n","protected":false},"excerpt":{"rendered":"Unsplash M\u00e9t\u00e9o France a annonc\u00e9 plusieurs records de chaleur pour un moi de mai \u00e0 l\u2019occasion de ce&hellip;\n","protected":false},"author":2,"featured_media":140640,"comment_status":"","ping_status":"","sticky":false,"template":"","format":"standard","meta":{"footnotes":""},"categories":[2],"tags":[11,13208,1011,27,2487,2357,12,4594,25],"class_list":{"0":"post-140639","1":"post","2":"type-post","3":"status-publish","4":"format-standard","5":"has-post-thumbnail","7":"category-actualites","8":"tag-actualites","9":"tag-chaleur","10":"tag-fr","11":"tag-france","12":"tag-meteo","13":"tag-meteo-france","14":"tag-news","15":"tag-orages","16":"tag-republique-francaise"},"share_on_mastodon":{"url":"https:\/\/pubeurope.com\/@fr\/114600094168033118","error":""},"_links":{"self":[{"href":"https:\/\/www.europesays.com\/fr\/wp-json\/wp\/v2\/posts\/140639","targetHints":{"allow":["GET"]}}],"collection":[{"href":"https:\/\/www.europesays.com\/fr\/wp-json\/wp\/v2\/posts"}],"about":[{"href":"https:\/\/www.europesays.com\/fr\/wp-json\/wp\/v2\/types\/post"}],"author":[{"embeddable":true,"href":"https:\/\/www.europesays.com\/fr\/wp-json\/wp\/v2\/users\/2"}],"replies":[{"embeddable":true,"href":"https:\/\/www.europesays.com\/fr\/wp-json\/wp\/v2\/comments?post=140639"}],"version-history":[{"count":0,"href":"https:\/\/www.europesays.com\/fr\/wp-json\/wp\/v2\/posts\/140639\/revisions"}],"wp:featuredmedia":[{"embeddable":true,"href":"https:\/\/www.europesays.com\/fr\/wp-json\/wp\/v2\/media\/140640"}],"wp:attachment":[{"href":"https:\/\/www.europesays.com\/fr\/wp-json\/wp\/v2\/media?parent=140639"}],"wp:term":[{"taxonomy":"category","embeddable":true,"href":"https:\/\/www.europesays.com\/fr\/wp-json\/wp\/v2\/categories?post=140639"},{"taxonomy":"post_tag","embeddable":true,"href":"https:\/\/www.europesays.com\/fr\/wp-json\/wp\/v2\/tags?post=140639"}],"curies":[{"name":"wp","href":"https:\/\/api.w.org\/{rel}","templated":true}]}}