{"id":14064,"date":"2025-04-10T02:58:16","date_gmt":"2025-04-10T02:58:16","guid":{"rendered":"https:\/\/www.europesays.com\/fr\/14064\/"},"modified":"2025-04-10T02:58:16","modified_gmt":"2025-04-10T02:58:16","slug":"football-lequipe-de-france-feminine-qualifiee-en-demi-finales-de-la-ligue-des-nations-09-04-2025-a-0653","status":"publish","type":"post","link":"https:\/\/www.europesays.com\/fr\/14064\/","title":{"rendered":"Football: L&rsquo;\u00e9quipe de France f\u00e9minine qualifi\u00e9e en demi-finales de la Ligue des nations &#8211; 09\/04\/2025 \u00e0 06:53"},"content":{"rendered":"<p>        <img fetchpriority=\"high\" decoding=\"async\" src=\"https:\/\/www.europesays.com\/fr\/wp-content\/uploads\/2025\/04\/43f7d6c0e5838c3cf1a63cf6f2a10677-760x507.jpg\" alt=\"Ligue des Nations f\u00e9minine - Ligue A - Norv\u00e8ge - France\" loading=\"eager\" width=\"760\" height=\"507\" style=\"max-width: 100%!important; height: auto;\"\/><\/p>\n<p class=\"c-image-news__legend\">Ligue des Nations f\u00e9minine &#8211; Ligue A &#8211; Norv\u00e8ge &#8211; France<\/p>\n<p>\n L&rsquo;\u00e9quipe de France f\u00e9minine a valid\u00e9 son ticket pour les demi-finales de la Ligue des nations gr\u00e2ce \u00e0 sa victoire mardi en Norv\u00e8ge (2-0) lors de la quatri\u00e8me journ\u00e9e de la phase de poules.\n<\/p>\n<p>\n Sandy Baltimore (76e) et Clara Mateo (85e) ont permis aux Bleues de signer un quatri\u00e8me succ\u00e8s en autant de rencontres dans la comp\u00e9tition.\n<\/p>\n<p>\n Avec 12 points, la France tr\u00f4ne en t\u00eate du groupe B et ne peut plus \u00eatre rejointe par la Norv\u00e8ge (4 points), l&rsquo;Islande (3) et la Suisse (2), \u00e0 deux journ\u00e9es de la fin de la phase de poules.\n<\/p>\n<p>\n Finalistes malheureuses de la derni\u00e8re \u00e9dition, les joueuses de Laurent Bonadei sont donc d&rsquo;ores et d\u00e9j\u00e0 qualifi\u00e9es pour les demi-finales, qui auront lieu en octobre prochain.\n<\/p>\n<p>\n D&rsquo;ici l\u00e0, les Tricolores ont encore deux rencontres de Ligue des nations \u00e0 jouer, contre la Suisse et l&rsquo;Islande, avant l&rsquo;Euro en Suisse du 2 au 27 juillet.\n<\/p>\n<p>\n (R\u00e9dig\u00e9 par Vincent Daheron, \u00e9dit\u00e9 par Jean Terzian)<\/p>\n","protected":false},"excerpt":{"rendered":"Ligue des Nations f\u00e9minine &#8211; Ligue A &#8211; Norv\u00e8ge &#8211; France L&rsquo;\u00e9quipe de France f\u00e9minine a valid\u00e9 son&hellip;\n","protected":false},"author":2,"featured_media":14065,"comment_status":"","ping_status":"","sticky":false,"template":"","format":"standard","meta":{"footnotes":""},"categories":[4],"tags":[400,11,398,408,405,1011,27,403,402,399,404,12,25,401,406,407],"class_list":{"0":"post-14064","1":"post","2":"type-post","3":"status-publish","4":"format-standard","5":"has-post-thumbnail","7":"category-france","8":"tag-action-cac-40","9":"tag-actualites","10":"tag-bourse-de-paris","11":"tag-boursorama","12":"tag-cotations","13":"tag-fr","14":"tag-france","15":"tag-indices-devises","16":"tag-investir","17":"tag-investissement","18":"tag-marche-boursier","19":"tag-news","20":"tag-republique-francaise","21":"tag-sicav","22":"tag-trackers","23":"tag-warrants"},"share_on_mastodon":{"url":"https:\/\/pubeurope.com\/@fr\/114311430332505365","error":""},"_links":{"self":[{"href":"https:\/\/www.europesays.com\/fr\/wp-json\/wp\/v2\/posts\/14064","targetHints":{"allow":["GET"]}}],"collection":[{"href":"https:\/\/www.europesays.com\/fr\/wp-json\/wp\/v2\/posts"}],"about":[{"href":"https:\/\/www.europesays.com\/fr\/wp-json\/wp\/v2\/types\/post"}],"author":[{"embeddable":true,"href":"https:\/\/www.europesays.com\/fr\/wp-json\/wp\/v2\/users\/2"}],"replies":[{"embeddable":true,"href":"https:\/\/www.europesays.com\/fr\/wp-json\/wp\/v2\/comments?post=14064"}],"version-history":[{"count":0,"href":"https:\/\/www.europesays.com\/fr\/wp-json\/wp\/v2\/posts\/14064\/revisions"}],"wp:featuredmedia":[{"embeddable":true,"href":"https:\/\/www.europesays.com\/fr\/wp-json\/wp\/v2\/media\/14065"}],"wp:attachment":[{"href":"https:\/\/www.europesays.com\/fr\/wp-json\/wp\/v2\/media?parent=14064"}],"wp:term":[{"taxonomy":"category","embeddable":true,"href":"https:\/\/www.europesays.com\/fr\/wp-json\/wp\/v2\/categories?post=14064"},{"taxonomy":"post_tag","embeddable":true,"href":"https:\/\/www.europesays.com\/fr\/wp-json\/wp\/v2\/tags?post=14064"}],"curies":[{"name":"wp","href":"https:\/\/api.w.org\/{rel}","templated":true}]}}