{"id":140662,"date":"2025-05-31T02:44:14","date_gmt":"2025-05-31T02:44:14","guid":{"rendered":"https:\/\/www.europesays.com\/fr\/140662\/"},"modified":"2025-05-31T02:44:14","modified_gmt":"2025-05-31T02:44:14","slug":"mask-singer-toujours-sans-contrat-cet-enqueteur-emblematique-pourrait-quitter-le-programme","status":"publish","type":"post","link":"https:\/\/www.europesays.com\/fr\/140662\/","title":{"rendered":"\u00ab\u00a0Mask Singer\u00a0\u00bb : toujours sans contrat, cet enqu\u00eateur embl\u00e9matique pourrait quitter le programme"},"content":{"rendered":"<p>      R\u00e9sum\u00e9<\/p>\n<p>Laurent Ruquier, enqu\u00eateur de \u00ab Mask Singer \u00bb, pourrait ne pas renouveler son contrat avec TF1, tout en lan\u00e7ant prochainement une nouvelle \u00e9mission culturelle sur la cha\u00eene T18.<\/p>\n<p>        Sommaire<\/p>\n<p>D\u00e9couvrir qui se cache sous le Bison, le Brocoli, ou encore la Vache, pourrait bien \u00eatre sa derni\u00e8re enqu\u00eate. En effet, <a href=\"https:\/\/www.public.fr\/laurent-ruquier-et-nabilla-le-reglement-de-compte-se-poursuit\" target=\"_blank\" rel=\"noopener\">Laurent Ruquier<\/a> ne semble <strong>pas s\u00fbr de pouvoir rempiler<\/strong> dans <strong>\u00ab\u00a0Mask Singer\u00a0\u00bb<\/strong> l\u2019an prochain. Mais pour quelle raison ?<\/p>\n<p>Des tensions ont-elles vu le jour entre le journaliste et les autres membres de l\u2019\u00e9quipe d\u2019enqu\u00eateurs ? Pas vraiment. Du moins, <a href=\"https:\/\/vsd.fr\/tag\/laurent-ruquier\/\" target=\"_blank\" rel=\"noopener\">l\u2019ancien compagnon d\u2019Hugo Manos<\/a> n\u2019a pas \u00e9voqu\u00e9 ce point lorsqu\u2019il a parl\u00e9 de son avenir dans le programme de TF1 dans les colonnes de T\u00e9l\u00e9-Loisirs.<\/p>\n<p>Laurent Ruquier et \u00ab\u00a0Mask Singer\u00a0\u00bb, c&rsquo;est bient\u00f4t fini ? <\/p>\n<p>Visiblement, l\u2019entente est au beau fixe entre Laurent Ruquier, <a href=\"https:\/\/www.public.fr\/tag\/kev-adams\" target=\"_blank\" rel=\"noopener\">Kev Adams<\/a>, Chantal Ladesou, ou encore la petite nouvelle de <strong>\u00ab\u00a0Mask Singer\u00a0\u00bb<\/strong>, Elodie Poux, qui a remplac\u00e9<a href=\"https:\/\/www.public.fr\/tag\/ines-reg\" target=\"_blank\" rel=\"noopener\"> In\u00e8s Reg<\/a> cette saison. N\u00e9anmoins, ce qui poserait probl\u00e8me pour esp\u00e9rer une nouvelle saison avec Laurent Ruquier, concerne le contrat avec TF1.<\/p>\n<p>Dans les colonnes de T\u00e9l\u00e9-Loisirs, l\u2019animateur des <strong>\u00ab\u00a0Grosses T\u00eates\u00a0\u00bb<\/strong> sur RTL s\u2019est montr\u00e9 tr\u00e8s franc :<strong> \u00ab\u00a0Je ne sais pas si je serai encore dans Mask Singer la saison prochaine\u00a0\u00bb<\/strong>. \u00ab\u00a0Je ne suis pas un animateur estampill\u00e9 TF1, je ne fais partie que d&rsquo;un jury\u00a0\u00bb, explique-t-il au m\u00e9dia.<\/p>\n<p>Les autres projets du journaliste avec T18<\/p>\n<p>Malgr\u00e9 cette absence de contrat, Laurent Ruquier assure qu\u2019il n&rsquo;y a eu \u00ab\u00a0aucun probl\u00e8me de ce c\u00f4t\u00e9-l\u00e0\u00a0\u00bb. \u00ab\u00a0J\u2019ai en tout cas inform\u00e9 Ara Aprikian [directeur g\u00e9n\u00e9ral adjoint des contenus de TF1] tout en confirmant que je n&rsquo;ai pas non plus de contrat d&rsquo;exclusivit\u00e9 avec T18 non plus. J&rsquo;ai \u00e9videmment envie de durer sur cette nouvelle cha\u00eene et que \u00e7a soit un succ\u00e8s. \u00c7a prendra du temps, mais j&rsquo;ai confiance\u00a0\u00bb, poursuit-il.<\/p>\n<p>En effet, dans quelques jours, l\u2019ancien compagnon de Hugo Manos <strong>prendra les commandes d\u2019une \u00e9mission intitul\u00e9e \u00ab\u00a0Chez Ruquier\u00a0\u00bb<\/strong>, sur la nouvelle cha\u00eene du groupe CMI : T18. Un programme que les t\u00e9l\u00e9spectateurs pourront retrouver tous les samedis \u00e0 20h, dans lequel le journaliste proposera des interviews culturelles.<\/p>\n<p>Mais que les fans de <strong>\u00ab\u00a0Mask Singer\u00a0\u00bb<\/strong> se rassurent, dans tous les cas, Laurent Ruquier gardera bel et bien sa place jusqu\u2019\u00e0 la fin de l\u2019actuelle saison pr\u00e9sent\u00e9e par Camille Combal. Il est donc toujours en course pour tenter de d\u00e9masquer le Bison, le Brocoli, le Chevalier en porcelaine, ou encore le Panda Roux.\u00a0<\/p>\n<p>      Mentionn\u00e9s dans cet article<\/p>\n<p>\u00c0 lire aussi<\/p>\n","protected":false},"excerpt":{"rendered":"R\u00e9sum\u00e9 Laurent Ruquier, enqu\u00eateur de \u00ab Mask Singer \u00bb, pourrait ne pas renouveler son contrat avec TF1, tout&hellip;\n","protected":false},"author":2,"featured_media":140663,"comment_status":"","ping_status":"","sticky":false,"template":"","format":"standard","meta":{"footnotes":""},"categories":[1356],"tags":[6788,58,59,1011,27,13782,6787,1759,5983,252,1364],"class_list":{"0":"post-140662","1":"post","2":"type-post","3":"status-publish","4":"format-standard","5":"has-post-thumbnail","7":"category-television","8":"tag-chantal-ladesou","9":"tag-divertissement","10":"tag-entertainment","11":"tag-fr","12":"tag-france","13":"tag-ines-reg","14":"tag-kev-adams","15":"tag-laurent-ruquier","16":"tag-mask-singer","17":"tag-television","18":"tag-tv"},"share_on_mastodon":{"url":"https:\/\/pubeurope.com\/@fr\/114600153312608844","error":""},"_links":{"self":[{"href":"https:\/\/www.europesays.com\/fr\/wp-json\/wp\/v2\/posts\/140662","targetHints":{"allow":["GET"]}}],"collection":[{"href":"https:\/\/www.europesays.com\/fr\/wp-json\/wp\/v2\/posts"}],"about":[{"href":"https:\/\/www.europesays.com\/fr\/wp-json\/wp\/v2\/types\/post"}],"author":[{"embeddable":true,"href":"https:\/\/www.europesays.com\/fr\/wp-json\/wp\/v2\/users\/2"}],"replies":[{"embeddable":true,"href":"https:\/\/www.europesays.com\/fr\/wp-json\/wp\/v2\/comments?post=140662"}],"version-history":[{"count":0,"href":"https:\/\/www.europesays.com\/fr\/wp-json\/wp\/v2\/posts\/140662\/revisions"}],"wp:featuredmedia":[{"embeddable":true,"href":"https:\/\/www.europesays.com\/fr\/wp-json\/wp\/v2\/media\/140663"}],"wp:attachment":[{"href":"https:\/\/www.europesays.com\/fr\/wp-json\/wp\/v2\/media?parent=140662"}],"wp:term":[{"taxonomy":"category","embeddable":true,"href":"https:\/\/www.europesays.com\/fr\/wp-json\/wp\/v2\/categories?post=140662"},{"taxonomy":"post_tag","embeddable":true,"href":"https:\/\/www.europesays.com\/fr\/wp-json\/wp\/v2\/tags?post=140662"}],"curies":[{"name":"wp","href":"https:\/\/api.w.org\/{rel}","templated":true}]}}