{"id":140668,"date":"2025-05-31T02:48:09","date_gmt":"2025-05-31T02:48:09","guid":{"rendered":"https:\/\/www.europesays.com\/fr\/140668\/"},"modified":"2025-05-31T02:48:09","modified_gmt":"2025-05-31T02:48:09","slug":"paris-sg-inter-de-milan-la-corse-a-du-mal-a-choisir-son-camp-avant-la-finale-de-ligue-des-champions","status":"publish","type":"post","link":"https:\/\/www.europesays.com\/fr\/140668\/","title":{"rendered":"Paris SG &#8211; Inter de Milan : la Corse a du mal \u00e0 choisir son camp avant la finale de Ligue des Champions"},"content":{"rendered":"<p>Ce samedi 31 mai, l&rsquo;Inter Milan disputera la 62e finale de Coupe d&rsquo;Europe du football italien (C1, C2, C3 et C4 confondues), pour le Paris Saint-Germain, ce sera la 16e finale en Coupe d&rsquo;Europe du football fran\u00e7ais. Les clubs italiens cumulent un total de 30 coupes d&rsquo;Europe, les clubs fran\u00e7ais 2. C&rsquo;est dire l&rsquo;\u00e9cart entre les deux nations.<\/p>\n<p>Et alors que l&rsquo;on pourrait penser que le football Italien, qui n&rsquo;a plus remport\u00e9 de Ligue des Champions depuis le sacre de l&rsquo;Inter en 2010, ferait corps avec les Nerrazzuri, ce ne sera pas le cas. Les supporters adverses (notamment de la Juventus et du Milan AC) vont tous soutenir le Paris Saint-Germain.<\/p>\n<p>En France, les avis sont plus partag\u00e9s, certaines anciennes gloires de l&rsquo;Olympique de Marseille comme Basile Boli, n&rsquo;ont pas h\u00e9sit\u00e9 \u00e0 afficher leur pr\u00e9f\u00e9rence au PSG\u00a0: \u00ab\u00a0Marseillais de c\u0153ur, mais Fran\u00e7ais avant tout\u00a0\u00bb, justifiait par la suite le buteur de la finale de 93 remport\u00e9e par l&rsquo;OM. Un esprit de solidarit\u00e9 avec le football fran\u00e7ais qui a si rarement brill\u00e9 sur la sc\u00e8ne europ\u00e9enne semble avoir pris le pas sur la rivalit\u00e9 sportive.<\/p>\n<p>Adepte du beau jeu ou du Calcio<\/p>\n<p>En Corse aussi, les avis sont assez partag\u00e9s (voir cadre et ci-dessous), il y a ceux qui soutiendront l&rsquo;Inter Milan, en raison de leur affection pour le football italien, de la mentalit\u00e9 que d\u00e9gage cette \u00e9quipe qui s&rsquo;est arrach\u00e9e pour atteindre sa septi\u00e8me finale de C1. Il y a \u00e9galement ceux qui esp\u00e8rent voir les Parisiens l&#8217;emporter, \u00e9tant tout simplement fans de l&rsquo;\u00e9quipe, ou alors simples admirateurs du jeu pratiqu\u00e9 par Luis Enrique.<\/p>\n<p>Enfin, beaucoup n&rsquo;arrivent pas \u00e0 se d\u00e9cider, souhaitant simplement voir un beau match de football.<\/p>\n","protected":false},"excerpt":{"rendered":"Ce samedi 31 mai, l&rsquo;Inter Milan disputera la 62e finale de Coupe d&rsquo;Europe du football italien (C1, C2,&hellip;\n","protected":false},"author":2,"featured_media":140669,"comment_status":"","ping_status":"","sticky":false,"template":"","format":"standard","meta":{"footnotes":""},"categories":[9],"tags":[17,21590,2517,1011,27,10317,26830,8628,626,3711,60],"class_list":{"0":"post-140668","1":"post","2":"type-post","3":"status-publish","4":"format-standard","5":"has-post-thumbnail","7":"category-sports","8":"tag-17","9":"tag-choisir","10":"tag-corse","11":"tag-fr","12":"tag-france","13":"tag-inter","14":"tag-mal","15":"tag-milan","16":"tag-paris","17":"tag-son","18":"tag-sports"},"share_on_mastodon":{"url":"https:\/\/pubeurope.com\/@fr\/114600169060462761","error":""},"_links":{"self":[{"href":"https:\/\/www.europesays.com\/fr\/wp-json\/wp\/v2\/posts\/140668","targetHints":{"allow":["GET"]}}],"collection":[{"href":"https:\/\/www.europesays.com\/fr\/wp-json\/wp\/v2\/posts"}],"about":[{"href":"https:\/\/www.europesays.com\/fr\/wp-json\/wp\/v2\/types\/post"}],"author":[{"embeddable":true,"href":"https:\/\/www.europesays.com\/fr\/wp-json\/wp\/v2\/users\/2"}],"replies":[{"embeddable":true,"href":"https:\/\/www.europesays.com\/fr\/wp-json\/wp\/v2\/comments?post=140668"}],"version-history":[{"count":0,"href":"https:\/\/www.europesays.com\/fr\/wp-json\/wp\/v2\/posts\/140668\/revisions"}],"wp:featuredmedia":[{"embeddable":true,"href":"https:\/\/www.europesays.com\/fr\/wp-json\/wp\/v2\/media\/140669"}],"wp:attachment":[{"href":"https:\/\/www.europesays.com\/fr\/wp-json\/wp\/v2\/media?parent=140668"}],"wp:term":[{"taxonomy":"category","embeddable":true,"href":"https:\/\/www.europesays.com\/fr\/wp-json\/wp\/v2\/categories?post=140668"},{"taxonomy":"post_tag","embeddable":true,"href":"https:\/\/www.europesays.com\/fr\/wp-json\/wp\/v2\/tags?post=140668"}],"curies":[{"name":"wp","href":"https:\/\/api.w.org\/{rel}","templated":true}]}}