{"id":140670,"date":"2025-05-31T02:49:09","date_gmt":"2025-05-31T02:49:09","guid":{"rendered":"https:\/\/www.europesays.com\/fr\/140670\/"},"modified":"2025-05-31T02:49:09","modified_gmt":"2025-05-31T02:49:09","slug":"vaimalama-chaves-sdf-apres-le-regne-miss-france-la-galere-et-les-canapes-squattes","status":"publish","type":"post","link":"https:\/\/www.europesays.com\/fr\/140670\/","title":{"rendered":"Vaimalama Chaves SDF : apr\u00e8s le r\u00e8gne Miss France, la gal\u00e8re et \u00ab\u00a0les canap\u00e9s squatt\u00e9s\u00a0\u00bb"},"content":{"rendered":"<p>Devenir Miss France n\u2019assure pas une vie de r\u00eave. Et <a href=\"https:\/\/www.public.fr\/tag\/vaimalama-chaves-miss-france-2019\" target=\"_blank\" rel=\"noopener\">Vaimalama Chaves<\/a> vient d\u2019en donner la preuve. La jeune femme qui a r\u00e9cemment r\u00e9v\u00e9l\u00e9 avoir \u00e9t\u00e9 <a href=\"https:\/\/www.public.fr\/vaimalava-chaves-victime-dinceste-a-5-ans-ses-rares-confidences-sur-son-agresseur-il-avait-50-ans\" target=\"_blank\" rel=\"noopener\">victime d\u2019inceste \u00e0 l\u2019\u00e2ge de 5 ans<\/a>, vient de faire de nouvelles r\u00e9v\u00e9lations sur son apr\u00e8s r\u00e8gne chaotique.<\/p>\n<p>Pour rappel, la tahitienne voyait sa vie basculer le 15 d\u00e9cembre 2018 au Z\u00e9nith de Lille lorsque <a href=\"https:\/\/www.public.fr\/tag\/maeva-coucke\" target=\"_blank\" rel=\"noopener\">Ma\u00ebva Coucke<\/a> lui remettait la couronne de Miss France. Si elle a pu vivre une ann\u00e9e f\u00e9\u00e9rique, <strong>son apr\u00e8s r\u00e8gne a visiblement \u00e9t\u00e9 une vraie gal\u00e8re<\/strong> selon ses dires au micro de Thomas Isle.<\/p>\n<p>Vaimalama Chaves \u00ab\u00a0sans domicile fixe\u00a0\u00bb apr\u00e8s avoir laiss\u00e9 son appartement \u00e0 Cl\u00e9mence Botino<\/p>\n<p>En effet, ce vendredi 30 mai 2025, Vaimalama Chaves \u00e9tait l\u2019invit\u00e9e de l\u2019\u00e9mission <strong>\u00ab\u00a0Culture M\u00e9dias\u00a0\u00bb<\/strong>. L\u2019occasion pour <a href=\"https:\/\/vsd.fr\/73161-cest-une-conversation-bien-sage-qui-nous-a-inspire-vaimalama-chaves-annonce-sa-rupture-avec-son-compagnon-apres-5-ans-de-mariage\/\" target=\"_blank\" rel=\"noopener\">l\u2019ancienne reine de beaut\u00e9<\/a> de revenir sur son r\u00e8gne, mais aussi faire la promotion de son livre, <strong>\u00ab\u00a0O VAI\u00a0\u00bb<\/strong>, paru aux \u00e9ditions First le 15 mai 2025.<\/p>\n<p>Thomas Isle a justement cit\u00e9 un extrait de l\u2019ouvrage en interrogeant l\u2019ex-Miss France, dans lequel <a href=\"https:\/\/www.public.fr\/vaimalama-chaves-apres-lannonce-de-rupture-originale-les-terribles-accusations\" target=\"_blank\" rel=\"noopener\">l\u2019ancienne compagne de Nicolas Fleury<\/a> \u00e9voque le logement de fonction dans lequel elle loge durant son r\u00e8gne. Un appartement situ\u00e9 dans le 17e arrondissement de Paris.\u00a0<\/p>\n<p>\u00ab\u00a0Vous racontez une chose sur la vie de Miss France. Pendant votre r\u00e8gne de Miss, vous avez un logement de fonction qui vous est pr\u00eat\u00e9 mais lorsque la nouvelle Miss arrive, on vous demande gentiment de partir de cet appartement. Du coup, vous n&rsquo;\u00eates pas du tout accompagn\u00e9e et vous dites :\u00a0&lsquo;<strong>Je me retrouve SDF&rsquo;<\/strong>\u00ab\u00a0, relaye le journaliste.<\/p>\n<p>\u00c0 quoi Vaimalama Chaves a r\u00e9pondu : \u00ab\u00a0Une fois que \u00e7a, c&rsquo;est termin\u00e9, <strong>je dois me d\u00e9brouiller toute seule<\/strong>\u00ab\u00a0. Et visiblement, retrouver un logement n\u2019a pas \u00e9t\u00e9 chose ais\u00e9e pour elle.\u00a0\u00ab\u00a0Surtout quand on n&rsquo;a pas anticip\u00e9 et fait un compte en banque en France. Et pour faire un compte en banque en France, il faut avoir une adresse postale en France et pour avoir une adresse postale, il faut avoir un logement, donc c&rsquo;\u00e9tait un peu complexe\u00a0\u00bb, avoue-t-elle.\u00a0<\/p>\n<p>Un appartement retrouv\u00e9 gr\u00e2ce \u00e0 une attestation d&rsquo;h\u00e9bergement<\/p>\n<p>Miss France 2019 a tout de m\u00eame eu la chance de pouvoir vivre chez une amie le temps de retrouver chaussure \u00e0 son pied. C\u2019est finalement une attestation d&rsquo;h\u00e9bergement qui lui a permis de sortir de l\u2019embarras. En effet, gr\u00e2ce \u00e0 celle-ci, elle a pu ouvrir un compte en banque en France et retrouver une vie normale.\u00a0<\/p>\n<p>\u00ab\u00a0Mon appartement \u00e9tait trop bien. Quand je l&rsquo;ai trouv\u00e9 apr\u00e8s avoir pass\u00e9 un mois \u00e0 vagabonder et \u00e0 squatter des canap\u00e9s, je me suis dit :\u00a0&lsquo;Ok c&rsquo;est bon, c&rsquo;est l\u00e0.&rsquo;\u00a0Quand on a ferm\u00e9 la porte apr\u00e8s avoir sign\u00e9 le bail, je me suis allong\u00e9e par terre, je me suis mise en boule\u00a0\u00bb, se souvient-elle, d\u00e9cid\u00e9e \u00e0 ne pas rentrer \u00e0 Tahiti malgr\u00e9 la situation tr\u00e8s compliqu\u00e9e.<\/p>\n<p>Notamment parce qu\u2019il y a \u00ab\u00a0\u00e9norm\u00e9ment d&rsquo;opportunit\u00e9s professionnelles et personnelles\u00a0\u00bb et \u00ab\u00a0beaucoup de r\u00eave\u00a0\u00bb qu\u2019elle peut r\u00e9aliser \u00ab\u00a0ici et qui ne sont pas forc\u00e9ment accessibles en Polyn\u00e9sie\u00a0\u00bb.<\/p>\n<p>      Mentionn\u00e9s dans cet article<\/p>\n<p>\u00c0 lire aussi<\/p>\n","protected":false},"excerpt":{"rendered":"Devenir Miss France n\u2019assure pas une vie de r\u00eave. Et Vaimalama Chaves vient d\u2019en donner la preuve. La&hellip;\n","protected":false},"author":2,"featured_media":140671,"comment_status":"","ping_status":"","sticky":false,"template":"","format":"standard","meta":{"footnotes":""},"categories":[8],"tags":[26831,58,59,1011,27,3034,17035],"class_list":{"0":"post-140670","1":"post","2":"type-post","3":"status-publish","4":"format-standard","5":"has-post-thumbnail","7":"category-divertissement","8":"tag-clemence-botino","9":"tag-divertissement","10":"tag-entertainment","11":"tag-fr","12":"tag-france","13":"tag-miss-france","14":"tag-vaimalama-chaves"},"share_on_mastodon":{"url":"https:\/\/pubeurope.com\/@fr\/114600172805394627","error":""},"_links":{"self":[{"href":"https:\/\/www.europesays.com\/fr\/wp-json\/wp\/v2\/posts\/140670","targetHints":{"allow":["GET"]}}],"collection":[{"href":"https:\/\/www.europesays.com\/fr\/wp-json\/wp\/v2\/posts"}],"about":[{"href":"https:\/\/www.europesays.com\/fr\/wp-json\/wp\/v2\/types\/post"}],"author":[{"embeddable":true,"href":"https:\/\/www.europesays.com\/fr\/wp-json\/wp\/v2\/users\/2"}],"replies":[{"embeddable":true,"href":"https:\/\/www.europesays.com\/fr\/wp-json\/wp\/v2\/comments?post=140670"}],"version-history":[{"count":0,"href":"https:\/\/www.europesays.com\/fr\/wp-json\/wp\/v2\/posts\/140670\/revisions"}],"wp:featuredmedia":[{"embeddable":true,"href":"https:\/\/www.europesays.com\/fr\/wp-json\/wp\/v2\/media\/140671"}],"wp:attachment":[{"href":"https:\/\/www.europesays.com\/fr\/wp-json\/wp\/v2\/media?parent=140670"}],"wp:term":[{"taxonomy":"category","embeddable":true,"href":"https:\/\/www.europesays.com\/fr\/wp-json\/wp\/v2\/categories?post=140670"},{"taxonomy":"post_tag","embeddable":true,"href":"https:\/\/www.europesays.com\/fr\/wp-json\/wp\/v2\/tags?post=140670"}],"curies":[{"name":"wp","href":"https:\/\/api.w.org\/{rel}","templated":true}]}}