{"id":140678,"date":"2025-05-31T02:53:16","date_gmt":"2025-05-31T02:53:16","guid":{"rendered":"https:\/\/www.europesays.com\/fr\/140678\/"},"modified":"2025-05-31T02:53:16","modified_gmt":"2025-05-31T02:53:16","slug":"ce-que-dit-et-ne-dit-pas-ce-sondage-sur-lappetit-des-francais-pour-les-espaces-no-kids","status":"publish","type":"post","link":"https:\/\/www.europesays.com\/fr\/140678\/","title":{"rendered":"Ce que dit (et ne dit pas) ce sondage sur l\u2019app\u00e9tit des Fran\u00e7ais pour les espaces \u00ab\u00a0no kids\u00a0\u00bb"},"content":{"rendered":"<p>        <img decoding=\"async\" loading=\"lazy\" src=\"https:\/\/www.europesays.com\/fr\/wp-content\/uploads\/2025\/05\/790ea31_1681204543152-gettyimages-1367212818.jpg\"  width=\"728\" height=\"409\" alt=\"\u00ab\u00a0Les donn\u00e9es montrent que les enfants ont plus de capacit\u00e9s \u00e0 se r\u00e9guler, mais la soci\u00e9t\u00e9 trouve qu\u2019ils en ont moins. Ce d\u00e9calage montre que notre soci\u00e9t\u00e9 leur en demande plus qu\u2019avant \u00bb, explique Gr\u00e9goire Borst.\"\/>  <\/p>\n<p>Lourdes  Balduque \/ Getty Images<\/p>\n<p>\u00ab\u00a0Les donn\u00e9es montrent que les enfants ont plus de capacit\u00e9s \u00e0 se r\u00e9guler, mais la soci\u00e9t\u00e9 trouve qu\u2019ils en ont moins. Ce d\u00e9calage montre que notre soci\u00e9t\u00e9 leur en demande plus qu\u2019avant \u00bb, explique Gr\u00e9goire Borst.<\/p>\n<p class=\"asset asset-text\">FAMILLES &#8211; Les enfants ont-ils encore <a href=\"https:\/\/www.huffingtonpost.fr\/life\/article\/entre-stress-et-fierte-ces-parents-racontent-comment-ils-gerent-les-premiers-trajets-en-solo-de-leurs-enfants_246306.html\" target=\"_blank\" rel=\"noopener\">une place dans les espaces collectifs<\/a>\u00a0? Apr\u00e8s que la Haute-commissaire \u00e0 l\u2019enfance Sarah el Hairy a pris position <a href=\"https:\/\/www.huffingtonpost.fr\/politique\/article\/dans-les-hotels-ou-les-transports-sarah-el-hairy-prone-une-contre-tendance-pro-kids_250446.html\" target=\"_blank\" rel=\"noopener\">contre le d\u00e9veloppement d\u2019espace \u00ab\u00a0no kids\u00a0\u00bb<\/a>, ces endroits o\u00f9 les enfants ne seraient pas les bienvenus, et alors que le d\u00e9bat fait rage sur les r\u00e9seaux sociaux, un sondage semble indiquer de quel c\u00f4t\u00e9 penche le c\u0153ur des Fran\u00e7ais.<\/p>\n<p class=\"asset asset-text\"><a href=\"https:\/\/www.odoxa.fr\/sondage\/une-majorite-de-francais-voient-dun-bon-oeil-les-espaces-reserves-aux-adultes\/\" target=\"_blank\" rel=\"noopener\" title=\"Nouvelle fen\u00eatre\">R\u00e9alis\u00e9e par l\u2019institut Odoxa<\/a> pour Lou m\u00e9dia l\u2019enqu\u00eate dont les r\u00e9sultats ont \u00e9t\u00e9 r\u00e9colt\u00e9s aupr\u00e8s d\u2019un \u00e9chantillon repr\u00e9sentatif de la population adulte fran\u00e7aise est claire\u00a0: 54\u00a0% des interrog\u00e9s se disent favorables au d\u00e9veloppement de lieux r\u00e9serv\u00e9s aux adultes, comme certains restaurants, h\u00f4tels ou compartiments de train.<\/p>\n<p class=\"asset asset-text\">Une position qui semble corr\u00e9l\u00e9e aux autres r\u00e9sultats de l\u2019enqu\u00eate, selon lesquels 75\u00a0% des Fran\u00e7ais estiment que \u00ab\u00a0les enfants sont moins bien \u00e9lev\u00e9s qu\u2019avant\u00a0\u00bb, 83\u00a0% des r\u00e9pondants pensent que les \u00ab\u00a0m\u00e9thodes d\u2019\u00e9ducation moderne rendent les enfants plus capricieux\u00a0\u00bb ou \u00ab\u00a0plus difficiles \u00e0 g\u00e9rer\u00a0\u00bb, et 84\u00a0% d\u2019entre eux consid\u00e8rent que \u00ab\u00a0les parents laissent trop souvent leurs enfants perturber la tranquillit\u00e9 d\u2019autrui\u00a0\u00bb. Que faut-il comprendre de ces chiffres\u00a0? Le HuffPost a pos\u00e9 la question \u00e0 Gr\u00e9goire Borst, professeur de psychologie du d\u00e9veloppement et de neurosciences cognitives de l\u2019\u00e9ducation.<\/p>\n<p>    Quel sens derri\u00e8re le mot \u00ab\u00a0\u00e9ducation\u00a0\u00bb    <\/p>\n<p class=\"asset asset-text\">Face \u00e0 ces chiffres, l\u2019universitaire appelle d\u2019abord \u00e0 une certaine prudence. Quand 75\u00a0% des interrog\u00e9s estiment que les enfants sont \u00ab\u00a0moins bien \u00e9lev\u00e9s\u00a0\u00bb, quelle est leur d\u00e9finition de l\u2019\u00e9ducation\u00a0? \u00ab\u00a0On peut estimer que l\u2019objectif de l\u2019\u00e9ducation, c\u2019est d\u2019apprendre \u00e0 \u201cbien se comporter\u201d, c\u2019est-\u00e0-dire de ne pas faire de bruit dans l\u2019espace public, ne pas d\u00e9ranger les adultes\u2026 Mais ce n\u2019est pas le seul but de l\u2019\u00e9ducation.\u00a0C\u2019est aussi permettre \u00e0 l\u2019enfant de s\u2019\u00e9panouir, de r\u00e9guler son comportement tout en comprenant qu\u2019\u00e0 diff\u00e9rents \u00e2ges, on n\u2019a pas les m\u00eames capacit\u00e9s \u00e0 le faire, de devenir un adulte qui peut exercer un libre arbitre\u2026\u00a0\u00bb, souligne l\u2019expert, \u00e9galement directeur du Laboratoire de Psychologie du D\u00e9veloppement et de l\u2019\u00c9ducation de l\u2019enfant (CNRS).<\/p>\n<p class=\"asset asset-text\">D\u2019autant que les questions pos\u00e9es r\u00e9v\u00e8lent la perception des interrog\u00e9s, qui n\u2019a pas n\u00e9cessairement de lien avec les faits. \u00ab\u00a0Il faut comparer \u00e7a \u00e0 des donn\u00e9es r\u00e9elles. Est-ce que, r\u00e9ellement, les enfants sont plus capricieux qu\u2019avant, ont plus de mal \u00e0 diff\u00e9rer leur plaisir imm\u00e9diat\u00a0? Ce n\u2019est pas du tout ce que disent les \u00e9tudes en psychologie du d\u00e9veloppement\u00a0\u00bb, souligne Gr\u00e9goire Borst, qui cite <a href=\"https:\/\/fr.wikipedia.org\/wiki\/Test_du_marshmallow\" target=\"_blank\" rel=\"noopener\" title=\"Nouvelle fen\u00eatre\">le test du marshmallow<\/a>, dans lequel on mesure la capacit\u00e9 des enfants \u00e0 refuser une gratification imm\u00e9diate\u00a0: on leur donne le choix entre avoir un marshmallow tout de suite, ou deux marshmallows plus tard.<\/p>\n<p>    Un ressenti tr\u00e8s diff\u00e9rent des faits    <\/p>\n<p class=\"asset asset-text\">Cette \u00e9tude, r\u00e9alis\u00e9e pour la premi\u00e8re fois en 1972, a \u00e9t\u00e9 r\u00e9alis\u00e9e une nouvelle fois 50\u00a0ans plus tard. \u00ab\u00a0Les r\u00e9sultats montrent qu\u2019aujourd\u2019hui, les enfants ont une meilleure capacit\u00e9 \u00e0 diff\u00e9rer leur plaisir imm\u00e9diat qu\u2019il y a 50\u00a0ans. Mais si vous interrogez leurs parents, en leur demandant s\u2019ils y arrivent plus ou moins bien que les enfants des ann\u00e9es 70, ils pensent en grande majorit\u00e9 que leurs enfants y arrivent moins bien\u00a0\u00bb, appuie le chercheur, avant d\u2019expliciter. \u00ab\u00a0Les donn\u00e9es montrent que les enfants ont plus de capacit\u00e9s \u00e0 se r\u00e9guler, mais la soci\u00e9t\u00e9 trouve qu\u2019ils en ont moins. Ce d\u00e9calage montre que notre soci\u00e9t\u00e9 leur en demande plus qu\u2019avant.\u00a0\u00bb<\/p>\n<p class=\"asset asset-text\">De m\u00eame, les mod\u00e8les de parentalit\u00e9 ne sont pas d\u00e9taill\u00e9s. Or, \u00e0 quoi font r\u00e9f\u00e9rence les \u00ab\u00a0m\u00e9thodes d\u2019\u00e9ducation modernes\u00a0\u00bb, dont les sond\u00e9s estiment \u00e0 79\u00a0% qu\u2019elles rendent les enfants \u00ab\u00a0plus insupportables\u00a0\u00bb et \u00e0 77\u00a0% \u00ab\u00a0plus \u00e9go\u00efstes\/autocentr\u00e9s\u00a0\u00bb\u00a0?<\/p>\n<blockquote><p>\u00ab\u00a0Pour apprendre \u00e0 \u00eatre un adulte capable vivre en soci\u00e9t\u00e9, un enfant doit \u00eatre confront\u00e9 \u00e0 des environnements o\u00f9 il est avec des adultes.\u00a0\u00bb Gr\u00e9goire Borst, professeur de psychologie du d\u00e9veloppement<\/p><\/blockquote>\n<p class=\"asset asset-text\">Elles peuvent correspondre \u00e0 deux formes d\u2019\u00e9ducation qui s\u2019opposent dans l\u2019imaginaire collectif\u00a0: une \u00ab\u00a0parentalit\u00e9 stricte\u00a0\u00bb, que les Am\u00e9ricains appellent <a href=\"https:\/\/www.huffingtonpost.fr\/life\/article\/quoi-qu-en-dise-francois-bayrou-ni-les-gifles-ni-les-tapes-ne-peuvent-etre-educatives-clx1_250049.html\" target=\"_blank\" rel=\"noopener\">\u00ab\u00a0parentalit\u00e9 autoritaire\u00a0\u00bb<\/a> et une \u00ab\u00a0parentalit\u00e9 permissive\u00a0\u00bb, qui <a href=\"https:\/\/www.huffingtonpost.fr\/life\/article\/j-ai-eleve-mon-fils-avec-la-parentalite-positive-et-je-culpabilise-de-ce-qu-il-impose-aux-autres_229552.html\" target=\"_blank\" rel=\"noopener\">correspondrait aux id\u00e9es re\u00e7ues sur l\u2019\u00e9ducation positive<\/a>. Mais, selon le chercheur, la parentalit\u00e9 autoritaire n\u2019est pas un gage d\u2019une meilleure r\u00e9gulation des \u00e9motions des enfants &#8211; au contraire. \u00ab\u00a0Dans la litt\u00e9rature, on a un certain nombre de donn\u00e9es qui montre que ce fonctionnement a certains effets n\u00e9gatifs sur l\u2019enfant, et qu\u2019ils tendent \u00e0 \u00eatre agressifs avec les autres enfants\u00a0\u00bb, d\u00e9taille-t-il.<\/p>\n<p class=\"asset asset-text\">Cette propension \u00e0 penser que \u00ab\u00a0c\u2019\u00e9tait mieux avant\u00a0\u00bb explique probablement que 76\u00a0% des Fran\u00e7ais se d\u00e9clarent plus agac\u00e9s que compr\u00e9hensifs face \u00e0 des enfants agit\u00e9s dans des espaces priv\u00e9s ou publics &#8211; y compris les parents qui se d\u00e9clarent \u00ab\u00a0pas du tout stricts\u00a0\u00bb.<\/p>\n<p class=\"asset asset-text\">Mais par d\u00e9finition, rappelle Gr\u00e9goire Borst, \u00ab\u00a0un enfant, pour apprendre \u00e0 \u00eatre un adulte qui sera capable de r\u00e9guler ses comportements de mani\u00e8re \u00e0 vivre en soci\u00e9t\u00e9, doit \u00eatre confront\u00e9 \u00e0 des environnements o\u00f9 il est avec des adultes.\u00a0\u00bb Et le chercheur de se demander\u00a0: \u00ab\u00a0Comment apprendre \u00e0 bien se comporter si on les met \u00e0 l\u2019\u00e9cart\u00a0?\u00a0\u00bb <\/p>\n","protected":false},"excerpt":{"rendered":"Lourdes Balduque \/ Getty Images \u00ab\u00a0Les donn\u00e9es montrent que les enfants ont plus de capacit\u00e9s \u00e0 se r\u00e9guler,&hellip;\n","protected":false},"author":2,"featured_media":140679,"comment_status":"","ping_status":"","sticky":false,"template":"","format":"standard","meta":{"footnotes":""},"categories":[4],"tags":[11,26832,1719,1011,27,5656,12,5791,25],"class_list":{"0":"post-140678","1":"post","2":"type-post","3":"status-publish","4":"format-standard","5":"has-post-thumbnail","7":"category-france","8":"tag-actualites","9":"tag-elever-ses-enfants","10":"tag-enfants","11":"tag-fr","12":"tag-france","13":"tag-life","14":"tag-news","15":"tag-relation-parent-enfant","16":"tag-republique-francaise"},"share_on_mastodon":{"url":"https:\/\/pubeurope.com\/@fr\/114600188586821933","error":""},"_links":{"self":[{"href":"https:\/\/www.europesays.com\/fr\/wp-json\/wp\/v2\/posts\/140678","targetHints":{"allow":["GET"]}}],"collection":[{"href":"https:\/\/www.europesays.com\/fr\/wp-json\/wp\/v2\/posts"}],"about":[{"href":"https:\/\/www.europesays.com\/fr\/wp-json\/wp\/v2\/types\/post"}],"author":[{"embeddable":true,"href":"https:\/\/www.europesays.com\/fr\/wp-json\/wp\/v2\/users\/2"}],"replies":[{"embeddable":true,"href":"https:\/\/www.europesays.com\/fr\/wp-json\/wp\/v2\/comments?post=140678"}],"version-history":[{"count":0,"href":"https:\/\/www.europesays.com\/fr\/wp-json\/wp\/v2\/posts\/140678\/revisions"}],"wp:featuredmedia":[{"embeddable":true,"href":"https:\/\/www.europesays.com\/fr\/wp-json\/wp\/v2\/media\/140679"}],"wp:attachment":[{"href":"https:\/\/www.europesays.com\/fr\/wp-json\/wp\/v2\/media?parent=140678"}],"wp:term":[{"taxonomy":"category","embeddable":true,"href":"https:\/\/www.europesays.com\/fr\/wp-json\/wp\/v2\/categories?post=140678"},{"taxonomy":"post_tag","embeddable":true,"href":"https:\/\/www.europesays.com\/fr\/wp-json\/wp\/v2\/tags?post=140678"}],"curies":[{"name":"wp","href":"https:\/\/api.w.org\/{rel}","templated":true}]}}