{"id":140688,"date":"2025-05-31T03:00:10","date_gmt":"2025-05-31T03:00:10","guid":{"rendered":"https:\/\/www.europesays.com\/fr\/140688\/"},"modified":"2025-05-31T03:00:10","modified_gmt":"2025-05-31T03:00:10","slug":"un-puissant-cartel-mexicain-a-envoye-ses-chimistes-pres-de-toulon-pour-fabriquer-des-drogues-de-synthese","status":"publish","type":"post","link":"https:\/\/www.europesays.com\/fr\/140688\/","title":{"rendered":"Un puissant cartel mexicain a envoy\u00e9 ses chimistes pr\u00e8s de Toulon pour fabriquer des drogues de synth\u00e8se"},"content":{"rendered":"<p>\tUn puissant cartel mexicain a envoy\u00e9 ses chimistes pr\u00e8s de Toulon pour fabriquer des drogues de synth\u00e8se &#8211; Valeurs actuelles<\/p>\n<p><a href=\"https:\/\/www.valeursactuelles.com\/\" target=\"_blank\" rel=\"noopener\">Accueil<\/a> \u00bb <a href=\"https:\/\/www.valeursactuelles.com\/faits-divers\" target=\"_blank\" rel=\"noopener\">Faits divers<\/a> \u00bb Un puissant cartel mexicain a envoy\u00e9 ses chimistes pr\u00e8s de Toulon pour fabriquer des drogues de synth\u00e8se<\/p>\n","protected":false},"excerpt":{"rendered":"Un puissant cartel mexicain a envoy\u00e9 ses chimistes pr\u00e8s de Toulon pour fabriquer des drogues de synth\u00e8se &#8211;&hellip;\n","protected":false},"author":2,"featured_media":140689,"comment_status":"","ping_status":"","sticky":false,"template":"","format":"standard","meta":{"footnotes":""},"categories":[9619],"tags":[1111,11,1052,1777,674,1011,27,7141,5697,12,882,25,2310,887],"class_list":{"0":"post-140688","1":"post","2":"type-post","3":"status-publish","4":"format-standard","5":"has-post-thumbnail","7":"category-toulon","8":"tag-actu","9":"tag-actualites","10":"tag-drogue","11":"tag-eu","12":"tag-europe","13":"tag-fr","14":"tag-france","15":"tag-laboratoire","16":"tag-mexique","17":"tag-news","18":"tag-provence-alpes-cote-dazur","19":"tag-republique-francaise","20":"tag-toulon","21":"tag-trafic-de-drogue"},"share_on_mastodon":{"url":"https:\/\/pubeurope.com\/@fr\/114600216062081675","error":""},"_links":{"self":[{"href":"https:\/\/www.europesays.com\/fr\/wp-json\/wp\/v2\/posts\/140688","targetHints":{"allow":["GET"]}}],"collection":[{"href":"https:\/\/www.europesays.com\/fr\/wp-json\/wp\/v2\/posts"}],"about":[{"href":"https:\/\/www.europesays.com\/fr\/wp-json\/wp\/v2\/types\/post"}],"author":[{"embeddable":true,"href":"https:\/\/www.europesays.com\/fr\/wp-json\/wp\/v2\/users\/2"}],"replies":[{"embeddable":true,"href":"https:\/\/www.europesays.com\/fr\/wp-json\/wp\/v2\/comments?post=140688"}],"version-history":[{"count":0,"href":"https:\/\/www.europesays.com\/fr\/wp-json\/wp\/v2\/posts\/140688\/revisions"}],"wp:featuredmedia":[{"embeddable":true,"href":"https:\/\/www.europesays.com\/fr\/wp-json\/wp\/v2\/media\/140689"}],"wp:attachment":[{"href":"https:\/\/www.europesays.com\/fr\/wp-json\/wp\/v2\/media?parent=140688"}],"wp:term":[{"taxonomy":"category","embeddable":true,"href":"https:\/\/www.europesays.com\/fr\/wp-json\/wp\/v2\/categories?post=140688"},{"taxonomy":"post_tag","embeddable":true,"href":"https:\/\/www.europesays.com\/fr\/wp-json\/wp\/v2\/tags?post=140688"}],"curies":[{"name":"wp","href":"https:\/\/api.w.org\/{rel}","templated":true}]}}