{"id":140694,"date":"2025-05-31T03:06:17","date_gmt":"2025-05-31T03:06:17","guid":{"rendered":"https:\/\/www.europesays.com\/fr\/140694\/"},"modified":"2025-05-31T03:06:17","modified_gmt":"2025-05-31T03:06:17","slug":"pres-de-grenoble-cette-route-frequentee-ferme-plusieurs-mois-voici-pourquoi","status":"publish","type":"post","link":"https:\/\/www.europesays.com\/fr\/140694\/","title":{"rendered":"Pr\u00e8s de Grenoble. Cette route fr\u00e9quent\u00e9e ferme plusieurs mois, voici pourquoi"},"content":{"rendered":"<p>            Par<br \/>\n        <strong><br \/>\n            <a href=\"https:\/\/actu.fr\/auteur\/julien-sournies\" title=\"Consulter tous les articles de Julien Sournies\" rel=\"nofollow noopener\" target=\"_blank\">Julien Sournies<\/a><br \/>\n        <\/strong><\/p>\n<p>        Publi\u00e9 le<\/p>\n<p>            30 mai 2025 \u00e0 10h42        <\/p>\n<p>Un peu moins d\u2019un an apr\u00e8s les <a href=\"https:\/\/actu.fr\/meteo\/inondation-impressionnante-de-ce-village-d-isere-le-point-sur-la-situation_61248447.html\" rel=\"nofollow noopener\" target=\"_blank\">impressionnantes crues<\/a> qui ont touch\u00e9 le hameau de la B\u00e9rarde (<a href=\"https:\/\/actu.fr\/auvergne-rhone-alpes\/isere_38\" rel=\"nofollow noopener\" target=\"_blank\">Is\u00e8re<\/a>), les perturbations se poursuivent. Ce lundi 26\u00a0mai 2025, le d\u00e9partement de l\u2019Is\u00e8re a en effet pris un nouvel <a href=\"https:\/\/www.mairie-st-christophe-en-oisans.fr\/images\/accueil\/Infos%20route\/2025%2005%2026%20Arrete%20fermeture%20RD530%20a%20la%20sortie%20de%20Pre%20Clot.pdf\" rel=\"nofollow noopener\" target=\"_blank\">arr\u00eat\u00e9<\/a> interdisant partiellement la <strong>circulation sur la RD530<\/strong>, entre le hameau de Pr\u00e9 Clot et celui des Etages.<\/p>\n<p class=\" wall-content\">\u00ab\u2009Consid\u00e9rant qu\u2019afin d\u2019assurer la s\u00e9curit\u00e9 des usagers, sur la section de route d\u00e9partementale, il y a lieu de r\u00e9glementer le stationnement et la circulation des v\u00e9hicules\u2009\u00bb, indique le D\u00e9partement dans son arr\u00eat\u00e9.<\/p>\n<p>La RD530 ferm\u00e9e partiellement pendant 6\u00a0mois<\/p>\n<p class=\" wall-content\">En effet, depuis ce jeudi 29\u00a0mai, et ce, jusqu\u2019au <strong>15\u00a0novembre prochain<\/strong>, la circulation sur la RD530 n\u2019est donc plus possible sur cette portion. L\u2019interdiction concerne l\u2019ensemble des v\u00e9hicules \u00e0 moteur, sauf les personnes devant imp\u00e9rativement emprunter la route dans le cadre de leurs missions professionnelles.<\/p>\n<p class=\" wall-content\">Par ailleurs, les propri\u00e9taires et locataires des hameaux de Champhorent, Champ\u00e9bran et des \u00c9tages, disposant d\u2019un terrain de stationnement priv\u00e9, pourront \u00e9galement acc\u00e9der \u00e0 la zone, tout comme leurs visiteurs, \u00e0 condition de pouvoir le justifier.<\/p>\n<p class=\" wall-content\">\u00c0 noter que des <strong>navettes gratuites<\/strong> desservant la vall\u00e9e du V\u00e9n\u00e9on, dont la B\u00e9rarde, ont \u00e9t\u00e9 mises \u00e0 la circulation ce jeudi pour limiter l\u2019impact sur le tourisme malgr\u00e9 la fermeture de la route.<\/p>\n<p>Vid\u00e9os : en ce moment sur Actu<br \/>\n    <a href=\"https:\/\/www.google.com\/maps\/embed?pb=!1m14!1m8!1m3!1d2250.3002044045243!2d6.187917!3d44.945576!3m2!1i1024!2i768!4f13.1!3m3!1m2!1s0x478a0e62b6c379b5%3A0x4b08d4a129a580d5!2sPr%C3%A9%20Cl%C3%B4t%2C%2038520%20Saint-Christophe-en-Oisans!5e1!3m2!1sfr!2sfr!4v1748593503330!5m2!1sfr!2sfr\" title=\"Ouvrie le lien\" rel=\"nofollow noopener\" target=\"_blank\">Cliquez ici pour visualiser le contenu<\/a><\/p>\n<p>De nombreux accidents sur cette route<\/p>\n<p class=\" wall-content\">Pour rappel, une crue torrentielle avait balay\u00e9 le hameau de La B\u00e9rarde et sa route d\u2019acc\u00e8s en juin dernier, o\u00f9 le torrent du V\u00e9n\u00e9on \u00e9tait sorti de son lit, <strong>ravageant tout<\/strong> sur son passage. En d\u00e9pit d\u2019importants travaux de s\u00e9curisation de l\u2019axe \u00e0 l\u2019automne, un \u00e9boulement rocheux avait <a href=\"https:\/\/actu.fr\/auvergne-rhone-alpes\/venosc_38534\/eboulement-mortel-pres-de-grenoble-cette-route-rouvre-a-certaines-conditions_62048128.html\" rel=\"nofollow noopener\" target=\"_blank\">co\u00fbt\u00e9 la vie<\/a> \u00e0 un automobiliste de 62\u00a0ans \u00e0 hauteur de la commune de Venosc en d\u00e9cembre.<\/p>\n<p class=\" wall-content\">\u00c0 cela, en d\u00e9but d\u2019ann\u00e9e, la RD530 avait \u00e9t\u00e9 de nouveau ferm\u00e9e \u00e0 la circulation, avant de <a href=\"https:\/\/actu.fr\/auvergne-rhone-alpes\/saint-christophe-en-oisans_38375\/isere-un-danger-menace-encore-cette-route-maudite-elle-doit-fermer-partiellement_62230951.html\" rel=\"nofollow noopener\" target=\"_blank\">rouvrir sous alternat<\/a>.<\/p>\n<p class=\" wall-content\">Suivez toute l\u2019actualit\u00e9 de vos villes et m\u00e9dias favoris en vous inscrivant \u00e0 <a href=\"https:\/\/moncompte.actu.fr\" title=\"D\u00e9couvez Mon Actu\" rel=\"nofollow noopener\" data-trk=\"{&quot;cta&quot;:{&quot;action&quot;:&quot;https:\\\/\\\/moncompte.actu.fr&quot;,&quot;category&quot;:&quot;mon compte&quot;,&quot;from&quot;:&quot;article footer&quot;,&quot;name&quot;:&quot;Mon actu&quot;,&quot;type&quot;:&quot;cta&quot;}}\" target=\"_blank\">Mon Actu<\/a>.<\/p>\n","protected":false},"excerpt":{"rendered":"Par Julien Sournies Publi\u00e9 le 30 mai 2025 \u00e0 10h42 Un peu moins d\u2019un an apr\u00e8s les impressionnantes&hellip;\n","protected":false},"author":2,"featured_media":140695,"comment_status":"","ping_status":"","sticky":false,"template":"","format":"standard","meta":{"footnotes":""},"categories":[9566],"tags":[1111,11,2430,3542,1777,674,1011,27,2731,12,25,104,2086],"class_list":{"0":"post-140694","1":"post","2":"type-post","3":"status-publish","4":"format-standard","5":"has-post-thumbnail","7":"category-grenoble","8":"tag-actu","9":"tag-actualites","10":"tag-auvergne-rhone-alpes","11":"tag-circulation","12":"tag-eu","13":"tag-europe","14":"tag-fr","15":"tag-france","16":"tag-grenoble","17":"tag-news","18":"tag-republique-francaise","19":"tag-societe","20":"tag-travaux"},"share_on_mastodon":{"url":"https:\/\/pubeurope.com\/@fr\/114600239644954510","error":""},"_links":{"self":[{"href":"https:\/\/www.europesays.com\/fr\/wp-json\/wp\/v2\/posts\/140694","targetHints":{"allow":["GET"]}}],"collection":[{"href":"https:\/\/www.europesays.com\/fr\/wp-json\/wp\/v2\/posts"}],"about":[{"href":"https:\/\/www.europesays.com\/fr\/wp-json\/wp\/v2\/types\/post"}],"author":[{"embeddable":true,"href":"https:\/\/www.europesays.com\/fr\/wp-json\/wp\/v2\/users\/2"}],"replies":[{"embeddable":true,"href":"https:\/\/www.europesays.com\/fr\/wp-json\/wp\/v2\/comments?post=140694"}],"version-history":[{"count":0,"href":"https:\/\/www.europesays.com\/fr\/wp-json\/wp\/v2\/posts\/140694\/revisions"}],"wp:featuredmedia":[{"embeddable":true,"href":"https:\/\/www.europesays.com\/fr\/wp-json\/wp\/v2\/media\/140695"}],"wp:attachment":[{"href":"https:\/\/www.europesays.com\/fr\/wp-json\/wp\/v2\/media?parent=140694"}],"wp:term":[{"taxonomy":"category","embeddable":true,"href":"https:\/\/www.europesays.com\/fr\/wp-json\/wp\/v2\/categories?post=140694"},{"taxonomy":"post_tag","embeddable":true,"href":"https:\/\/www.europesays.com\/fr\/wp-json\/wp\/v2\/tags?post=140694"}],"curies":[{"name":"wp","href":"https:\/\/api.w.org\/{rel}","templated":true}]}}