{"id":140698,"date":"2025-05-31T03:09:50","date_gmt":"2025-05-31T03:09:50","guid":{"rendered":"https:\/\/www.europesays.com\/fr\/140698\/"},"modified":"2025-05-31T03:09:50","modified_gmt":"2025-05-31T03:09:50","slug":"video-voici-pourquoi-un-drone-a-ete-deploye-aux-abords-de-la-gare-de-strasbourg-recemment","status":"publish","type":"post","link":"https:\/\/www.europesays.com\/fr\/140698\/","title":{"rendered":"VIDEO. Voici pourquoi un drone a \u00e9t\u00e9 d\u00e9ploy\u00e9 aux abords de la gare de Strasbourg r\u00e9cemment"},"content":{"rendered":"<p>            Par<br \/>\n        <strong><br \/>\n            <a href=\"https:\/\/actu.fr\/auteur\/ivan-capecchi\" title=\"Consulter tous les articles de Ivan CAPECCHI\" target=\"_blank\" rel=\"noopener\">Ivan CAPECCHI<\/a><br \/>\n        <\/strong><\/p>\n<p>        Publi\u00e9 le<\/p>\n<p>            26 mai 2025 \u00e0 11h27        <\/p>\n<p>Le 20 mai 2025 au matin, les passants de la <a href=\"https:\/\/actu.fr\/tag\/gare-de-strasbourg\" target=\"_blank\" rel=\"noopener\">gare de Strasbourg<\/a> ont pu apercevoir un <strong>drone voler aux abords de la gare de Strasbourg.<\/strong><\/p>\n<p class=\" wall-content\">Equip\u00e9 d\u2019un <strong>jet haute pression<\/strong>, il permet de <strong>laver la verri\u00e8re<\/strong>.\u00a0<\/p>\n<p class=\" wall-content\">Une vid\u00e9o relay\u00e9e sur X par l\u2019\u00e9conomiste Olivier Babeau a suscit\u00e9 des interrogations sur l\u2019impact de cette <a href=\"https:\/\/actu.fr\/tag\/innovation\" target=\"_blank\" rel=\"noopener\">innovation<\/a> sur l\u2019<a href=\"https:\/\/actu.fr\/tag\/emploi\" target=\"_blank\" rel=\"noopener\">emploi<\/a>.<\/p>\n<p class=\" wall-content\">\n<p>Une m\u00e9thode compl\u00e9mentaire au nettoyage manuel, assure la SNCF<\/p>\n<p class=\" wall-content\">Interrog\u00e9e, la <a href=\"https:\/\/actu.fr\/tag\/sncf\" target=\"_blank\" rel=\"noopener\">SNCF<\/a> indique que <strong>cette m\u00e9thode est compl\u00e9mentaire au nettoyage manuel<\/strong>, assur\u00e9 chaque ann\u00e9e par les agents de la soci\u00e9t\u00e9 Onet. Le drone permet de <strong>traiter les zones les plus hautes ou difficiles d\u2019acc\u00e8s<\/strong>, sans avoir \u00e0 installer de nacelles sur la dalle situ\u00e9e devant la gare, tr\u00e8s fr\u00e9quent\u00e9e en journ\u00e9e.<\/p>\n<p class=\" wall-content\">Selon SNCF Gares &amp; Connexions, <strong>les techniciens continuent d\u2019intervenir au sol avec des perches pour l\u2019ext\u00e9rieur<\/strong>\u00a0et <strong>le nettoyage int\u00e9rieur est toujours effectu\u00e9 \u00e0 l\u2019aide de nacelles<\/strong>, la nuit, lorsque la gare est ferm\u00e9e au public.<\/p>\n<p class=\" wall-content\"><strong>Ce dispositif est en place depuis l\u2019ann\u00e9e derni\u00e8re<\/strong>.\u00a0<\/p>\n<p class=\" wall-content\">Suivez toute l\u2019actualit\u00e9 de vos villes et m\u00e9dias favoris en vous inscrivant \u00e0 <a href=\"https:\/\/moncompte.actu.fr\" title=\"D\u00e9couvez Mon Actu\" rel=\"nofollow noopener\" data-trk=\"{&quot;cta&quot;:{&quot;action&quot;:&quot;https:\\\/\\\/moncompte.actu.fr&quot;,&quot;category&quot;:&quot;mon compte&quot;,&quot;from&quot;:&quot;article footer&quot;,&quot;name&quot;:&quot;Mon actu&quot;,&quot;type&quot;:&quot;cta&quot;}}\" target=\"_blank\">Mon Actu<\/a>.<\/p>\n","protected":false},"excerpt":{"rendered":"Par Ivan CAPECCHI Publi\u00e9 le 26 mai 2025 \u00e0 11h27 Le 20 mai 2025 au matin, les passants&hellip;\n","protected":false},"author":2,"featured_media":140699,"comment_status":"","ping_status":"","sticky":false,"template":"","format":"standard","meta":{"footnotes":""},"categories":[2820],"tags":[1111,11,1777,674,1011,27,20526,775,5701,1757,12,25,640],"class_list":{"0":"post-140698","1":"post","2":"type-post","3":"status-publish","4":"format-standard","5":"has-post-thumbnail","7":"category-strasbourg","8":"tag-actu","9":"tag-actualites","10":"tag-eu","11":"tag-europe","12":"tag-fr","13":"tag-france","14":"tag-gare-de-strasbourg","15":"tag-grand-est","16":"tag-innovation","17":"tag-insolite","18":"tag-news","19":"tag-republique-francaise","20":"tag-strasbourg"},"share_on_mastodon":{"url":"https:\/\/pubeurope.com\/@fr\/114600255477117808","error":""},"_links":{"self":[{"href":"https:\/\/www.europesays.com\/fr\/wp-json\/wp\/v2\/posts\/140698","targetHints":{"allow":["GET"]}}],"collection":[{"href":"https:\/\/www.europesays.com\/fr\/wp-json\/wp\/v2\/posts"}],"about":[{"href":"https:\/\/www.europesays.com\/fr\/wp-json\/wp\/v2\/types\/post"}],"author":[{"embeddable":true,"href":"https:\/\/www.europesays.com\/fr\/wp-json\/wp\/v2\/users\/2"}],"replies":[{"embeddable":true,"href":"https:\/\/www.europesays.com\/fr\/wp-json\/wp\/v2\/comments?post=140698"}],"version-history":[{"count":0,"href":"https:\/\/www.europesays.com\/fr\/wp-json\/wp\/v2\/posts\/140698\/revisions"}],"wp:featuredmedia":[{"embeddable":true,"href":"https:\/\/www.europesays.com\/fr\/wp-json\/wp\/v2\/media\/140699"}],"wp:attachment":[{"href":"https:\/\/www.europesays.com\/fr\/wp-json\/wp\/v2\/media?parent=140698"}],"wp:term":[{"taxonomy":"category","embeddable":true,"href":"https:\/\/www.europesays.com\/fr\/wp-json\/wp\/v2\/categories?post=140698"},{"taxonomy":"post_tag","embeddable":true,"href":"https:\/\/www.europesays.com\/fr\/wp-json\/wp\/v2\/tags?post=140698"}],"curies":[{"name":"wp","href":"https:\/\/api.w.org\/{rel}","templated":true}]}}