{"id":140713,"date":"2025-05-31T03:18:11","date_gmt":"2025-05-31T03:18:11","guid":{"rendered":"https:\/\/www.europesays.com\/fr\/140713\/"},"modified":"2025-05-31T03:18:11","modified_gmt":"2025-05-31T03:18:11","slug":"la-ville-rose-bat-un-record-de-chaleur","status":"publish","type":"post","link":"https:\/\/www.europesays.com\/fr\/140713\/","title":{"rendered":"la Ville rose bat un record de chaleur\u00a0!"},"content":{"rendered":"<p>            Par<br \/>\n        <strong><br \/>\n            <a href=\"https:\/\/actu.fr\/auteur\/marie-lamarque\" title=\"Consulter tous les articles de Marie Lamarque\" rel=\"nofollow noopener\" target=\"_blank\">Marie Lamarque<\/a><br \/>\n        <\/strong><\/p>\n<p>        Publi\u00e9 le<\/p>\n<p>            30 mai 2025 \u00e0 19h00        <\/p>\n<p>Une chaleur <a href=\"https:\/\/actu.fr\/toulouse\/\" rel=\"nofollow noopener\" target=\"_blank\">\u00e0 Toulouse<\/a>\u2026 Comme si on \u00e9tait en plein \u00e9t\u00e9. Certes, le mois de juin arrive \u00e0 tr\u00e8s grands pas, mais<strong> de telles valeurs sont bien in\u00e9dites <\/strong>\u00e0 cette p\u00e9riode de l\u2019ann\u00e9e. La Ville rose a connu <strong>un record mensuel<\/strong> avec pas moins de \u00ab\u00a0<strong>34,5\u00b0C<\/strong> enregistr\u00e9s au sein de la station Toulouse-Blagnac ce vendredi\u00a0\u00bb, indique <strong>Arthur Dandoy<\/strong>, pr\u00e9visionniste r\u00e9gional \u00e0 M\u00e9t\u00e9o-France, contact\u00e9 par Actu Toulouse.<\/p>\n<p>Record \u00e0 Toulouse\u2026 mais pas que<\/p>\n<p class=\" wall-content\">Toulouse vient donc de battre son record datant du 18 mai 2022 o\u00f9 il avait tout de m\u00eame fait <strong>33,4\u00b0C<\/strong> !<\/p>\n<p class=\" wall-content\">\n<p class=\" wall-content\">Mais ce n\u2019est pas la seule ville haut-garonnaise concern\u00e9e. <strong>Ayguesvives<\/strong> a aussi battu des records : <strong>34,1\u00b0C cet apr\u00e8s-midi, contre 33\u00b0C le 30 mai 2001<\/strong>.<\/p>\n<p class=\" wall-content\">Un peu plus loin, \u00e0 la fronti\u00e8re avec la Haute-Garonne, dans le d\u00e9partement de l\u2019Ari\u00e8ge, <strong>il a fait 32,6\u00b0C \u00e0 C\u00e9rizols, contre 32\u00b0C<\/strong> (son ancien record enregistr\u00e9 le 30 mai 2001).<\/p>\n<p>La cons\u00e9quence d\u2019un flux de sud<\/p>\n<p class=\" wall-content\">Ce pic de chaleur est engendr\u00e9 par \u00ab\u00a0un flux de sud \u00e0 tr\u00e8s grande \u00e9chelle qui ram\u00e8ne de l\u2019air plus chaud, notamment de l\u2019Espagne. Dans un contexte g\u00e9n\u00e9ral de climat qui se r\u00e9chauffe, cela donne ces temp\u00e9ratures \u00e9lev\u00e9es et on bat plus facilement des records\u00a0\u00bb, explique Arthur Dandoy.<\/p>\n<p>Vid\u00e9os : en ce moment sur ActuCette chaleur va-t-elle persister ?<\/p>\n<p class=\" wall-content\">Cette chaleur inhabituelle va-t-elle persister pour le reste du week-end ? M\u00e9t\u00e9o-France pr\u00e9voit <strong>une l\u00e9g\u00e8re baisse des temp\u00e9ratures<\/strong> : \u00ab\u00a0on ne devrait pas d\u00e9passer les 33\u00b0C samedi\u00a0\u00bb, observe le pr\u00e9visionniste.\u00a0<\/p>\n<p class=\" wall-content\">Surtout, les nuits resteront fra\u00eeches. De quoi chasser ces premi\u00e8res chaleurs et rafra\u00eechir son int\u00e9rieur. <strong>Il fera 18\u00b0C au lever du jour \u00e0 Toulouse<\/strong> ce samedi.<\/p>\n<p>    <img   decoding=\"async\" loading=\"lazy\" src=\"https:\/\/www.europesays.com\/fr\/wp-content\/uploads\/2025\/05\/meteo-toulouse-samedi-960x640.png\" alt=\"Les pr\u00e9visions \u00e0 Toulouse pour ce samedi 31 mai 2025.\" width=\"960\" height=\"640\"\/><br \/>\n    Les pr\u00e9visions \u00e0 Toulouse pour ce samedi 31 mai 2025. (\u00a9Capture d\u2019\u00e9cran \/ M\u00e9t\u00e9o-France)<\/p>\n<p class=\" wall-content\">Dimanche, des orages pourraient encore faire davantage tomber le mercure. \u00ab\u00a0Il y a un risque, plut\u00f4t en soir\u00e9e. Des Pyr\u00e9n\u00e9es, ils se dirigeront vers le Massif central. Toulouse sera peut-\u00eatre sur la trajectoire\u00a0\u00bb, annonce avec prudence le pr\u00e9visionniste.<\/p>\n<p>    <img   decoding=\"async\" loading=\"lazy\" src=\"https:\/\/www.europesays.com\/fr\/wp-content\/uploads\/2025\/05\/meteo-occitanie-dimanche-960x640.png\" alt=\"Des risques d'orages sont annonc\u00e9s \u00e0 Toulouse pour ce dimanche.\" width=\"960\" height=\"640\"\/><br \/>\n    Des risques d\u2019orages sont annonc\u00e9s \u00e0 Toulouse pour ce dimanche. (\u00a9Capture d\u2019\u00e9cran \/ M\u00e9t\u00e9o-France)<\/p>\n<p class=\" wall-content\">Suivez toute l\u2019actualit\u00e9 de vos villes et m\u00e9dias favoris en vous inscrivant \u00e0 <a href=\"https:\/\/moncompte.actu.fr\" title=\"D\u00e9couvez Mon Actu\" rel=\"nofollow noopener\" data-trk=\"{&quot;cta&quot;:{&quot;action&quot;:&quot;https:\\\/\\\/moncompte.actu.fr&quot;,&quot;category&quot;:&quot;mon compte&quot;,&quot;from&quot;:&quot;article footer&quot;,&quot;name&quot;:&quot;Mon actu&quot;,&quot;type&quot;:&quot;cta&quot;}}\" target=\"_blank\">Mon Actu<\/a>.<\/p>\n","protected":false},"excerpt":{"rendered":"Par Marie Lamarque Publi\u00e9 le 30 mai 2025 \u00e0 19h00 Une chaleur \u00e0 Toulouse\u2026 Comme si on \u00e9tait&hellip;\n","protected":false},"author":2,"featured_media":140714,"comment_status":"","ping_status":"","sticky":false,"template":"","format":"standard","meta":{"footnotes":""},"categories":[2816],"tags":[1111,11,1777,674,1011,27,2487,2357,12,2680,25,2312],"class_list":{"0":"post-140713","1":"post","2":"type-post","3":"status-publish","4":"format-standard","5":"has-post-thumbnail","7":"category-toulouse","8":"tag-actu","9":"tag-actualites","10":"tag-eu","11":"tag-europe","12":"tag-fr","13":"tag-france","14":"tag-meteo","15":"tag-meteo-france","16":"tag-news","17":"tag-occitanie","18":"tag-republique-francaise","19":"tag-toulouse"},"share_on_mastodon":{"url":"https:\/\/pubeurope.com\/@fr\/114600286886955594","error":""},"_links":{"self":[{"href":"https:\/\/www.europesays.com\/fr\/wp-json\/wp\/v2\/posts\/140713","targetHints":{"allow":["GET"]}}],"collection":[{"href":"https:\/\/www.europesays.com\/fr\/wp-json\/wp\/v2\/posts"}],"about":[{"href":"https:\/\/www.europesays.com\/fr\/wp-json\/wp\/v2\/types\/post"}],"author":[{"embeddable":true,"href":"https:\/\/www.europesays.com\/fr\/wp-json\/wp\/v2\/users\/2"}],"replies":[{"embeddable":true,"href":"https:\/\/www.europesays.com\/fr\/wp-json\/wp\/v2\/comments?post=140713"}],"version-history":[{"count":0,"href":"https:\/\/www.europesays.com\/fr\/wp-json\/wp\/v2\/posts\/140713\/revisions"}],"wp:featuredmedia":[{"embeddable":true,"href":"https:\/\/www.europesays.com\/fr\/wp-json\/wp\/v2\/media\/140714"}],"wp:attachment":[{"href":"https:\/\/www.europesays.com\/fr\/wp-json\/wp\/v2\/media?parent=140713"}],"wp:term":[{"taxonomy":"category","embeddable":true,"href":"https:\/\/www.europesays.com\/fr\/wp-json\/wp\/v2\/categories?post=140713"},{"taxonomy":"post_tag","embeddable":true,"href":"https:\/\/www.europesays.com\/fr\/wp-json\/wp\/v2\/tags?post=140713"}],"curies":[{"name":"wp","href":"https:\/\/api.w.org\/{rel}","templated":true}]}}