{"id":140715,"date":"2025-05-31T03:21:24","date_gmt":"2025-05-31T03:21:24","guid":{"rendered":"https:\/\/www.europesays.com\/fr\/140715\/"},"modified":"2025-05-31T03:21:24","modified_gmt":"2025-05-31T03:21:24","slug":"marseille-un-mineur-de-17-ans-tue-par-balle-dans-une-cite-deux-autres-personnes-blessees","status":"publish","type":"post","link":"https:\/\/www.europesays.com\/fr\/140715\/","title":{"rendered":"Marseille\u00a0: un mineur de 17\u00a0ans tu\u00e9 par balle dans une cit\u00e9, deux autres personnes bless\u00e9es"},"content":{"rendered":"<p class=\"paragraph text_align_left\">Un <a href=\"https:\/\/www.leparisien.fr\/faits-divers\/un-everest-de-folie-meurtriere-trois-membres-presumes-du-narcotrafic-condamnes-a-30-ans-de-reclusion-pour-un-triple-meurtre-a-marseille-en-2016-26-05-2025-U3WM2QPK4JGQJE5Y6TGURQRB5A.php\" target=\"_blank\" rel=\"noreferrer noopener\">nouveau mort<\/a>. Un jeune homme <a href=\"https:\/\/www.leparisien.fr\/faits-divers\/marseille-un-jeune-homme-tue-par-balle-sur-un-point-de-deal-03-02-2025-4JC3CGAXXRGDLMM4M7FTC5N4LY.php\" target=\"_blank\" rel=\"noreferrer noopener\">a \u00e9t\u00e9 tu\u00e9 par balles<\/a> dans la nuit de mardi \u00e0 ce mercredi \u00e0 Marseille (<a href=\"https:\/\/www.leparisien.fr\/bouches-du-rhone-13\/\" target=\"_blank\" rel=\"noreferrer noopener\">Bouches-du-Rh\u00f4ne<\/a>), dans une cit\u00e9 paup\u00e9ris\u00e9e du nord de la ville abritant une copropri\u00e9t\u00e9 tr\u00e8s d\u00e9grad\u00e9e, et deux autres ont \u00e9t\u00e9 bless\u00e9s plus l\u00e9g\u00e8rement, ont indiqu\u00e9 plusieurs sources \u00e0 l\u2019AFP. Selon le parquet de Marseille, joint par Le Parisien, la victime \u00e9tait \u00e2g\u00e9e de 17\u00a0ans.<\/p>\n<p class=\"paragraph text_align_left\">Les faits se sont produits autour de minuit. Les pompiers, qui ont transport\u00e9 les deux bless\u00e9s l\u00e9gers \u00e0 l\u2019h\u00f4pital, ont fait \u00e9tat d\u2019un quatri\u00e8me jeune choqu\u00e9 laiss\u00e9 sur place. Les victimes ont \u00e9t\u00e9 vis\u00e9es \u00e0 l\u2019arme de poing alors qu\u2019elles \u00e9taient dans un v\u00e9hicule en stationnement, selon le parquet. En tout, 25 marins-pompiers et sept engins ont \u00e9t\u00e9 mobilis\u00e9s, ont-ils indiqu\u00e9 \u00e0 l\u2019AFP.<\/p>\n<p>La victime touch\u00e9e au thorax et au cou<\/p>\n<p class=\"paragraph text_align_left\">La pr\u00e9fecture de police a confirm\u00e9 de son c\u00f4t\u00e9 un mort et deux bless\u00e9s, sans plus de d\u00e9tails. Selon une source polici\u00e8re, la victime a \u00e9t\u00e9 touch\u00e9e au thorax et dans le cou. Les auteurs des tirs sont repartis \u00e0 pied, d\u2019apr\u00e8s le parquet de Marseille. Ce dernier a ouvert une \u00ab\u00a0enqu\u00eate en flagrance pour assassinat, tentative d\u2019assassinat et association de malfaiteur\u00a0\u00bb. Aucune interpellation n\u2019a eu lieu \u00e0 ce stade.<\/p>\n<p class=\"paragraph text_align_left\">La cit\u00e9 des Rosiers, ensemble de grands immeubles roses dans le XIVe\u00a0arrondissement, fait partie des nombreuses copropri\u00e9t\u00e9s priv\u00e9es tr\u00e8s d\u00e9grad\u00e9es de Marseille, o\u00f9 s\u00e9vissent notamment les trafics de drogue et les marchands de sommeil.<\/p>\n","protected":false},"excerpt":{"rendered":"Un nouveau mort. Un jeune homme a \u00e9t\u00e9 tu\u00e9 par balles dans la nuit de mardi \u00e0 ce&hellip;\n","protected":false},"author":2,"featured_media":72168,"comment_status":"","ping_status":"","sticky":false,"template":"","format":"standard","meta":{"footnotes":""},"categories":[2814],"tags":[1111,11,11004,459,1777,674,118,1011,27,884,12,882,25],"class_list":{"0":"post-140715","1":"post","2":"type-post","3":"status-publish","4":"format-standard","5":"has-post-thumbnail","7":"category-marseille","8":"tag-actu","9":"tag-actualites","10":"tag-bouches-du-rhone-13","11":"tag-departements-horsidfo","12":"tag-eu","13":"tag-europe","14":"tag-faits-divers","15":"tag-fr","16":"tag-france","17":"tag-marseille","18":"tag-news","19":"tag-provence-alpes-cote-dazur","20":"tag-republique-francaise"},"share_on_mastodon":{"url":"https:\/\/pubeurope.com\/@fr\/114600298634661972","error":""},"_links":{"self":[{"href":"https:\/\/www.europesays.com\/fr\/wp-json\/wp\/v2\/posts\/140715","targetHints":{"allow":["GET"]}}],"collection":[{"href":"https:\/\/www.europesays.com\/fr\/wp-json\/wp\/v2\/posts"}],"about":[{"href":"https:\/\/www.europesays.com\/fr\/wp-json\/wp\/v2\/types\/post"}],"author":[{"embeddable":true,"href":"https:\/\/www.europesays.com\/fr\/wp-json\/wp\/v2\/users\/2"}],"replies":[{"embeddable":true,"href":"https:\/\/www.europesays.com\/fr\/wp-json\/wp\/v2\/comments?post=140715"}],"version-history":[{"count":0,"href":"https:\/\/www.europesays.com\/fr\/wp-json\/wp\/v2\/posts\/140715\/revisions"}],"wp:featuredmedia":[{"embeddable":true,"href":"https:\/\/www.europesays.com\/fr\/wp-json\/wp\/v2\/media\/72168"}],"wp:attachment":[{"href":"https:\/\/www.europesays.com\/fr\/wp-json\/wp\/v2\/media?parent=140715"}],"wp:term":[{"taxonomy":"category","embeddable":true,"href":"https:\/\/www.europesays.com\/fr\/wp-json\/wp\/v2\/categories?post=140715"},{"taxonomy":"post_tag","embeddable":true,"href":"https:\/\/www.europesays.com\/fr\/wp-json\/wp\/v2\/tags?post=140715"}],"curies":[{"name":"wp","href":"https:\/\/api.w.org\/{rel}","templated":true}]}}