{"id":140750,"date":"2025-05-31T03:43:09","date_gmt":"2025-05-31T03:43:09","guid":{"rendered":"https:\/\/www.europesays.com\/fr\/140750\/"},"modified":"2025-05-31T03:43:09","modified_gmt":"2025-05-31T03:43:09","slug":"resultats-de-la-france-aux-jop-paris2024-aurait-pu-mieux-faire","status":"publish","type":"post","link":"https:\/\/www.europesays.com\/fr\/140750\/","title":{"rendered":"R\u00e9sultats de la France aux JOP #Paris2024 : \u00ab\u00a0aurait pu mieux faire\u00a0\u00bb"},"content":{"rendered":"<p>Les Jeux de Paris 2024 ont offert \u00e0 la France ses meilleurs r\u00e9sultats olympiques depuis 1996. Mais derri\u00e8re ce bilan flatteur se cache une r\u00e9alit\u00e9 plus contrast\u00e9e : d\u00e9pendance \u00e0 quelques figures, effets pays h\u00f4te en demi-teinte, et dispositifs de performance pas toujours bien int\u00e9gr\u00e9s. Une r\u00e9ussite, certes\u2026 mais qui laisse un go\u00fbt d\u2019\u00ab aurait pu mieux faire \u00bb.<\/p>\n<p>Un bilan en demi teinte qu\u2019avait d\u00e9j\u00e0 analys\u00e9 Jean Pierre Bouchout au lendemain des jeux JOP #Paris2024<\/p>\n<p>R\u00e9sultats en trompe-l\u2019\u0153il<\/p>\n<p>Si les Jeux de Paris 2024 ont marqu\u00e9 un record de m\u00e9dailles pour la France (64 m\u00e9dailles olympiques, 75 paralympiques), le rapport nuance cette r\u00e9ussite :<\/p>\n<blockquote class=\"wp-block-quote is-layout-flow wp-block-quote-is-layout-flow\">\n<p>\u00ab Cette performance est remarquable, [mais] elle doit \u00eatre relativis\u00e9e \u00bb notamment en raison de \u00ab l\u2019absence de la Russie \u00bb et d\u2019une \u00ab forte d\u00e9pendance [\u2026] aux r\u00e9sultats de deux athl\u00e8tes \u00bb (L\u00e9on Marchand et Teddy Riner).<\/p>\n<\/blockquote>\n<p>Le classement olympique (5\u1d49 place) masque aussi une efficacit\u00e9 en recul : \u00ab Le ratio \u201cm\u00e9dailles d\u2019or pour 100 \u00e9preuves disput\u00e9es\u201d [\u2026] \u00e9tait plus \u00e9lev\u00e9 aux Jeux d\u2019Atlanta en 1996 (8,2%) et aux Jeux de Sydney en 2000 (6,6%) qu\u2019aux Jeux de Paris (6,1%). \u00bb<\/p>\n<p>Et en d\u00e9pit d\u2019un nombre in\u00e9dit d\u2019\u00e9preuves disput\u00e9es (263), certains pans du sport fran\u00e7ais peinent \u00e0 suivre : \u00ab L\u2019athl\u00e9tisme peine toujours \u00e0 enregistrer des r\u00e9sultats satisfaisants \u00bb avec \u00ab seulement une m\u00e9daille d\u2019argent malgr\u00e9 les 42 \u00e9preuves disput\u00e9es \u00bb.<\/p>\n<p>Un effet pays h\u00f4te en demi-teinte<\/p>\n<p>Le statut de pays h\u00f4te a eu un effet stimulant sur la taille des d\u00e9l\u00e9gations (+71% chez les olympiques, +77% chez les paralympiques), mais l\u2019impact est jug\u00e9 modeste en comparaison internationale : \u00ab La progression fran\u00e7aise reste [\u2026] plus mod\u00e9r\u00e9e [\u2026] que celle observ\u00e9e pour la Grande-Bretagne, le Br\u00e9sil ou le Japon. \u00bb<\/p>\n<p>Ainsi, l\u2019effet d\u2019accueil des Jeux \u00ab n\u2019a pas autant \u201csurperform\u00e9\u201d \u00bb qu\u2019esp\u00e9r\u00e9.<\/p>\n<p>Une strat\u00e9gie performante, mais pas pleinement efficace<\/p>\n<p>La strat\u00e9gie Ambition Bleue a structur\u00e9 un cadre solide, mais son impact r\u00e9el reste difficile \u00e0 isoler : \u00ab 82% des m\u00e9dailles d\u2019or fran\u00e7aises [ont \u00e9t\u00e9] remport\u00e9es par des athl\u00e8tes cibl\u00e9s \u00bb\u2026 mais \u00ab 18% des champions olympiques et paralympiques n\u2019\u00e9taient pas int\u00e9gr\u00e9s \u00e0 ces dispositifs \u00bb, ce qui \u00ab questionne la n\u00e9cessit\u00e9 d\u2019une plus grande flexibilit\u00e9 \u00bb.<\/p>\n<p>De m\u00eame, certains dispositifs cl\u00e9s ont \u00e9t\u00e9 insuffisamment connus ou utilis\u00e9s : \u00ab 52% des entra\u00eeneurs interrog\u00e9s d\u00e9clarent ne pas conna\u00eetre l\u2019existence [de la M\u00e9thode Orf\u00e8vre] \u00bb, y compris parmi ceux du Plan Coachs.<\/p>\n<p>Et des tensions ont frein\u00e9 la coordination : \u00ab Le processus de mise en \u0153uvre a \u00e9t\u00e9 per\u00e7u [\u2026] comme descendant, avec des injonctions venant de l\u2019ANS sans r\u00e9elle concertation \u00bb.<\/p>\n<p>Au final<\/p>\n<blockquote class=\"wp-block-quote is-layout-flow wp-block-quote-is-layout-flow\">\n<p>\u00ab La France a r\u00e9ussi ses Jeux de Paris avec des performances record \u00bb, mais \u00ab cette r\u00e9ussite s\u2019inscrit dans un contexte o\u00f9 la concurrence a \u00e9t\u00e9 l\u00e9g\u00e8rement att\u00e9nu\u00e9e \u00bb et o\u00f9 certaines disciplines \u00ab peinent encore \u00e0 rivaliser avec les autres grandes nations sportives \u00bb.<\/p>\n<\/blockquote>\n<p>Le rapport conclut, lucide : \u00ab L\u2019efficacit\u00e9 de cette strat\u00e9gie semble av\u00e9r\u00e9e, bien que perfectible \u00bb, et \u00ab son efficience ne peut \u00eatre r\u00e9ellement mesur\u00e9e \u00e0 ce jour \u00bb. Une \u00e9valuation \u00e0 moyen terme est donc indispensable pour juger si Ambition Bleue a r\u00e9ellement transform\u00e9 la performance tricolore ou seulement surf\u00e9 sur un contexte favorable.<\/p>\n<p>La synth\u00e8se <\/p>\n<p>La rapport <\/p>\n","protected":false},"excerpt":{"rendered":"Les Jeux de Paris 2024 ont offert \u00e0 la France ses meilleurs r\u00e9sultats olympiques depuis 1996. Mais derri\u00e8re&hellip;\n","protected":false},"author":2,"featured_media":140751,"comment_status":"","ping_status":"","sticky":false,"template":"","format":"standard","meta":{"footnotes":""},"categories":[4],"tags":[11,26834,1764,1011,27,12,25],"class_list":{"0":"post-140750","1":"post","2":"type-post","3":"status-publish","4":"format-standard","5":"has-post-thumbnail","7":"category-france","8":"tag-actualites","9":"tag-agence-nationale-du-sport","10":"tag-ans","11":"tag-fr","12":"tag-france","13":"tag-news","14":"tag-republique-francaise"},"share_on_mastodon":{"url":"https:\/\/pubeurope.com\/@fr\/114600385180457357","error":""},"_links":{"self":[{"href":"https:\/\/www.europesays.com\/fr\/wp-json\/wp\/v2\/posts\/140750","targetHints":{"allow":["GET"]}}],"collection":[{"href":"https:\/\/www.europesays.com\/fr\/wp-json\/wp\/v2\/posts"}],"about":[{"href":"https:\/\/www.europesays.com\/fr\/wp-json\/wp\/v2\/types\/post"}],"author":[{"embeddable":true,"href":"https:\/\/www.europesays.com\/fr\/wp-json\/wp\/v2\/users\/2"}],"replies":[{"embeddable":true,"href":"https:\/\/www.europesays.com\/fr\/wp-json\/wp\/v2\/comments?post=140750"}],"version-history":[{"count":0,"href":"https:\/\/www.europesays.com\/fr\/wp-json\/wp\/v2\/posts\/140750\/revisions"}],"wp:featuredmedia":[{"embeddable":true,"href":"https:\/\/www.europesays.com\/fr\/wp-json\/wp\/v2\/media\/140751"}],"wp:attachment":[{"href":"https:\/\/www.europesays.com\/fr\/wp-json\/wp\/v2\/media?parent=140750"}],"wp:term":[{"taxonomy":"category","embeddable":true,"href":"https:\/\/www.europesays.com\/fr\/wp-json\/wp\/v2\/categories?post=140750"},{"taxonomy":"post_tag","embeddable":true,"href":"https:\/\/www.europesays.com\/fr\/wp-json\/wp\/v2\/tags?post=140750"}],"curies":[{"name":"wp","href":"https:\/\/api.w.org\/{rel}","templated":true}]}}