{"id":140764,"date":"2025-05-31T03:53:11","date_gmt":"2025-05-31T03:53:11","guid":{"rendered":"https:\/\/www.europesays.com\/fr\/140764\/"},"modified":"2025-05-31T03:53:11","modified_gmt":"2025-05-31T03:53:11","slug":"le-conseil-de-donald-trump-a-emmanuel-macron-apres-sa-chamaillerie-avec-son-epouse","status":"publish","type":"post","link":"https:\/\/www.europesays.com\/fr\/140764\/","title":{"rendered":"le conseil de Donald Trump \u00e0 Emmanuel Macron apr\u00e8s sa \u00ab\u00a0chamaillerie\u00a0\u00bb avec son \u00e9pouse"},"content":{"rendered":"<p>Le pr\u00e9sident am\u00e9ricain Donald Trump a r\u00e9agi \u00e0 la vid\u00e9o virale montrant <a href=\"https:\/\/www.bfmtv.com\/politique\/elysee\/chamaillerie-emmanuel-macron-dement-une-scene-de-menage-avec-brigitte-macron_VN-202505260582.html\" rel=\"nofollow noopener\" target=\"_blank\" data-ylk=\"slk:Emmanuel Macron et Brigitte Macron &quot;se chamailler&quot;;elm:context_link;itc:0;sec:content-canvas\" class=\"link \">Emmanuel Macron et Brigitte Macron \u00ab\u00a0se chamailler\u00a0\u00bb<\/a> \u00e0 leur descente de leur avion au Vietnam.<\/p>\n<p>\u00ab\u00a0Faites en sorte que la porte soit ferm\u00e9e\u00a0\u00bb, a lanc\u00e9 Donald Trump en plaisantant. \u00ab\u00a0Je lui ai parl\u00e9 il va bien, ils vont bien, ce sont deux personnes de qualit\u00e9 que je connais bien. Je ne sais pas quelle \u00e9tait la raison de cette chamaillerie, mais ils vont tr\u00e8s bien\u00a0\u00bb.<\/p>\n<p>Le pr\u00e9sident de la R\u00e9publique avait \u00e9voqu\u00e9 un moment o\u00f9 son couple \u00ab\u00a0est en train de chamailler, et plut\u00f4t de plaisanter\u00a0\u00bb.<\/p>\n<p><b>&gt;&gt; Plus d&rsquo;informations \u00e0 venir sur BFMTV.com&#8230;<\/b><\/p>\n<p><a href=\"https:\/\/www.bfmtv.com\/international\/amerique-nord\/etats-unis\/donald-trump\/faites-en-sorte-que-la-porte-soit-fermee-le-conseil-de-donald-trump-a-emmanuel-macron-apres-sa-chamaillerie-avec-son-epouse_AN-202505300679.html#xtor=AL-68\" rel=\"nofollow noopener\" target=\"_blank\" data-ylk=\"slk:Article original publi\u00e9 sur BFMTV.com;elm:context_link;itc:0;sec:content-canvas\" class=\"link \">Article original publi\u00e9 sur BFMTV.com<\/a><\/p>\n","protected":false},"excerpt":{"rendered":"Le pr\u00e9sident am\u00e9ricain Donald Trump a r\u00e9agi \u00e0 la vid\u00e9o virale montrant Emmanuel Macron et Brigitte Macron \u00ab\u00a0se&hellip;\n","protected":false},"author":2,"featured_media":140765,"comment_status":"","ping_status":"","sticky":false,"template":"","format":"standard","meta":{"footnotes":""},"categories":[1359],"tags":[58,75,1073,59,1011,27,26835,973,7274,10253],"class_list":{"0":"post-140764","1":"post","2":"type-post","3":"status-publish","4":"format-standard","5":"has-post-thumbnail","7":"category-people","8":"tag-divertissement","9":"tag-donald-trump","10":"tag-emmanuel-macron","11":"tag-entertainment","12":"tag-fr","13":"tag-france","14":"tag-je-ne-sais-pas","15":"tag-people","16":"tag-president-americain","17":"tag-president-de-la-republique"},"share_on_mastodon":{"url":"https:\/\/pubeurope.com\/@fr\/114600424395910409","error":""},"_links":{"self":[{"href":"https:\/\/www.europesays.com\/fr\/wp-json\/wp\/v2\/posts\/140764","targetHints":{"allow":["GET"]}}],"collection":[{"href":"https:\/\/www.europesays.com\/fr\/wp-json\/wp\/v2\/posts"}],"about":[{"href":"https:\/\/www.europesays.com\/fr\/wp-json\/wp\/v2\/types\/post"}],"author":[{"embeddable":true,"href":"https:\/\/www.europesays.com\/fr\/wp-json\/wp\/v2\/users\/2"}],"replies":[{"embeddable":true,"href":"https:\/\/www.europesays.com\/fr\/wp-json\/wp\/v2\/comments?post=140764"}],"version-history":[{"count":0,"href":"https:\/\/www.europesays.com\/fr\/wp-json\/wp\/v2\/posts\/140764\/revisions"}],"wp:featuredmedia":[{"embeddable":true,"href":"https:\/\/www.europesays.com\/fr\/wp-json\/wp\/v2\/media\/140765"}],"wp:attachment":[{"href":"https:\/\/www.europesays.com\/fr\/wp-json\/wp\/v2\/media?parent=140764"}],"wp:term":[{"taxonomy":"category","embeddable":true,"href":"https:\/\/www.europesays.com\/fr\/wp-json\/wp\/v2\/categories?post=140764"},{"taxonomy":"post_tag","embeddable":true,"href":"https:\/\/www.europesays.com\/fr\/wp-json\/wp\/v2\/tags?post=140764"}],"curies":[{"name":"wp","href":"https:\/\/api.w.org\/{rel}","templated":true}]}}