{"id":140768,"date":"2025-05-31T03:57:09","date_gmt":"2025-05-31T03:57:09","guid":{"rendered":"https:\/\/www.europesays.com\/fr\/140768\/"},"modified":"2025-05-31T03:57:09","modified_gmt":"2025-05-31T03:57:09","slug":"les-feux-de-lamour-resume-de-lepisode-du-30-mai-2025-rtbf-resume-et-reactions","status":"publish","type":"post","link":"https:\/\/www.europesays.com\/fr\/140768\/","title":{"rendered":"Les Feux de l&rsquo;Amour: R\u00e9sum\u00e9 de l&rsquo;\u00e9pisode du 30 mai 2025 (Rtbf) | R\u00e9sum\u00e9 et r\u00e9actions"},"content":{"rendered":"<p>En arrivant au Society, <a href=\"https:\/\/www.soap-passion.com\/les-feux-de-l-amour\/personnage\/80-adam.html\" target=\"_blank\" rel=\"noopener\">Adam<\/a> croise <a href=\"https:\/\/www.soap-passion.com\/les-feux-de-l-amour\/personnage\/1602-sally.html\" target=\"_blank\" rel=\"noopener\">Sally<\/a>, qui de son c\u00f4t\u00e9, n&rsquo;a pas l&rsquo;air d&rsquo;avoir tr\u00e8s envie de lui adresser la parole. Surtout \u00e0 cause de ce qu&rsquo;il s&rsquo;est pass\u00e9 la fois derni\u00e8re&#8230; <a href=\"https:\/\/www.soap-passion.com\/les-feux-de-l-amour\/personnage\/80-adam.html\" target=\"_blank\" rel=\"noopener\">Adam<\/a> lui assure que cette fois, il est sobre. Il prend de ses nouvelles, et lui demande comment s&rsquo;est pass\u00e9 son repas de Thanksgiving ; <a href=\"https:\/\/www.soap-passion.com\/les-feux-de-l-amour\/personnage\/1602-sally.html\" target=\"_blank\" rel=\"noopener\">Sally<\/a> lui r\u00e9pond qu&rsquo;elle a pass\u00e9 Thanksgiving seule. Elle a simplement command\u00e9 de la nourriture, et a pass\u00e9 la soir\u00e9e a regarder un film&#8230; Mais rien qui ne le regarde vraiment. <a href=\"https:\/\/www.soap-passion.com\/les-feux-de-l-amour\/personnage\/1602-sally.html\" target=\"_blank\" rel=\"noopener\">Sally<\/a> pr\u00e9f\u00e9rerait d&rsquo;ailleurs se remettre \u00e0 travailler, mais <a href=\"https:\/\/www.soap-passion.com\/les-feux-de-l-amour\/personnage\/80-adam.html\" target=\"_blank\" rel=\"noopener\">Adam<\/a> insiste pour discuter avec elle quelques instants. <a href=\"https:\/\/www.soap-passion.com\/les-feux-de-l-amour\/personnage\/1602-sally.html\" target=\"_blank\" rel=\"noopener\">Sally<\/a> r\u00e9pond que ce ne sera pas possible, car elle attend d\u00e9j\u00e0 quelqu&rsquo;un. <a href=\"https:\/\/www.soap-passion.com\/les-feux-de-l-amour\/personnage\/80-adam.html\" target=\"_blank\" rel=\"noopener\">Adam<\/a> sait d\u00e9j\u00e0 de qui il s&rsquo;agit : C&rsquo;est probablement <a href=\"https:\/\/www.soap-passion.com\/les-feux-de-l-amour\/personnage\/6-nick.html\" target=\"_blank\" rel=\"noopener\">Nick<\/a>. Quoi qu&rsquo;il en soit, il tient \u00e0 s&rsquo;excuser pour la derni\u00e8re fois. L&rsquo;alcool et les peines de c\u0153ur ne font jamais bon m\u00e9nage&#8230; Il esp\u00e8re que &#8230;<\/p>\n<p>    R\u00e9serv\u00e9 aux abonn\u00e9s !<br \/>\n    &#8230; Il vous reste 93% de ce texte \u00e0 lire.<br \/>\n    <br \/>Soutenez Soap-Passion,  <a href=\"https:\/\/www.soap-passion.com\/login\" target=\"_blank\" rel=\"noopener\">abonnez-vous<\/a> pour lire la suite !<\/p>\n<p class=\"text-center fst-italic m-5 pb-5\">La s\u00e9rie <b>\u00ab\u00a0Les Feux de l&rsquo;Amour\u00a0\u00bb<\/b> est diffus\u00e9e quotidiennement  en Belgique sur la cha\u00eene RTBF \u00e0 11:55<\/p>\n<p>\u00a9 Soap-Passion.com &#8211; Reproduction compl\u00e8te ou partielle interdite <\/p>\n","protected":false},"excerpt":{"rendered":"En arrivant au Society, Adam croise Sally, qui de son c\u00f4t\u00e9, n&rsquo;a pas l&rsquo;air d&rsquo;avoir tr\u00e8s envie de&hellip;\n","protected":false},"author":2,"featured_media":140769,"comment_status":"","ping_status":"","sticky":false,"template":"","format":"standard","meta":{"footnotes":""},"categories":[1356],"tags":[58,59,1011,27,1375,252,1364],"class_list":{"0":"post-140768","1":"post","2":"type-post","3":"status-publish","4":"format-standard","5":"has-post-thumbnail","7":"category-television","8":"tag-divertissement","9":"tag-entertainment","10":"tag-fr","11":"tag-france","12":"tag-les-feux-de-l","13":"tag-television","14":"tag-tv"},"share_on_mastodon":{"url":"https:\/\/pubeurope.com\/@fr\/114600440294563086","error":""},"_links":{"self":[{"href":"https:\/\/www.europesays.com\/fr\/wp-json\/wp\/v2\/posts\/140768","targetHints":{"allow":["GET"]}}],"collection":[{"href":"https:\/\/www.europesays.com\/fr\/wp-json\/wp\/v2\/posts"}],"about":[{"href":"https:\/\/www.europesays.com\/fr\/wp-json\/wp\/v2\/types\/post"}],"author":[{"embeddable":true,"href":"https:\/\/www.europesays.com\/fr\/wp-json\/wp\/v2\/users\/2"}],"replies":[{"embeddable":true,"href":"https:\/\/www.europesays.com\/fr\/wp-json\/wp\/v2\/comments?post=140768"}],"version-history":[{"count":0,"href":"https:\/\/www.europesays.com\/fr\/wp-json\/wp\/v2\/posts\/140768\/revisions"}],"wp:featuredmedia":[{"embeddable":true,"href":"https:\/\/www.europesays.com\/fr\/wp-json\/wp\/v2\/media\/140769"}],"wp:attachment":[{"href":"https:\/\/www.europesays.com\/fr\/wp-json\/wp\/v2\/media?parent=140768"}],"wp:term":[{"taxonomy":"category","embeddable":true,"href":"https:\/\/www.europesays.com\/fr\/wp-json\/wp\/v2\/categories?post=140768"},{"taxonomy":"post_tag","embeddable":true,"href":"https:\/\/www.europesays.com\/fr\/wp-json\/wp\/v2\/tags?post=140768"}],"curies":[{"name":"wp","href":"https:\/\/api.w.org\/{rel}","templated":true}]}}