{"id":140777,"date":"2025-05-31T04:03:09","date_gmt":"2025-05-31T04:03:09","guid":{"rendered":"https:\/\/www.europesays.com\/fr\/140777\/"},"modified":"2025-05-31T04:03:09","modified_gmt":"2025-05-31T04:03:09","slug":"sony-ne-produira-plus-ses-propres-smartphones-haut-de-gamme-des-sous-traitants-sen-chargeront","status":"publish","type":"post","link":"https:\/\/www.europesays.com\/fr\/140777\/","title":{"rendered":"Sony ne produira plus ses propres smartphones haut de gamme, des sous-traitants s&rsquo;en chargeront"},"content":{"rendered":"<p>Malgr\u00e9 une part de march\u00e9 infinit\u00e9simale, Sony continue de creuser son sillon dans le secteur des smartphones. Le constructeur propose m\u00eame un catalogue complet de mod\u00e8les, y compris du tr\u00e8s haut de gamme\u2026 qui ne sera plus produit par les usines du groupe.<\/p>\n<p>Les smartphones <strong>Xperia<\/strong> n\u2019ont jamais su s\u2019imposer face aux cadors du march\u00e9, malgr\u00e9 le soin apport\u00e9 au design et \u00e0 la prestigieuse signature <strong>Sony<\/strong>. Malgr\u00e9 le d\u00e9sint\u00e9r\u00eat manifeste des consommateurs, le constructeur trace sa route et continue de sortir de nouveaux mod\u00e8les \u2014 c\u2019est qu\u2019ils doivent bien se vendre, apr\u00e8s tout\u00a0!<\/p>\n<p> Sony change de fusil d\u2019\u00e9paule pour la production <\/p>\n<p>Sony a ainsi lanc\u00e9 d\u00e9but mai le Xperia 1 VII, un smartphone dot\u00e9 d\u2019un \u00e9cran OLED de 6,5 pouces, une puce Snapdragon 8 Elite, 12\u00a0Go de RAM, un bloc appareil photo avec 3 capteurs Zeiss (dont un grand angle 48 mpx), un DAC et une batterie de 5\u00a0000 mAh. L\u2019appareil fonctionne sous Android 15 et b\u00e9n\u00e9ficiera de 4 mises \u00e0 jour Android.<\/p>\n<p>Ce mod\u00e8le n\u2019a pas l\u2019air de d\u00e9m\u00e9riter, son seul gros probl\u00e8me en fin de compte, c\u2019est son prix\u00a0: il d\u00e9bute en effet \u00e0 1\u00a0499\u00a0\u20ac, ce qui le place au niveau des smartphones les plus on\u00e9reux et les plus avanc\u00e9s du march\u00e9. Une proposition difficile \u00e0 avaler alors que Sony est un lointain challenger derri\u00e8re Samsung ou Apple.<\/p>\n<p>Cela pourrait cependant changer. Selon les m\u00e9dias japonais repris par GSM Arena, Sony va faire assembler ses smartphones haut de gamme par des sous-traitants. Comme Apple pour ses iPhone, construits chez Foxconn. Ce n\u2019est pas une premi\u00e8re pour le constructeur japonais, puisqu\u2019il fait d\u00e9j\u00e0 d\u00e9j\u00e0 construire ses smartphones milieu de gamme de la sorte depuis un moment.<\/p>\n<p>La production de la gamme Xperia 1 \u00e9tait jusqu\u2019\u00e0 pr\u00e9sent prise en charge par les sites Sony bas\u00e9e en Tha\u00eflande et en Chine. On ignore le nom de l\u2019heureux \u00e9lu charg\u00e9 de cette production externalis\u00e9e, qui a justement d\u00e9but\u00e9e avec le Xperia 1 VII. Malheureusement, \u00e7a n\u2019a pas eu d\u2019impact sur son prix\u00a0!<\/p>\n<blockquote>\n<p class=\"text-base text-neutral-700 dark:text-neutral-300\">\ud83d\udd34 Pour ne manquer aucune actualit\u00e9 de 01net, suivez-nous sur <a href=\"https:\/\/news.google.com\/publications\/CAAqBwgKMJPsvAswoIfUAw?hl=fr&amp;gl=FR&amp;ceid=FR%3Afr\" target=\"_blank\" rel=\"noopener\">Google Actualit\u00e9s<\/a> et <a href=\"https:\/\/whatsapp.com\/channel\/0029VaH5gKg6xCSG9nQQhQ1Z\" target=\"_blank\" rel=\"noopener\">WhatsApp<\/a>.<\/p>\n<\/blockquote>\n<p class=\"post-source\">\n            Source :<br \/>\n            <a href=\"https:\/\/www.gsmarena.com\/sony_is_reportedly_turning_to_thirdparty_manufacturers_for_its_highend_phones-news-68013.php\" target=\"_blank\" rel=\"noopener\"><br \/>\n              GSM Arena<br \/>\n            <\/a>\n          <\/p>\n","protected":false},"excerpt":{"rendered":"Malgr\u00e9 une part de march\u00e9 infinit\u00e9simale, Sony continue de creuser son sillon dans le secteur des smartphones. Le&hellip;\n","protected":false},"author":2,"featured_media":140778,"comment_status":"","ping_status":"","sticky":false,"template":"","format":"standard","meta":{"footnotes":""},"categories":[7],"tags":[1011,27,43,40,41,39,8209,42,44,26837],"class_list":{"0":"post-140777","1":"post","2":"type-post","3":"status-publish","4":"format-standard","5":"has-post-thumbnail","7":"category-sciences-et-technologies","8":"tag-fr","9":"tag-france","10":"tag-science","11":"tag-science-and-technology","12":"tag-sciences","13":"tag-sciences-et-technologies","14":"tag-sony","15":"tag-technologies","16":"tag-technology","17":"tag-xperia"},"share_on_mastodon":{"url":"https:\/\/pubeurope.com\/@fr\/114600463804641062","error":""},"_links":{"self":[{"href":"https:\/\/www.europesays.com\/fr\/wp-json\/wp\/v2\/posts\/140777","targetHints":{"allow":["GET"]}}],"collection":[{"href":"https:\/\/www.europesays.com\/fr\/wp-json\/wp\/v2\/posts"}],"about":[{"href":"https:\/\/www.europesays.com\/fr\/wp-json\/wp\/v2\/types\/post"}],"author":[{"embeddable":true,"href":"https:\/\/www.europesays.com\/fr\/wp-json\/wp\/v2\/users\/2"}],"replies":[{"embeddable":true,"href":"https:\/\/www.europesays.com\/fr\/wp-json\/wp\/v2\/comments?post=140777"}],"version-history":[{"count":0,"href":"https:\/\/www.europesays.com\/fr\/wp-json\/wp\/v2\/posts\/140777\/revisions"}],"wp:featuredmedia":[{"embeddable":true,"href":"https:\/\/www.europesays.com\/fr\/wp-json\/wp\/v2\/media\/140778"}],"wp:attachment":[{"href":"https:\/\/www.europesays.com\/fr\/wp-json\/wp\/v2\/media?parent=140777"}],"wp:term":[{"taxonomy":"category","embeddable":true,"href":"https:\/\/www.europesays.com\/fr\/wp-json\/wp\/v2\/categories?post=140777"},{"taxonomy":"post_tag","embeddable":true,"href":"https:\/\/www.europesays.com\/fr\/wp-json\/wp\/v2\/tags?post=140777"}],"curies":[{"name":"wp","href":"https:\/\/api.w.org\/{rel}","templated":true}]}}