{"id":140779,"date":"2025-05-31T04:04:09","date_gmt":"2025-05-31T04:04:09","guid":{"rendered":"https:\/\/www.europesays.com\/fr\/140779\/"},"modified":"2025-05-31T04:04:09","modified_gmt":"2025-05-31T04:04:09","slug":"trump-soigne-la-sortie-de-musk-qui-veut-rester-son-ami-et-conseiller-actualites","status":"publish","type":"post","link":"https:\/\/www.europesays.com\/fr\/140779\/","title":{"rendered":"Trump soigne la sortie de Musk, qui veut rester son \u00ab\u00a0ami\u00a0\u00bb et \u00ab\u00a0conseiller\u00a0\u00bb : Actualit\u00e9s"},"content":{"rendered":"<p class=\"lead \">Donald Trump a soign\u00e9 vendredi la sortie d&rsquo;Elon Musk, qui a assur\u00e9 vouloir rester \u00ab\u00a0l&rsquo;ami et le conseiller\u00a0\u00bb du pr\u00e9sident am\u00e9ricain, tout en balayant de r\u00e9centes r\u00e9v\u00e9lations sur sa consommation de drogue.<\/p>\n<p class=\"lead \">Leur conf\u00e9rence de presse commune dans le Bureau ovale, marquant la fin de l&rsquo;in\u00e9dite aventure gouvernementale du multimilliardaire, a pris d&#8217;embl\u00e9e une tournure curieuse, puisque le patron de SpaceX, Tesla et du r\u00e9seau X est apparu avec un oeil au beurre noir, selon lui caus\u00e9 en jouant avec son petit gar\u00e7on.<\/p>\n<p class=\"lead \">Donald Trump a salu\u00e9 la mission de r\u00e9duction de la d\u00e9pense publique men\u00e9e par l&rsquo;homme le plus riche du monde, estimant que \u00ab\u00a0les Am\u00e9ricains avaient une dette\u00a0\u00bb envers lui. Le pr\u00e9sident am\u00e9ricain a aussi condamn\u00e9 \u00ab\u00a0les scandaleuses attaques, les calomnies et les mensonges\u00a0\u00bb ayant selon lui vis\u00e9 Elon Musk.<\/p>\n<p class=\"lead \">Lequel s&rsquo;est bien gard\u00e9 de critiquer \u00e0 nouveau les orientations budg\u00e9taires selon lui trop dispendieuses de Donald Trump, apr\u00e8s avoir confi\u00e9 dans une interview \u00eatre \u00ab\u00a0d\u00e9\u00e7u\u00a0\u00bb par une grande loi \u00e9conomique actuellement examin\u00e9e au Congr\u00e8s.<\/p>\n<p class=\"lead \">Elon Musk a seulement d\u00e9plor\u00e9 devant les journalistes que le Doge, le \u00ab\u00a0d\u00e9partement \u00e0 l&rsquo;efficacit\u00e9 gouvernementale\u00a0\u00bb qu&rsquo;il a pilot\u00e9, soit devenu un \u00ab\u00a0croque-mitaine\u00a0\u00bb accus\u00e9 \u00e0 tort de vouloir sabrer certaines d\u00e9penses.<\/p>\n<p class=\"lead \">Donald Trump a offert \u00e0 son alli\u00e9, premier contributeur de sa campagne \u00e9lectorale, une cl\u00e9 en or et assur\u00e9 que son alli\u00e9 ferait \u00e0 l&rsquo;avenir des \u00ab\u00a0all\u00e9es et venues\u00a0\u00bb avec la Maison Blanche, comme pour couper court aux rumeurs sur un froid entre les deux hommes.<\/p>\n<p class=\"lead \">&#8211; K\u00e9tamine, ecstasy, champignons &#8211;<\/p>\n<p class=\"lead \">Elon Musk a par ailleurs balay\u00e9 les informations du New York Times vendredi avan\u00e7ant qu&rsquo;il a consomm\u00e9 d&rsquo;importantes quantit\u00e9s de drogues, mais sans y r\u00e9pondre sur le fond.<\/p>\n<p class=\"lead \">Il a plut\u00f4t accus\u00e9 le grand quotidien d&rsquo;avoir propag\u00e9 des \u00ab\u00a0mensonges\u00a0\u00bb sur les relations entre Donald Trump et la Russie: \u00ab\u00a0C&rsquo;est de ce New York Times dont on parle ? Passons \u00e0 autre chose.\u00a0\u00bb<\/p>\n<p class=\"lead \">Le journal affirme que pendant la campagne \u00e9lectorale, l&rsquo;entrepreneur consommait d&rsquo;importantes quantit\u00e9s de k\u00e9tamine, un anesth\u00e9siant aux effets stimulants, mais aussi de l&rsquo;ecstasy, des champignons hallucinog\u00e8nes et des m\u00e9dicaments.<\/p>\n<p class=\"lead \">Plus tard, quand un journaliste a demand\u00e9 \u00e0 Donald Trump \u00e9tait \u00ab\u00a0au courant de l&rsquo;usage r\u00e9gulier de drogues par Elon Musk\u00a0\u00bb, le pr\u00e9sident a r\u00e9pondu: \u00ab\u00a0je ne l&rsquo;\u00e9tais pas\u00a0\u00bb. Avant d&rsquo;ajouter: \u00ab\u00a0je pense qu&rsquo;Elon est un type fantastique\u00a0\u00bb.<\/p>\n<p class=\"lead \">Tout de noir v\u00eatu et coiff\u00e9 comme \u00e0 son habitude d&rsquo;une casquette, Elon Musk, coutumier des apparitions publiques bizarres, n&rsquo;a pas d\u00e9rog\u00e9 \u00e0 la r\u00e8gle vendredi, avec son ecchymose bien visible \u00e0 l&rsquo;oeil droit.<\/p>\n<p class=\"lead \">Le multimilliardaire a assur\u00e9 qu&rsquo;il avait re\u00e7u un coup de son fils: \u00ab\u00a0Je m&rsquo;amusais avec le petit X et je lui ai dit de me frapper au visage. Et il l&rsquo;a fait\u00a0\u00bb.<\/p>\n<p class=\"lead \">Le petit gar\u00e7on \u00e2g\u00e9 de cinq ans, que l&rsquo;on avait vu se curant le nez en f\u00e9vrier dernier aux c\u00f4t\u00e9s de son p\u00e8re dans le Bureau ovale, ne l&rsquo;accompagnait pas vendredi. <\/p>\n<p class=\"lead \">\u00ab\u00a0Je n&rsquo;\u00e9tais pas du tout \u00e0 proximit\u00e9 de la France\u00a0\u00bb, a aussi plaisant\u00e9 l&rsquo;entrepreneur, faisant allusion \u00e0 une r\u00e9cente vid\u00e9o dans laquelle on voit Brigitte Macron tendre vivement les mains vers le visage de son mari, le pr\u00e9sident Emmanuel Macron, \u00e0 la sortie d&rsquo;un avion.<\/p>\n<p class=\"lead \">&#8211; Conseil conjugal &#8211;<\/p>\n<p class=\"lead \">Entre des questions sur Gaza, la Chine ou le budget, Donald Trump a \u00e9t\u00e9 interrog\u00e9 sur cette sc\u00e8ne devenue virale.<\/p>\n<p class=\"lead \">Le pr\u00e9sident am\u00e9ricain, amus\u00e9, a lanc\u00e9 en guise de conseil conjugal: \u00ab\u00a0Il faut s&rsquo;assurer que la porte est bien ferm\u00e9e\u00a0\u00bb. Avant d&rsquo;ajouter: \u00ab\u00a0Je lui ai parl\u00e9, et il va bien, ils vont bien\u00a0\u00bb.<\/p>\n<p class=\"lead \">Sous la houlette d&rsquo;Elon Musk, Doge a initi\u00e9 des coupes massives dans l&rsquo;aide internationale, des fermetures d&rsquo;agences f\u00e9d\u00e9rales enti\u00e8res et des milliers de licenciements de fonctionnaires.<\/p>\n<p class=\"lead \">Mais il n&rsquo;a pas, loin de l\u00e0, atteint les objectifs extr\u00eamement drastiques qu&rsquo;il s&rsquo;\u00e9tait fix\u00e9s. Son action a aussi \u00e9t\u00e9 marqu\u00e9e par des accrochages parfois publics avec des ministres et conseillers de Donald Trump.<\/p>\n<p class=\"lead \">Le multimilliardaire a r\u00e9p\u00e9t\u00e9 vendredi qu&rsquo;\u00e0 terme, le Doge, critiqu\u00e9 pour ses m\u00e9thodes brutales et opaques, arriverait \u00e0 r\u00e9duire de \u00ab\u00a01.000 milliards de dollars\u00a0\u00bb le \u00ab\u00a0gaspillage\u00a0\u00bb dans la d\u00e9pense publique, un chiffre jug\u00e9 irr\u00e9aliste par tous les experts.<\/p>\n<p class=\"lead \">Un site ind\u00e9pendant, le \u00ab\u00a0Doge Tracker\u00a0\u00bb, arrive \u00e0 un total de seulement 12 milliards de dollars \u00e9conomis\u00e9s jusqu&rsquo;ici.<\/p>\n<p class=\"lead \">L&rsquo;action d&rsquo;Elon Musk au gouvernement l&rsquo;a rendu tr\u00e8s impopulaire aux Etats-Unis, tandis qu&rsquo;en Europe, sa d\u00e9fense des id\u00e9es et partis de l&rsquo;extr\u00eame droite a suscit\u00e9 l&rsquo;indignation dans plusieurs pays.<\/p>\n<p class=\"small font-weight-bold text-gray3 \"> publi\u00e9 le 31 mai \u00e0 04h46, AFP<\/p>\n<p>                             Partager<\/p>\n","protected":false},"excerpt":{"rendered":"Donald Trump a soign\u00e9 vendredi la sortie d&rsquo;Elon Musk, qui a assur\u00e9 vouloir rester \u00ab\u00a0l&rsquo;ami et le conseiller\u00a0\u00bb&hellip;\n","protected":false},"author":2,"featured_media":140780,"comment_status":"","ping_status":"","sticky":false,"template":"","format":"standard","meta":{"footnotes":""},"categories":[6],"tags":[646,35,13789,33,34,313,1011,27,418,693,41,308],"class_list":{"0":"post-140779","1":"post","2":"type-post","3":"status-publish","4":"format-standard","5":"has-post-thumbnail","7":"category-economie","8":"tag-automobile","9":"tag-business","10":"tag-dirigeants","11":"tag-economie","12":"tag-economy","13":"tag-entreprises","14":"tag-fr","15":"tag-france","16":"tag-gouvernement","17":"tag-industrie","18":"tag-sciences","19":"tag-usa"},"share_on_mastodon":{"url":"https:\/\/pubeurope.com\/@fr\/114600467952966434","error":""},"_links":{"self":[{"href":"https:\/\/www.europesays.com\/fr\/wp-json\/wp\/v2\/posts\/140779","targetHints":{"allow":["GET"]}}],"collection":[{"href":"https:\/\/www.europesays.com\/fr\/wp-json\/wp\/v2\/posts"}],"about":[{"href":"https:\/\/www.europesays.com\/fr\/wp-json\/wp\/v2\/types\/post"}],"author":[{"embeddable":true,"href":"https:\/\/www.europesays.com\/fr\/wp-json\/wp\/v2\/users\/2"}],"replies":[{"embeddable":true,"href":"https:\/\/www.europesays.com\/fr\/wp-json\/wp\/v2\/comments?post=140779"}],"version-history":[{"count":0,"href":"https:\/\/www.europesays.com\/fr\/wp-json\/wp\/v2\/posts\/140779\/revisions"}],"wp:featuredmedia":[{"embeddable":true,"href":"https:\/\/www.europesays.com\/fr\/wp-json\/wp\/v2\/media\/140780"}],"wp:attachment":[{"href":"https:\/\/www.europesays.com\/fr\/wp-json\/wp\/v2\/media?parent=140779"}],"wp:term":[{"taxonomy":"category","embeddable":true,"href":"https:\/\/www.europesays.com\/fr\/wp-json\/wp\/v2\/categories?post=140779"},{"taxonomy":"post_tag","embeddable":true,"href":"https:\/\/www.europesays.com\/fr\/wp-json\/wp\/v2\/tags?post=140779"}],"curies":[{"name":"wp","href":"https:\/\/api.w.org\/{rel}","templated":true}]}}