{"id":140787,"date":"2025-05-31T04:08:10","date_gmt":"2025-05-31T04:08:10","guid":{"rendered":"https:\/\/www.europesays.com\/fr\/140787\/"},"modified":"2025-05-31T04:08:10","modified_gmt":"2025-05-31T04:08:10","slug":"pourquoi-la-ville-nen-veut-pas","status":"publish","type":"post","link":"https:\/\/www.europesays.com\/fr\/140787\/","title":{"rendered":"pourquoi la Ville n\u2019en veut pas"},"content":{"rendered":"<p>D\u00e9j\u00e0 en d\u00e9but d\u2019ann\u00e9e, <a href=\"https:\/\/www.leprogres.fr\/faits-divers-justice\/2025\/01\/28\/la-boule-du-cros-encore-cambriolee-l-impression-d-etre-une-cible\" target=\"_blank\" rel=\"nofollow noopener\"> \u00e0 la suite d\u2019un cambriolage dont avait \u00e9t\u00e9 victime la Boule ind\u00e9pendante du Cros<\/a>, Antoine Chatagnon, son pr\u00e9sident, avait affirm\u00e9 sa volont\u00e9 de r\u00e9troc\u00e9der les locaux de l\u2019association, cr\u00e9\u00e9e il y a cent quarante-deux ans, \u00e0 la Ville.<\/p>\n<p>Cinq mois plus tard, il r\u00e9it\u00e8re sa demande. \u00ab\u00a0Depuis bient\u00f4t dix ans, nous avons mis sur pied un projet d\u2019am\u00e9nagement des locaux. Avec l\u2019appui du conseil de quartier, de la ville et des diff\u00e9rents \u00e9lus, des travaux \u00e9taient pr\u00e9vus. La r\u00e9novation des portes et fen\u00eatres, la mise aux normes de s\u00e9curit\u00e9 pour l\u2019accueil et l\u2019agrandissement de&#8230;<\/p>\n","protected":false},"excerpt":{"rendered":"D\u00e9j\u00e0 en d\u00e9but d\u2019ann\u00e9e, \u00e0 la suite d\u2019un cambriolage dont avait \u00e9t\u00e9 victime la Boule ind\u00e9pendante du Cros,&hellip;\n","protected":false},"author":2,"featured_media":140788,"comment_status":"","ping_status":"","sticky":false,"template":"","format":"standard","meta":{"footnotes":""},"categories":[9653],"tags":[1111,11,2430,7539,1777,674,1011,27,12,25,4001,7538,801],"class_list":{"0":"post-140787","1":"post","2":"type-post","3":"status-publish","4":"format-standard","5":"has-post-thumbnail","7":"category-saint-etienne","8":"tag-actu","9":"tag-actualites","10":"tag-auvergne-rhone-alpes","11":"tag-edition-loire-sud","12":"tag-eu","13":"tag-europe","14":"tag-fr","15":"tag-france","16":"tag-news","17":"tag-republique-francaise","18":"tag-saint-etienne","19":"tag-saint-etienne-ville","20":"tag-social"},"share_on_mastodon":{"url":"https:\/\/pubeurope.com\/@fr\/114600483438818023","error":""},"_links":{"self":[{"href":"https:\/\/www.europesays.com\/fr\/wp-json\/wp\/v2\/posts\/140787","targetHints":{"allow":["GET"]}}],"collection":[{"href":"https:\/\/www.europesays.com\/fr\/wp-json\/wp\/v2\/posts"}],"about":[{"href":"https:\/\/www.europesays.com\/fr\/wp-json\/wp\/v2\/types\/post"}],"author":[{"embeddable":true,"href":"https:\/\/www.europesays.com\/fr\/wp-json\/wp\/v2\/users\/2"}],"replies":[{"embeddable":true,"href":"https:\/\/www.europesays.com\/fr\/wp-json\/wp\/v2\/comments?post=140787"}],"version-history":[{"count":0,"href":"https:\/\/www.europesays.com\/fr\/wp-json\/wp\/v2\/posts\/140787\/revisions"}],"wp:featuredmedia":[{"embeddable":true,"href":"https:\/\/www.europesays.com\/fr\/wp-json\/wp\/v2\/media\/140788"}],"wp:attachment":[{"href":"https:\/\/www.europesays.com\/fr\/wp-json\/wp\/v2\/media?parent=140787"}],"wp:term":[{"taxonomy":"category","embeddable":true,"href":"https:\/\/www.europesays.com\/fr\/wp-json\/wp\/v2\/categories?post=140787"},{"taxonomy":"post_tag","embeddable":true,"href":"https:\/\/www.europesays.com\/fr\/wp-json\/wp\/v2\/tags?post=140787"}],"curies":[{"name":"wp","href":"https:\/\/api.w.org\/{rel}","templated":true}]}}