{"id":140807,"date":"2025-05-31T04:21:33","date_gmt":"2025-05-31T04:21:33","guid":{"rendered":"https:\/\/www.europesays.com\/fr\/140807\/"},"modified":"2025-05-31T04:21:33","modified_gmt":"2025-05-31T04:21:33","slug":"un-jeune-homme-de-23-ans-se-noie-dans-un-etang","status":"publish","type":"post","link":"https:\/\/www.europesays.com\/fr\/140807\/","title":{"rendered":"un jeune homme de 23 ans se noie dans un \u00e9tang"},"content":{"rendered":"<p>            Par<br \/>\n        <strong><br \/>\n            <a href=\"https:\/\/actu.fr\/auteur\/laurene-fertin\" title=\"Consulter tous les articles de Laur\u00e8ne Fertin\" rel=\"nofollow noopener\" target=\"_blank\">Laur\u00e8ne Fertin<\/a><br \/>\n        <\/strong><\/p>\n<p>        Publi\u00e9 le<\/p>\n<p>            30 mai 2025 \u00e0 9h55        <\/p>\n<p>Triste nouvelle, jeudi 29\u00a0mai 2025. Les <strong>sapeurs-pompiers<\/strong> sont intervenus dans la commune de <strong>Thorign\u00e9-Fouillard,<\/strong> non loin de Rennes (Ille-et-Vilaine), vers 19h30.<\/p>\n<p class=\" wall-content\">Un jeune homme de <strong>23\u00a0ans<\/strong> a \u00e9t\u00e9 retrouv\u00e9 <strong>mort <\/strong>dans l\u2019\u00c9tang des No\u00e9s, rue de l\u2019\u00e9tang.<\/p>\n<p>    <a href=\"https:\/\/www.google.com\/maps\/embed?pb=!3m2!1sfr!2sfr!4v1748591336473!5m2!1sfr!2sfr!6m8!1m7!1svHEQMFmK3Ue6rKd4heLWWw!2m2!1d48.15361475569213!2d-1.575477086258545!3f297.9045!4f0!5f0.7820865974627469\" title=\"Ouvrie le lien\" rel=\"nofollow noopener\" target=\"_blank\">Cliquez ici pour visualiser le contenu<\/a><\/p>\n<p>Des tentatives de r\u00e9animation<\/p>\n<p class=\" wall-content\">Sorti de l\u2019eau par sa famille, la victime a b\u00e9n\u00e9fici\u00e9 des premiers soins mais, <strong>malgr\u00e9 les tentatives de r\u00e9animation <\/strong>r\u00e9alis\u00e9es ensuite par les trois sapeurs-pompiers sur place, il a \u00e9t\u00e9 d\u00e9clar\u00e9 <strong>d\u00e9c\u00e9d\u00e9<\/strong> par le SMUR.<\/p>\n<p class=\" wall-content\">Suivez toute l\u2019actualit\u00e9 de vos villes et m\u00e9dias favoris en vous inscrivant \u00e0 <a href=\"https:\/\/moncompte.actu.fr\" title=\"D\u00e9couvez Mon Actu\" rel=\"nofollow noopener\" data-trk=\"{&quot;cta&quot;:{&quot;action&quot;:&quot;https:\\\/\\\/moncompte.actu.fr&quot;,&quot;category&quot;:&quot;mon compte&quot;,&quot;from&quot;:&quot;article footer&quot;,&quot;name&quot;:&quot;Mon actu&quot;,&quot;type&quot;:&quot;cta&quot;}}\" target=\"_blank\">Mon Actu<\/a>.<\/p>\n","protected":false},"excerpt":{"rendered":"Par Laur\u00e8ne Fertin Publi\u00e9 le 30 mai 2025 \u00e0 9h55 Triste nouvelle, jeudi 29\u00a0mai 2025. Les sapeurs-pompiers sont&hellip;\n","protected":false},"author":2,"featured_media":140808,"comment_status":"","ping_status":"","sticky":false,"template":"","format":"standard","meta":{"footnotes":""},"categories":[2821],"tags":[1111,11,829,1777,674,118,1011,27,12,1311,584,25],"class_list":{"0":"post-140807","1":"post","2":"type-post","3":"status-publish","4":"format-standard","5":"has-post-thumbnail","7":"category-rennes","8":"tag-actu","9":"tag-actualites","10":"tag-bretagne","11":"tag-eu","12":"tag-europe","13":"tag-faits-divers","14":"tag-fr","15":"tag-france","16":"tag-news","17":"tag-pompiers","18":"tag-rennes","19":"tag-republique-francaise"},"share_on_mastodon":{"url":"https:\/\/pubeurope.com\/@fr\/114600534637323590","error":""},"_links":{"self":[{"href":"https:\/\/www.europesays.com\/fr\/wp-json\/wp\/v2\/posts\/140807","targetHints":{"allow":["GET"]}}],"collection":[{"href":"https:\/\/www.europesays.com\/fr\/wp-json\/wp\/v2\/posts"}],"about":[{"href":"https:\/\/www.europesays.com\/fr\/wp-json\/wp\/v2\/types\/post"}],"author":[{"embeddable":true,"href":"https:\/\/www.europesays.com\/fr\/wp-json\/wp\/v2\/users\/2"}],"replies":[{"embeddable":true,"href":"https:\/\/www.europesays.com\/fr\/wp-json\/wp\/v2\/comments?post=140807"}],"version-history":[{"count":0,"href":"https:\/\/www.europesays.com\/fr\/wp-json\/wp\/v2\/posts\/140807\/revisions"}],"wp:featuredmedia":[{"embeddable":true,"href":"https:\/\/www.europesays.com\/fr\/wp-json\/wp\/v2\/media\/140808"}],"wp:attachment":[{"href":"https:\/\/www.europesays.com\/fr\/wp-json\/wp\/v2\/media?parent=140807"}],"wp:term":[{"taxonomy":"category","embeddable":true,"href":"https:\/\/www.europesays.com\/fr\/wp-json\/wp\/v2\/categories?post=140807"},{"taxonomy":"post_tag","embeddable":true,"href":"https:\/\/www.europesays.com\/fr\/wp-json\/wp\/v2\/tags?post=140807"}],"curies":[{"name":"wp","href":"https:\/\/api.w.org\/{rel}","templated":true}]}}