{"id":140809,"date":"2025-05-31T04:22:11","date_gmt":"2025-05-31T04:22:11","guid":{"rendered":"https:\/\/www.europesays.com\/fr\/140809\/"},"modified":"2025-05-31T04:22:11","modified_gmt":"2025-05-31T04:22:11","slug":"schiltigheim-le-chantier-du-centre-socioculturel-du-marais-a-46-millions-deuros-demarrera-enfin-en-2026","status":"publish","type":"post","link":"https:\/\/www.europesays.com\/fr\/140809\/","title":{"rendered":"Schiltigheim. Le chantier du centre socioculturel du Marais \u00e0 4,6\u00a0millions d\u2019euros d\u00e9marrera enfin en 2026"},"content":{"rendered":"<p>Au Marais, le centre socioculturel Adolphe-Sorgus, construit \u00e0 la fin des ann\u00e9es 1970, n\u2019est plus depuis longtemps au go\u00fbt du jour. Exigu et mal isol\u00e9, il ne correspond plus aux attentes du quartier. Et peine \u00e0 contenir les diff\u00e9rentes activit\u00e9s, qui vont de la petite enfance aux seniors.<\/p>\n<p>D\u00e8s son \u00e9lection en 2018, <a href=\"https:\/\/www.dna.fr\/politique\/2025\/03\/30\/a-schiltigheim-danielle-dambach-hesite-a-briguer-un-troisieme-mandat\" target=\"_blank\" rel=\"noopener\">la maire \u00e9cologiste Danielle Dambach<\/a> avait promis de lancer cette r\u00e9novation tant de fois r\u00e9clam\u00e9e. Une premi\u00e8re \u00e9tude fut men\u00e9e en 2020. Lorsque la majorit\u00e9 a d\u00fb r\u00e9duire ses ambitions en termes d\u2019investissements, suite aux diff\u00e9rentes crises qui se sont notamment traduites par une flamb\u00e9e du co\u00fbt des mat\u00e9riaux, <a href=\"https:\/\/www.dna.fr\/economie\/2023\/02\/03\/seance-mouvementee-au-conseil-municipal\" target=\"_blank\" rel=\"noopener\">le projet du&#8230;<\/a><\/p>\n","protected":false},"excerpt":{"rendered":"Au Marais, le centre socioculturel Adolphe-Sorgus, construit \u00e0 la fin des ann\u00e9es 1970, n\u2019est plus depuis longtemps au&hellip;\n","protected":false},"author":2,"featured_media":140810,"comment_status":"","ping_status":"","sticky":false,"template":"","format":"standard","meta":{"footnotes":""},"categories":[2820],"tags":[1111,11,1984,1687,2880,1777,674,107,1011,27,775,12,316,25,5512,104,640,3265,1631],"class_list":{"0":"post-140809","1":"post","2":"type-post","3":"status-publish","4":"format-standard","5":"has-post-thumbnail","7":"category-strasbourg","8":"tag-actu","9":"tag-actualites","10":"tag-conseil-municipal","11":"tag-culture-loisirs","12":"tag-edition-strasbourg","13":"tag-eu","14":"tag-europe","15":"tag-fil-info","16":"tag-fr","17":"tag-france","18":"tag-grand-est","19":"tag-news","20":"tag-politique","21":"tag-republique-francaise","22":"tag-schiltigheim","23":"tag-societe","24":"tag-strasbourg","25":"tag-strasbourg-nord","26":"tag-vie-associative"},"share_on_mastodon":{"url":"https:\/\/pubeurope.com\/@fr\/114600538846167534","error":""},"_links":{"self":[{"href":"https:\/\/www.europesays.com\/fr\/wp-json\/wp\/v2\/posts\/140809","targetHints":{"allow":["GET"]}}],"collection":[{"href":"https:\/\/www.europesays.com\/fr\/wp-json\/wp\/v2\/posts"}],"about":[{"href":"https:\/\/www.europesays.com\/fr\/wp-json\/wp\/v2\/types\/post"}],"author":[{"embeddable":true,"href":"https:\/\/www.europesays.com\/fr\/wp-json\/wp\/v2\/users\/2"}],"replies":[{"embeddable":true,"href":"https:\/\/www.europesays.com\/fr\/wp-json\/wp\/v2\/comments?post=140809"}],"version-history":[{"count":0,"href":"https:\/\/www.europesays.com\/fr\/wp-json\/wp\/v2\/posts\/140809\/revisions"}],"wp:featuredmedia":[{"embeddable":true,"href":"https:\/\/www.europesays.com\/fr\/wp-json\/wp\/v2\/media\/140810"}],"wp:attachment":[{"href":"https:\/\/www.europesays.com\/fr\/wp-json\/wp\/v2\/media?parent=140809"}],"wp:term":[{"taxonomy":"category","embeddable":true,"href":"https:\/\/www.europesays.com\/fr\/wp-json\/wp\/v2\/categories?post=140809"},{"taxonomy":"post_tag","embeddable":true,"href":"https:\/\/www.europesays.com\/fr\/wp-json\/wp\/v2\/tags?post=140809"}],"curies":[{"name":"wp","href":"https:\/\/api.w.org\/{rel}","templated":true}]}}