{"id":140811,"date":"2025-05-31T04:23:21","date_gmt":"2025-05-31T04:23:21","guid":{"rendered":"https:\/\/www.europesays.com\/fr\/140811\/"},"modified":"2025-05-31T04:23:21","modified_gmt":"2025-05-31T04:23:21","slug":"en-juin-a-strasbourg-de-lelectro-des-drames-familiaux-de-quoi-lire-et-de-quoi-voir","status":"publish","type":"post","link":"https:\/\/www.europesays.com\/fr\/140811\/","title":{"rendered":"En juin \u00e0 Strasbourg, de l&rsquo;\u00e9lectro, des drames familiaux, de quoi lire et de quoi voir"},"content":{"rendered":"<p>Si la saison des festivals s\u2019est bien lanc\u00e9e, le mois de juin \u00e0 Strasbourg permet une s\u00e9lection de rencontres culturelles allant du th\u00e9\u00e2tre \u00e0 la musique en passant par des \u00e9v\u00e8nements autour de la lecture.<\/p>\n<p><a href=\"https:\/\/www.rue89strasbourg.com\/abonnement\" rel=\"nofollow noopener\" target=\"_blank\"><img loading=\"lazy\" decoding=\"async\" width=\"970\" height=\"250\" src=\"https:\/\/www.europesays.com\/fr\/wp-content\/uploads\/2025\/05\/bannie\u0300re-autopromo-2025-desktop-1.gif\" alt=\"\" class=\"wp-image-343590\" style=\"width:792px\"\/><\/a><\/p>\n<p><a href=\"https:\/\/www.rue89strasbourg.com\/abonnement\" rel=\"nofollow noopener\" target=\"_blank\"><img loading=\"lazy\" decoding=\"async\" width=\"300\" height=\"300\" src=\"https:\/\/www.europesays.com\/fr\/wp-content\/uploads\/2025\/05\/bannieres@2x.png\" alt=\"\" class=\"wp-image-341656\"  \/><\/a><\/p>\n<p>Drames familiaux au festival D\u00e9mostratif<\/p>\n<p>D\u00e9mostratif, le festival des arts sc\u00e9niques \u00e9mergents, revient sur le campus universitaire de l\u2019Esplanade et \u00e0 La Pokop du 3 au 7 juin. Le th\u00e8me de cette \u00e9dition, Psychoses familiales,\u00a0se penche sur les dynamiques des familles, les violences, le deuil ou encore le symbole port\u00e9 par le fait d\u2019<a href=\"https:\/\/5elieu.strasbourg.eu\/agenda\/parler-pointu\/\" target=\"_blank\" rel=\"noreferrer noopener nofollow\">avoir un accent du sud lorsqu\u2019on vit dans le nord<\/a>.<\/p>\n<p>\u00ab\u00a0La famille est le premier cercle social que nous rencontrons. Il peut \u00eatre uni, violent, chaleureux, opaque, inexistant, aimant, grand ou petit, \u00e9loign\u00e9 ou resserr\u00e9\u00a0\u00bb, \u00e9crit Sacha Vilmar, qui a cr\u00e9\u00e9 et dirige le festival depuis huit ans.<\/p>\n<p>Pendant cinq jours, pi\u00e8ces de th\u00e9\u00e2tre, lectures, marionnette et concerts se succ\u00e8dent sur le campus. Parmi la programmation riche et vari\u00e9e, deux suggestions\u00a0: une pi\u00e8ce de th\u00e9\u00e2tre et un spectacle d\u00e9ambulatoire de marionnettes.<\/p>\n<p>Deux ou trois choses dont je suis s\u00fbre est mis en sc\u00e8ne par Manon Ay\u00e7oberry, de la compagnie strasbourgeoise l\u2019Onde. La pi\u00e8ce revisite le texte de l\u2019autrice am\u00e9ricaine lesbienne Dorothy Allison. Issue d\u2019une famille ouvri\u00e8re de Caroline du Sud, o\u00f9 les violences intra-familiales et sexuelles faisaient partie du quotidien, Dorothy Allison raconte son histoire et celle des femmes de sa famille\u00a0qui, comme elle, ont subi ces violences\u00a0: sa m\u00e8re, ses s\u0153urs, ses tantes, ses cousines. Manon Ay\u00e7oberry habille les com\u00e9diennes en karat\u00e9ka, car affronter son pass\u00e9 est souvent (ou toujours\u00a0?) une bataille. Trois actrices, une seule voix. Un \u00ab\u00a0je\u00a0\u00bb d\u00e9multipli\u00e9 \u00ab\u00a0pour ne pas avoir une seule adresse au public\u00a0\u00bb, explique Manon Ay\u00e7oberry. La pi\u00e8ce est pr\u00e9sent\u00e9e mardi 3 juin, \u00e0 La Pokop, \u00e0 21h.<\/p>\n<p>De l\u2019autre c\u00f4t\u00e9 du monde, spectacle de marionnettes, propose-t-il un th\u00e8me plus l\u00e9ger\u00a0? Pas certain. Un homme d\u2019une trentaine d\u2019ann\u00e9es vide sa maison d\u2019enfance, il a presque fini quand un myst\u00e9rieux objet retient toute son attention et l\u2019entra\u00eene vers ses souvenirs enfouis et ses peurs les plus abyssales. D\u00e8s lors, impossible de partir avant de savoir ce qui se cache \u00ab\u00a0dans le fond des armoires, ce qui dort sous la poussi\u00e8re du grenier\u00a0\u00bb. Accessible d\u00e8s 8 ans, le spectacle est port\u00e9 par le collectif r\u00e9mois Toter Winkel et est donn\u00e9 le mercredi 4 juin, \u00e0 10h, 14h et 16h \u00e0 la salle in quarto, dans le b\u00e2timent du Studium.<\/p>\n<p><img loading=\"lazy\" decoding=\"async\" width=\"792\" height=\"528\" src=\"https:\/\/www.europesays.com\/fr\/wp-content\/uploads\/2025\/05\/photo-4-ambiance-festival-teona-goreci-jpeg-792x528.jpg\" alt=\"\" class=\"wp-image-345212\"  \/><\/p>\n<p>Y <strong>aller<\/strong><\/p>\n<p><strong>Festival D\u00e9mostratif<\/strong>, du mardi 3 au samedi 7 juin, sur le campus universitaire de l\u2019Esplanade \u00e0 Strasbourg. La programmation compl\u00e8te est <a href=\"https:\/\/demostratif.fr\/programmation\/\" target=\"_blank\" rel=\"noreferrer noopener nofollow\">disponible en ligne<\/a>, l\u2019entr\u00e9e est libre et la <a href=\"https:\/\/demostratif.fr\/billetterie\/\" target=\"_blank\" rel=\"noreferrer noopener nofollow\">r\u00e9servation conseill\u00e9e<\/a>.<\/p>\n<p>\t\tL\u2019art en vitrine<\/p>\n<p>Du 2 au 21 juin, c\u2019est le rallye du livre. Pour cette deuxi\u00e8me \u00e9dition, le th\u00e8me choisi est \u00ab\u00a0L\u2019art s\u2019expose en vitrine\u00a0\u00bb. 24 librairies ind\u00e9pendantes de Strasbourg, Bischheim, Schiltigheim et de La Wantzenau d\u00e9dient une vitrine \u00e0 un \u00e9diteur local et un artiste l\u2019\u00e9labore. L\u2019occasion de d\u00e9couvrir des r\u00e9cits et des maisons d\u2019\u00e9dition mais \u00e9galement de sillonner les librairies eurom\u00e9tropolitaines et de voter pour la plus belle vitrine.<\/p>\n<p>Dans chaque librairie visit\u00e9e, il est possible de faire tamponner un carnet, un peu comme la cr\u00e9dencial sur le chemin de Saint-Jacques de Compostelle. Mais l\u00e0, c\u2019est le chemin de l\u2019\u00e9rudition (ou l\u2019\u00e9dition) que l\u2019on suit. Au bout de six tampons r\u00e9colt\u00e9s, il est possible de remporter un lot de livres. Le prix des lecteurs et le prix du jury r\u00e9compenseront deux artistes ayant r\u00e9alis\u00e9 les plus belles vitrines.<\/p>\n<p>\u00c0 la librairie du Quai des brumes, la vitrine mettra en avant la maison d\u2019\u00e9dition 2042 et le vernissage de la vitrine cr\u00e9\u00e9e par l\u2019artiste savernois Timoth\u00e9e Ostermann, aura lieu le 5 juin. Parmi les autres librairies participantes, citons \u00c7a va buller, le Camphrier, la Librairie des B\u00e2teliers ou encore la Bouquinette \u00e0 Strasbourg, le Totem \u00e0 Schiltigheim et Lignes de fuites \u00e0 Bischheim.<\/p>\n<p><img loading=\"lazy\" decoding=\"async\" width=\"717\" height=\"381\" src=\"https:\/\/www.europesays.com\/fr\/wp-content\/uploads\/2025\/05\/rallyedulivre.jpg\" alt=\"\" class=\"wp-image-345206\"  \/><\/p>\n<p>Y <strong>aller<\/strong><\/p>\n<p><strong>Rallye du Livre,<\/strong> du 2 au 21 juin dans plusieurs librairies de Strasbourg et de l\u2019Eurom\u00e9tropole. Programmation compl\u00e8te et liste des participants, et carnet \u00e0 faire tamponner <a href=\"https:\/\/www.calameo.com\/read\/007356233fcf892d8be77?utm_source=platform&amp;utm_medium=email&amp;utm_campaign=book_created&amp;utm_content=html&amp;utm_term=7356233\" target=\"_blank\" rel=\"noreferrer noopener nofollow\">sur le site de l\u2019\u00e9v\u00e8nement<\/a>. Entr\u00e9e libre.<\/p>\n<p>Vendre son \u00e2me au Syst\u00e8me pour r\u00e9ussir<\/p>\n<p>Faut-il vendre son \u00e2me au diable, ou ici, au Syst\u00e8me, pour r\u00e9ussir sa vie\u00a0? Telle est la question pos\u00e9e par la pi\u00e8ce de Dennis Kelly, L\u2019Abattage rituel de Gorge Mastromas, pr\u00e9sent\u00e9e au Cube Noir du 4 au 7 juin. Gorge a pass\u00e9 son enfance \u00e0 se comporter de la mani\u00e8re la plus correcte qui soit. Moralement irr\u00e9prochable, il ne se voit jamais r\u00e9compens\u00e9 pour son attitude.<\/p>\n<p>Un jour, l\u2019occasion de changer de camp se pr\u00e9sente et Gorge devient un des dirigeants les plus prosp\u00e8res de son pays. Par le mensonge et la dissimulation, il obtient tout ce qu\u2019il veut. Tout\u00a0? Vraiment\u00a0? La mise en sc\u00e8ne, sign\u00e9e Paul Hammerla de la compagnie l\u2019Artus, s\u2019articule en quatre mouvements. Certaines sc\u00e8nes sont musicales et dans\u00e9es quand d\u2019autres sont dialogu\u00e9es. Celles-ci mettent en exergue les moments clefs dans la vie de Gorge, ceux o\u00f9 tout bascule. L\u2019\u00e9ternelle question du bien et du mal et celle de la soif de r\u00e9ussite se posent avec, en toile de fond, la soci\u00e9t\u00e9 capitaliste.<\/p>\n<p>Y <strong>aller<\/strong><\/p>\n<p><strong>L\u2019abattage rituel de Gorge Mastromas<\/strong>, de Dennis Kelly, mis en sc\u00e8ne par Paul Hammerla par la compagnie l\u2019Artus, du 4 au 7 juin \u00e0 20h30, dimanche 8 juin \u00e0 17h au Cube Noir, 4 all\u00e9e du Sommerhof \u00e0 Strasbourg\u00a0\u2013 Koenigshoffen, <a href=\"https:\/\/artusasso.fr\/billetterie\/\" target=\"_blank\" rel=\"noreferrer noopener nofollow\">entr\u00e9e entre 6 et 12<\/a><a href=\"https:\/\/artusasso.fr\/billetterie\/\" rel=\"nofollow noopener\" target=\"_blank\">\u20ac<\/a>.<\/p>\n<p>Fais-moi rire\u2026 si tu peux<\/p>\n<p>La culture, \u00e7a peut aussi \u00eatre tr\u00e8s l\u00e9ger. Alors, rions un peu avec le rendez-vous stand-up du Laab qui revient le 24 juin. Le dernier th\u00e8me du Golry comedy club avant l\u2019\u00e9t\u00e9 est brillant puisqu\u2019il est <a href=\"https:\/\/www.sos-homophobie.org\/informer\/definitions\/queer\" target=\"_blank\" rel=\"noreferrer noopener nofollow\">queer<\/a>. Rendez-vous est donn\u00e9 \u00e0 toutes celles et ceux qui veulent se changer les id\u00e9es. <\/p>\n<p>Y <strong>aller<\/strong><\/p>\n<p><strong>Golry comedy club<\/strong>, mardi 24 juin \u00e0 20h au bar l\u2019amer \u00e0 boire (Laab), 1 rue du Bain Finkwiller, Strasbourg\u00a0\u2013 Petite France. Entr\u00e9e libre.<\/p>\n<p>Conf\u00e9rence gesticul\u00e9e\u00a0: la faim des temps<\/p>\n<p>Dans sa conf\u00e9rence gesticul\u00e9e, R\u00e9becca Forster raconte son rapport, dysfonctionnel, \u00e0 son corps. Longtemps elle a souffert de troubles de l\u2019alimentation d\u2019anorexie et de boulimie, dans le silence. Depuis 2022, elle prend la parole et fait le tour de France avec Un ventre \u00e0 taire. Gr\u00e2ce aux luttes f\u00e9ministes, elle a appris \u00e0 revisiter son pass\u00e9 et \u00e0 d\u00e9tricoter les raisons de ses troubles mentaux : \u00ab\u00a0Avec mon ukulele et avec plein de tendresse dessin\u00e9e dans les coins, je viens vous dire que toute ressemblance entre des \u00e9l\u00e9ments de mon parcours et des \u00e9l\u00e9ments du v\u00f4tre n\u2019est pas pure co\u00efncidence : elle est syst\u00e9mique.\u00a0\u00bb Sa conf\u00e9rence gesticul\u00e9e a lieu les 12, 15 et 18 juin dans diff\u00e9rents lieux de Strasbourg.<\/p>\n<p><img decoding=\"async\" src=\"https:\/\/www.europesays.com\/fr\/wp-content\/uploads\/2025\/05\/conf-gest-3.png\" alt=\"\" class=\"wp-image-345214\" style=\"width:461px;height:auto\"\/><\/p>\n<p>Y <strong>aller<\/strong><\/p>\n<p><strong>Conf\u00e9rence gesticul\u00e9e Un ventre \u00e0 taire<\/strong><\/p>\n<ul class=\"wp-block-list\">\n<li>jeudi 12 juin \u00e0 19h \u00e0 la Maison citoyenne, 2 rue du Grand Couronn\u00e9 \u00e0 Strasbourg\u00a0\u2013 Neudorf. <\/li>\n<li>dimanche 15 juin \u00e0 19h au Wagon Souk, rue du Rempart \u00e0 Strasbourg\u00a0\u2013 Gare, <\/li>\n<li>mercredi 18 juin \u00e0 19h \u00e0 la Grenze, rue Georges-Wodli \u00e0 Strasbourg\u00a0\u2013 Gare. <\/li>\n<\/ul>\n<p>Prix libre.<\/p>\n<p>\u00ab\u00a0Le silence de l\u2019acier\u00a0\u00bb en photos<\/p>\n<p>Originaire de Mulhouse, ancienne cit\u00e9 industrielle, le photographe Stephen Dock se penche sur les traces laiss\u00e9es par l\u2019industrie dans nos vies, dans nos villes. Invit\u00e9 par La Chambre (galerie d\u00e9di\u00e9e \u00e0 la photographie), Stephen Dock est en r\u00e9sidence dans le Grand Est.<\/p>\n<p>Le point de d\u00e9part de ce projet se situe dans l\u2019Ulster, au le Nord de l\u2019Irlande, puis explore l\u2019Europe de l\u2019Est en passant bien s\u00fbr par l\u2019Alsace et la Lorraine\u00a0: Hayange, Florange, Mulhouse\u2026 Outre les hauts-fourneaux et b\u00e2timents symboliques de cette \u00e8re industrielle, il pose son objectif en p\u00e9riph\u00e9rie pour dresser un portrait de cette p\u00e9riode pass\u00e9e et de son empreinte.<\/p>\n<p><img loading=\"lazy\" decoding=\"async\" width=\"792\" height=\"1187\" data-id=\"345227\" src=\"https:\/\/www.europesays.com\/fr\/wp-content\/uploads\/2025\/05\/stephen-dock-hayange-2024-72ppp-792x1187.jpg\" alt=\"\" class=\"wp-image-345227\"  \/> Stephen Dock, Hayange, 2024Photo\u00a0: \u00a9 Stephen Dock<\/p>\n<p><img loading=\"lazy\" decoding=\"async\" width=\"792\" height=\"1188\" data-id=\"345226\" src=\"https:\/\/www.europesays.com\/fr\/wp-content\/uploads\/2025\/05\/stephen-dock-liverpool-2018-792x1188.jpg\" alt=\"\" class=\"wp-image-345226\"  \/> Stephen Dock, Liverpool, 2018Photo\u00a0: \u00a9 Stephen Dock<\/p>\n<p>Y <strong>aller<\/strong><\/p>\n<p><strong>Le silence de l\u2019acier<\/strong>, exposition de Stephen Dock, du 21 juin au 7 septembre, mercredi au dimanche de 14h \u00e0 19h, \u00e0 La Chambre 4 place d\u2019Austerlitz \u00e7 Strasbourg\u00a0\u2013 Krutenau. Vernissage le 20 juin, \u00e0 18h. Entr\u00e9e libre. Fermeture estivale du 4 au 24 ao\u00fbt.<\/p>\n<p>Bouger au son de l\u2019\u00e9lectro\u00a0avec le contre-temps festival<\/p>\n<p><img loading=\"lazy\" decoding=\"async\" width=\"792\" height=\"415\" data-id=\"345210\" src=\"https:\/\/www.europesays.com\/fr\/wp-content\/uploads\/2025\/05\/ct25-we-like-prosumer-plus-792x415.jpg\" alt=\"\" class=\"wp-image-345210\"  \/><\/p>\n<p><img loading=\"lazy\" decoding=\"async\" width=\"792\" height=\"415\" data-id=\"345209\" src=\"https:\/\/www.europesays.com\/fr\/wp-content\/uploads\/2025\/05\/ct25-final-beat-plus1-792x415.jpg\" alt=\"\" class=\"wp-image-345209\"  \/><\/p>\n<p>Le festival de musique \u00e9lectro de Strasbourg a f\u00eat\u00e9 ses 20 ans en 2024 mais, covid oblige, organise sa 20\u00e8me \u00e9dition, du 18 au 28 juin. Au programme\u00a0: de la techno, de la house et du funk dans tout Strasbourg. Le festival s\u2019installe \u00e0 la P\u00e9niche m\u00e9canique, \u00e0 l\u2019Espace django en passant par les Studios du Rhin et le Maillon.<\/p>\n<p>Le \u00ab\u00a0pr\u00e9festival\u00a0\u00bb commence d\u00e8s le week-end du 31 mai au 1er juin avec la <a href=\"https:\/\/www.block-party.fr\/\" target=\"_blank\" rel=\"noreferrer noopener nofollow\">Block Party<\/a>. Sur la presqu\u2019\u00eele Malraux, des street artists grafferont, des breakdancers s\u2019affronteront, le tout sur du bon son et en plein air. Cet \u00e9v\u00e9nement est gratuit et ouvert \u00e0 tous.<\/p>\n<p>Deuxi\u00e8me pr\u00e9ambule clef du festival\u00a0: les immanquables <a href=\"https:\/\/www.contre-temps.net\/evenement\/pelouses-electroniques-2025\/\" target=\"_blank\" rel=\"noreferrer noopener nofollow\">Pelouses sonores<\/a>. Cet \u00e9v\u00e9nement gratuit a lieu les 7 et 8 juin au Jardin des deux rives. Le samedi, place aux DJs locaux comme <a href=\"https:\/\/www.rue89strasbourg.com\/frontieres-invisibles-recherche-teuf-perdue-188174\" target=\"_blank\" rel=\"noreferrer noopener nofollow\">Mute<\/a>, Mariad ou Miss Tricky pour une journ\u00e9e tr\u00e8s \u00e9lectro, suivie le soir par une session enti\u00e8rement f\u00e9minine, au Wagon Souk. Le dimanche, le programme est plus familial et vari\u00e9, avec des percussions et des concerts.<\/p>\n<p>Des grands noms nationaux et internationaux de l\u2019\u00e9lectro sont attendus \u00e0 Strasbourg\u00a0pendant le festival, comme le parisien DJ Guts, <a href=\"https:\/\/www.youtube.com\/watch?v=TDFvlb83APc\" target=\"_blank\" rel=\"noreferrer noopener nofollow\">c\u00e9l\u00e8bre pour sa reprise de Man Funk<\/a>, jeudi 19 juin \u00e0 la P\u00e9niche m\u00e9canique. Le DJ Prosumer, sp\u00e9cialiste de la house, se produira le lendemain \u00e0 partir de 23h, au Studio du Rhin. Ce natif de Sarrebruck a longtemps v\u00e9cu \u00e0 Berlin avant de d\u00e9m\u00e9nager en \u00c9cosse, \u00e0 \u00c9dimbourg. Il a roul\u00e9 sa bosse dans les plus grands bo\u00eetes d\u2019Europe et fait plusieurs Boiler rooms, une sc\u00e8ne itin\u00e9rante r\u00e9put\u00e9e.<\/p>\n<p>Mais la soir\u00e9e \u00e0\u00a0ne pas manquer, c\u2019est la soir\u00e9e finale au Maillon, The Final Beat. La f\u00eate s\u2019ach\u00e8vera au petit matin, vers 6-7h et le lieu peut accueillir jusqu\u2019\u00e0 1\u00a0300 personnes.<\/p>\n<p>Y <strong>aller<\/strong><\/p>\n<p><strong>Contre-temps festival<\/strong>, du 18 au 28 juin dans plusieurs lieux de Strasbourg, programmation compl\u00e8te \u00e0 <a href=\"https:\/\/www.contre-temps.net\/\" target=\"_blank\" rel=\"noreferrer noopener nofollow\">retrouver sur le site<\/a>, ainsi que <a href=\"https:\/\/www.contre-temps.net\/billetterie\/\" target=\"_blank\" rel=\"noreferrer noopener nofollow\">la billetterie<\/a> (tickets entre 5 et 25 euros). <\/p>\n","protected":false},"excerpt":{"rendered":"Si la saison des festivals s\u2019est bien lanc\u00e9e, le mois de juin \u00e0 Strasbourg permet une s\u00e9lection de&hellip;\n","protected":false},"author":2,"featured_media":140812,"comment_status":"","ping_status":"","sticky":false,"template":"","format":"standard","meta":{"footnotes":""},"categories":[2820],"tags":[1111,11,251,1777,674,26838,1011,27,775,12,25,19943,640,1347],"class_list":{"0":"post-140811","1":"post","2":"type-post","3":"status-publish","4":"format-standard","5":"has-post-thumbnail","7":"category-strasbourg","8":"tag-actu","9":"tag-actualites","10":"tag-culture","11":"tag-eu","12":"tag-europe","13":"tag-festival-contre-temps","14":"tag-fr","15":"tag-france","16":"tag-grand-est","17":"tag-news","18":"tag-republique-francaise","19":"tag-spectacles-agenda","20":"tag-strasbourg","21":"tag-theatre"},"share_on_mastodon":{"url":"https:\/\/pubeurope.com\/@fr\/114600542703164452","error":""},"_links":{"self":[{"href":"https:\/\/www.europesays.com\/fr\/wp-json\/wp\/v2\/posts\/140811","targetHints":{"allow":["GET"]}}],"collection":[{"href":"https:\/\/www.europesays.com\/fr\/wp-json\/wp\/v2\/posts"}],"about":[{"href":"https:\/\/www.europesays.com\/fr\/wp-json\/wp\/v2\/types\/post"}],"author":[{"embeddable":true,"href":"https:\/\/www.europesays.com\/fr\/wp-json\/wp\/v2\/users\/2"}],"replies":[{"embeddable":true,"href":"https:\/\/www.europesays.com\/fr\/wp-json\/wp\/v2\/comments?post=140811"}],"version-history":[{"count":0,"href":"https:\/\/www.europesays.com\/fr\/wp-json\/wp\/v2\/posts\/140811\/revisions"}],"wp:featuredmedia":[{"embeddable":true,"href":"https:\/\/www.europesays.com\/fr\/wp-json\/wp\/v2\/media\/140812"}],"wp:attachment":[{"href":"https:\/\/www.europesays.com\/fr\/wp-json\/wp\/v2\/media?parent=140811"}],"wp:term":[{"taxonomy":"category","embeddable":true,"href":"https:\/\/www.europesays.com\/fr\/wp-json\/wp\/v2\/categories?post=140811"},{"taxonomy":"post_tag","embeddable":true,"href":"https:\/\/www.europesays.com\/fr\/wp-json\/wp\/v2\/tags?post=140811"}],"curies":[{"name":"wp","href":"https:\/\/api.w.org\/{rel}","templated":true}]}}