{"id":140817,"date":"2025-05-31T04:27:26","date_gmt":"2025-05-31T04:27:26","guid":{"rendered":"https:\/\/www.europesays.com\/fr\/140817\/"},"modified":"2025-05-31T04:27:26","modified_gmt":"2025-05-31T04:27:26","slug":"une-jeune-femme-de-19-ans-poignardee-a-plusieurs-reprises-son-ex-compagnon-activement-recherche-2","status":"publish","type":"post","link":"https:\/\/www.europesays.com\/fr\/140817\/","title":{"rendered":"Une jeune femme de 19 ans poignard\u00e9e \u00e0 plusieurs reprises, son ex-compagnon activement recherch\u00e9"},"content":{"rendered":"<p>Ce jeudi 29\u00a0mai, juste avant 19 heures, une jeune femme \u00e2g\u00e9e de 19 ans a \u00e9t\u00e9 victime d\u2019une <a href=\"https:\/\/www.20minutes.fr\/societe\/feminicide\/\" class=\"color-ultramarine c-link\" target=\"_blank\" rel=\"noopener\">violente agression<\/a> de la part d\u2019un jeune homme de 18 ans, rue de la R\u00e9volution-des-\u0152illets \u00e0 <a href=\"https:\/\/www.20minutes.fr\/nantes\/\" class=\"color-ultramarine c-link\" target=\"_blank\" rel=\"noopener\">Nantes<\/a>, selon les informations de <a href=\"https:\/\/www.ouest-france.fr\/societe\/faits-divers\/a-nantes-une-jeune-femme-recoit-plusieurs-dizaines-de-coups-de-couteau-2ad27f18-3cc9-11f0-88b0-943c4d024772\" rel=\"nofollow noopener\" target=\"_blank\" class=\"color-ultramarine c-link\">Ouest-France<\/a>. Apr\u00e8s avoir inflig\u00e9 un grand nombre de coups de couteau, une quarantaine selon <a href=\"https:\/\/www.bfmtv.com\/police-justice\/nantes-une-femme-poignardee-a-de-nombreuses-reprises-son-ex-compagnon-recherche_AN-202505300383.html\" rel=\"nofollow noopener\" target=\"_blank\" class=\"color-ultramarine c-link\">BFM TV<\/a>, le suspect s\u2019est \u00e9chapp\u00e9.<\/p>\n<\/p>\n<p>C\u2019est un homme, t\u00e9moin de la sc\u00e8ne apr\u00e8s avoir quitt\u00e9 la mosqu\u00e9e, qui est venu en aide \u00e0 la jeune femme avec une autre personne. Malgr\u00e9 l\u2019intervention des deux hommes, l\u2019agresseur a r\u00e9ussi \u00e0 s\u2019enfuir.<\/p>\n<p>Le pronostic vital de la victime n\u2019est pas engag\u00e9<\/p>\n<p>D\u2019apr\u00e8s les premiers \u00e9l\u00e9ments de l\u2019enqu\u00eate, le suspect activement recherch\u00e9 serait l\u2019ancien partenaire de la victime. Le t\u00e9moin a alert\u00e9 les pompiers, tandis que l\u2019autre homme a contact\u00e9 la police, qui est vite arriv\u00e9e sur place, \u00e0 proximit\u00e9 du parc de la Roche.<\/p>\n<p>La victime a \u00e9t\u00e9 conduite au CHU de Nantes. Son pronostic vital n\u2019est pas engag\u00e9.<\/p>\n","protected":false},"excerpt":{"rendered":"Ce jeudi 29\u00a0mai, juste avant 19 heures, une jeune femme \u00e2g\u00e9e de 19 ans a \u00e9t\u00e9 victime d\u2019une&hellip;\n","protected":false},"author":2,"featured_media":140818,"comment_status":"","ping_status":"","sticky":false,"template":"","format":"standard","meta":{"footnotes":""},"categories":[2818],"tags":[1111,47,11,1120,6376,7623,1777,674,118,6944,3555,1011,27,3047,766,12,2636,25],"class_list":{"0":"post-140817","1":"post","2":"type-post","3":"status-publish","4":"format-standard","5":"has-post-thumbnail","7":"category-nantes","8":"tag-actu","9":"tag-actualite","10":"tag-actualites","11":"tag-agression","12":"tag-armes","13":"tag-coup-de-couteau","14":"tag-eu","15":"tag-europe","16":"tag-faits-divers","17":"tag-faits-divers-nantes","18":"tag-feminicide","19":"tag-fr","20":"tag-france","21":"tag-loire-atlantique","22":"tag-nantes","23":"tag-news","24":"tag-pays-de-la-loire","25":"tag-republique-francaise"},"share_on_mastodon":{"url":"https:\/\/pubeurope.com\/@fr\/114600558172017626","error":""},"_links":{"self":[{"href":"https:\/\/www.europesays.com\/fr\/wp-json\/wp\/v2\/posts\/140817","targetHints":{"allow":["GET"]}}],"collection":[{"href":"https:\/\/www.europesays.com\/fr\/wp-json\/wp\/v2\/posts"}],"about":[{"href":"https:\/\/www.europesays.com\/fr\/wp-json\/wp\/v2\/types\/post"}],"author":[{"embeddable":true,"href":"https:\/\/www.europesays.com\/fr\/wp-json\/wp\/v2\/users\/2"}],"replies":[{"embeddable":true,"href":"https:\/\/www.europesays.com\/fr\/wp-json\/wp\/v2\/comments?post=140817"}],"version-history":[{"count":0,"href":"https:\/\/www.europesays.com\/fr\/wp-json\/wp\/v2\/posts\/140817\/revisions"}],"wp:featuredmedia":[{"embeddable":true,"href":"https:\/\/www.europesays.com\/fr\/wp-json\/wp\/v2\/media\/140818"}],"wp:attachment":[{"href":"https:\/\/www.europesays.com\/fr\/wp-json\/wp\/v2\/media?parent=140817"}],"wp:term":[{"taxonomy":"category","embeddable":true,"href":"https:\/\/www.europesays.com\/fr\/wp-json\/wp\/v2\/categories?post=140817"},{"taxonomy":"post_tag","embeddable":true,"href":"https:\/\/www.europesays.com\/fr\/wp-json\/wp\/v2\/tags?post=140817"}],"curies":[{"name":"wp","href":"https:\/\/api.w.org\/{rel}","templated":true}]}}